{"id":13735,"date":"2026-04-21T01:00:00","date_gmt":"2026-04-20T23:00:00","guid":{"rendered":"http:\/\/blog.snowtrex.com\/de\/?p=13735"},"modified":"2026-04-21T12:01:25","modified_gmt":"2026-04-21T10:01:25","slug":"jazda-na-nartach-w-lecie","status":"publish","type":"post","link":"https:\/\/www.snowtrex.pl\/magazyn\/urlop-sporty-zimowe\/jazda-na-nartach-w-lecie\/","title":{"rendered":"Jazda na nartach latem: na tych letnich terenach narciarskich jest mo\u017cliwa"},"content":{"rendered":"<p><strong>W wielu o\u015brodkach narciarskich sezon narciarski ko\u0144czy si\u0119 pod koniec kwietnia. Nie oznacza to jednak, \u017ce prawdziwi fani stok\u00f3w w og\u00f3le nie mog\u0105 je\u017adzi\u0107 na nartach lub desce. Dla wszystkich tych, kt\u00f3rzy nie chc\u0105 odk\u0142ada\u0107 desek na letnie miesi\u0105ce, <a href=\"https:\/\/www.snowtrex.pl\/\" target=\"_blank\" rel=\"noopener noreferrer\">SnowTrex<\/a> przygotowa\u0142 list\u0119 teren\u00f3w narciarskich na ca\u0142ym \u015bwiecie, kt\u00f3re nie wy\u0142\u0105czaj\u0105 swoich wyci\u0105g\u00f3w w og\u00f3le lub tylko na kr\u00f3tki czas. Jazda na nartach latem jest mo\u017cliwa r\u00f3wnie\u017c tutaj!<\/strong><\/p>\n<div class=\"tt-post-image-wrapper tt-post-image-wrapper-full\">\n            <div class=\"tt-image-copyright-container\">\n                <a href=\"https:\/\/www.snowtrex.pl\/magazyn\/files\/2022\/05\/RS4945_shutterstock_321268706-scr.jpg\" target=\"_blank\" rel=\"noopener\"><img loading=\"lazy\" decoding=\"async\" data-wrapped=\"true\" class=\"wp-image-53339 size-Artikelbild_gro\u00df\" title=\"Lato nie oznacza, \u017ce urlopowicze musz\u0105 rezygnowa\u0107 z jazdy na nartach.\" src=\"https:\/\/www.snowtrex.pl\/magazyn\/files\/2022\/05\/RS4945_shutterstock_321268706-scr-729x486.jpg\" alt=\"Lato nie oznacza, \u017ce urlopowicze musz\u0105 rezygnowa\u0107 z jazdy na nartach.\" width=\"729\" height=\"486\" srcset=\"https:\/\/www.snowtrex.pl\/magazyn\/files\/2022\/05\/RS4945_shutterstock_321268706-scr-729x486.jpg 729w, https:\/\/www.snowtrex.pl\/magazyn\/files\/2022\/05\/RS4945_shutterstock_321268706-scr-300x200.jpg 300w, https:\/\/www.snowtrex.pl\/magazyn\/files\/2022\/05\/RS4945_shutterstock_321268706-scr-1024x684.jpg 1024w, https:\/\/www.snowtrex.pl\/magazyn\/files\/2022\/05\/RS4945_shutterstock_321268706-scr-600x401.jpg 600w, https:\/\/www.snowtrex.pl\/magazyn\/files\/2022\/05\/RS4945_shutterstock_321268706-scr-468x312.jpg 468w, https:\/\/www.snowtrex.pl\/magazyn\/files\/2022\/05\/RS4945_shutterstock_321268706-scr-999x666.jpg 999w, https:\/\/www.snowtrex.pl\/magazyn\/files\/2022\/05\/RS4945_shutterstock_321268706-scr-645x430.jpg 645w, https:\/\/www.snowtrex.pl\/magazyn\/files\/2022\/05\/RS4945_shutterstock_321268706-scr-552x368.jpg 552w, https:\/\/www.snowtrex.pl\/magazyn\/files\/2022\/05\/RS4945_shutterstock_321268706-scr-405x270.jpg 405w, https:\/\/www.snowtrex.pl\/magazyn\/files\/2022\/05\/RS4945_shutterstock_321268706-scr-336x224.jpg 336w, https:\/\/www.snowtrex.pl\/magazyn\/files\/2022\/05\/RS4945_shutterstock_321268706-scr-276x184.jpg 276w, https:\/\/www.snowtrex.pl\/magazyn\/files\/2022\/05\/RS4945_shutterstock_321268706-scr-234x156.jpg 234w, https:\/\/www.snowtrex.pl\/magazyn\/files\/2022\/05\/RS4945_shutterstock_321268706-scr-192x128.jpg 192w, https:\/\/www.snowtrex.pl\/magazyn\/files\/2022\/05\/RS4945_shutterstock_321268706-scr-120x80.jpg 120w, https:\/\/www.snowtrex.pl\/magazyn\/files\/2022\/05\/RS4945_shutterstock_321268706-scr-30x20.jpg 30w, https:\/\/www.snowtrex.pl\/magazyn\/files\/2022\/05\/RS4945_shutterstock_321268706-scr.jpg 1440w\" sizes=\"(min-width: 1009px) 729px, (min-width: 819px) 594px, (min-width: 569px) 729px, (min-width: 449px) 468px, 348px\" \/><\/a><div class=\"tt-image-copyright\" data-image-id=\"53339\">\u00a9 IM_photo\/shutterstock.de<\/div>\n            <\/div>\n            <div class=\"tt-post-caption\">Lato nie oznacza, \u017ce urlopowicze musz\u0105 rezygnowa\u0107 z jazdy na nartach.<\/div>\n         <\/div > \n<p><div class=\"tt-table-of-content\">\n                <span class=\"tt-icon-circle-up tt-table-of-content-button\"><\/span><\/p>\n<div class=\"tt-table-of-content-caption\">\n                    Spis tre\u015bci\n                <\/div>\n<div class=\"tt-table-of-content-body\">\n                    <a href=\"#letnie-o\u015brodki-narciarskie-w-skr\u00f3cie\"><span class=\"layer-0\">Letnie o\u015brodki narciarskie w skr\u00f3cie<\/span><\/a><a href=\"#lodowiec-hintertuxaustria\"><span class=\"layer-0\">Lodowiec Hintertux\/Austria<\/span><\/a><a href=\"#kitzsteinhornaustria\"><span class=\"layer-0\">Kitzsteinhorn\/Austria<\/span><\/a><a href=\"#lodowiec-dachsteinaustria\"><span class=\"layer-0\">Lodowiec Dachstein\/Austria<\/span><\/a><a href=\"#lodowiec-kaunertalaustria\"><span class=\"layer-0\">Lodowiec Kaunertal\/Austria<\/span><\/a><a href=\"#lodowiec-m\u00f6lltalaustria\"><span class=\"layer-0\">Lodowiec M\u00f6lltal\/Austria<\/span><\/a><a href=\"#lodowiec-stubaiaustria\"><span class=\"layer-0\">Lodowiec Stubai\/Austria<\/span><\/a><a href=\"#les-2-alpesfrancja\"><span class=\"layer-0\">Les 2 Alpes\/Francja<\/span><\/a><a href=\"#tignesfrancja\"><span class=\"layer-0\">Tignes\/Francja<\/span><\/a><a href=\"#zermattszwajcaria\"><span class=\"layer-0\">Zermatt\/Szwajcaria<\/span><\/a><a href=\"#saas-feeszwajcaria\"><span class=\"layer-0\">Saas-Fee\/Szwajcaria<\/span><\/a><a href=\"#stelviow\u0142ochy\"><span class=\"layer-0\">Stelvio\/W\u0142ochy<\/span><\/a><a href=\"#mammoth-mountainusa\"><span class=\"layer-0\">Mammoth Mountain\/USA<\/span><\/a><a href=\"#timberlineusa\"><span class=\"layer-0\">Timberline\/USA<\/span><\/a><a href=\"#whistlerkanada\"><span class=\"layer-0\">Whistler\/Kanada<\/span><\/a>\n                 <\/div>\n<\/p><\/div>\n<hr>\n<h2 id=\"letnie-o\u015brodki-narciarskie-w-skr\u00f3cie\">Letnie o\u015brodki narciarskie w skr\u00f3cie<\/h2>\n\n<table id=\"tablepress-46\" class=\"tablepress tablepress-id-46\">\n<thead>\n<tr class=\"row-1\">\n\t<th class=\"column-1\"><strong>Teren narciarski<\/strong><\/th><th class=\"column-2\"><strong>Kraj<\/strong><\/th><th class=\"column-3\"><strong>Maksymalna wysoko\u015b\u0107 w metrach<\/strong><\/th>\n<\/tr>\n<\/thead>\n<tbody class=\"row-striping row-hover\">\n<tr class=\"row-2\">\n\t<td class=\"column-1\"><a href=\"https:\/\/www.snowtrex.pl\/austria\/hintertux\/teren-narciarski.html\" target=\"_blank\" rel=\"noopener noreferrer\">Hintertuxer Gletscher<\/a><\/td><td class=\"column-2\">Austria<\/td><td class=\"column-3\">3.250 m<\/td>\n<\/tr>\n<tr class=\"row-3\">\n\t<td class=\"column-1\"><a href=\"https:\/\/www.snowtrex.pl\/austria\/kaprun\/narty.html\" target=\"_blank\" rel=\"noopener noreferrer\">Kitzsteinhorn<\/a><\/td><td class=\"column-2\">Austria<\/td><td class=\"column-3\">3.029 m<\/td>\n<\/tr>\n<tr class=\"row-4\">\n\t<td class=\"column-1\"><a href=\"https:\/\/www.snowtrex.pl\/austria\/ramsau_am_dachstein\/teren-narciarski.html\" target=\"_blank\" rel=\"noopener noreferrer\">Dachsteingletscher<\/a><\/td><td class=\"column-2\">Austria<\/td><td class=\"column-3\">2.700 m<\/td>\n<\/tr>\n<tr class=\"row-5\">\n\t<td class=\"column-1\"><a href=\"https:\/\/www.snowtrex.pl\/austria\/lodowiec_kaunertal\/narty.html\" target=\"_blank\" rel=\"noopener noreferrer\">Kaunertaler Gletscher<\/a><\/td><td class=\"column-2\">Austria<\/td><td class=\"column-3\">3.113 m<\/td>\n<\/tr>\n<tr class=\"row-6\">\n\t<td class=\"column-1\"><a href=\"https:\/\/www.snowtrex.pl\/austria\/lodowiec_moelltal\/narty.html\" target=\"_blank\" rel=\"noopener noreferrer\">M\u00f6lltaler Gletscher<\/a><\/td><td class=\"column-2\">Austria<\/td><td class=\"column-3\">3.122 m<\/td>\n<\/tr>\n<tr class=\"row-7\">\n\t<td class=\"column-1\"><a href=\"https:\/\/www.snowtrex.pl\/austria\/dolina_stubai\/narty.html\" target=\"_blank\" rel=\"noopener noreferrer\">Stubaier Gletscher<\/a><\/td><td class=\"column-2\">Austria<\/td><td class=\"column-3\">3.212 m<\/td>\n<\/tr>\n<tr class=\"row-8\">\n\t<td class=\"column-1\"><a href=\"https:\/\/www.snowtrex.pl\/francja\/les_2_alpes\/narty.html\" target=\"_blank\" rel=\"noopener noreferrer\">Les 2 Alpes<\/a><\/td><td class=\"column-2\">Francja<\/td><td class=\"column-3\">3.523 m<\/td>\n<\/tr>\n<tr class=\"row-9\">\n\t<td class=\"column-1\"><a href=\"https:\/\/www.snowtrex.pl\/francja\/tignes\/narty.html\" target=\"_blank\" rel=\"noopener noreferrer\">Tignes<\/a><\/td><td class=\"column-2\">Francja<\/td><td class=\"column-3\">3.456 m<\/td>\n<\/tr>\n<tr class=\"row-10\">\n\t<td class=\"column-1\"><a href=\"https:\/\/www.snowtrex.pl\/szwajcaria\/zermatt\/narty.html\" target=\"_blank\" rel=\"noopener noreferrer\">Zermatt<\/a><\/td><td class=\"column-2\">Szwajcaria<\/td><td class=\"column-3\">3.899 m<\/td>\n<\/tr>\n<tr class=\"row-11\">\n\t<td class=\"column-1\"><a href=\"https:\/\/www.snowtrex.pl\/szwajcaria\/saas-fee\/narty.html\" target=\"_blank\" rel=\"noopener noreferrer\">Saas-Fee<\/a><\/td><td class=\"column-2\">Szwajcaria<\/td><td class=\"column-3\">3.573 m<\/td>\n<\/tr>\n<tr class=\"row-12\">\n\t<td class=\"column-1\"><a href=\"https:\/\/www.snowtrex.pl\/wlochy\/prad_am_stilfserjoch\/narty.html\" target=\"_blank\" rel=\"noopener noreferrer\">Stilfser Joch<\/a><\/td><td class=\"column-2\">W\u0142ochy<\/td><td class=\"column-3\">3.450 m<\/td>\n<\/tr>\n<tr class=\"row-13\">\n\t<td class=\"column-1\">Mammoth Mountain<\/td><td class=\"column-2\">USA<\/td><td class=\"column-3\">3.369 m<\/td>\n<\/tr>\n<tr class=\"row-14\">\n\t<td class=\"column-1\">Timberline<\/td><td class=\"column-2\">USA<\/td><td class=\"column-3\">2.603 m<\/td>\n<\/tr>\n<tr class=\"row-15\">\n\t<td class=\"column-1\">Whistler<\/td><td class=\"column-2\">Kanada<\/td><td class=\"column-3\">2.284 m<\/td>\n<\/tr>\n<\/tbody>\n<\/table>\n<!-- #tablepress-46 from cache -->\n<h2 id=\"lodowiec-hintertuxaustria\">Lodowiec Hintertux\/Austria<\/h2>\n<p><a href=\"https:\/\/www.snowtrex.pl\/austria\/hintertux\/teren-narciarski.html\" target=\"_blank\" rel=\"noopener\">Lodowiec Hintertux<\/a> jest jedynym terenem narciarskim w Austrii, kt\u00f3ry jest dost\u0119pny dla narciarzy przez 365 dni w roku. Gdy pogoda jest optymalna, latem mo\u017cna je\u017adzi\u0107 na nartach na 22 kilometrach tras narciarskich do wysoko\u015bci 3250 m, obs\u0142ugiwanych przez dziewi\u0119\u0107 wyci\u0105g\u00f3w. Mi\u0142o\u015bnicy freestyle&#8217;u r\u00f3wnie\u017c znajd\u0105 co\u015b dla siebie w Betterpark, gdzie motto na halfpipe, licznych boxach, table i railach brzmi: wy\u017cej, szybciej, dalej.<\/p>\n<p>Chcesz troch\u0119 d\u0142u\u017cej wyszale\u0107 si\u0119 na nartach? Latem, przy odpowiednich warunkach \u015bniegowych, nie stanowi to problemu na lodowcu Hintertux:<\/p>\n<figure class=\"wp-block-embed-youtube wp-block-embed is-type-video is-provider-youtube wp-embed-aspect-16-9 wp-has-aspect-ratio\"><div class=\"lyte-wrapper\" title=\"My kind of summer - Hintertux Austria\" style=\"width:853px;max-width:100%;margin:5px auto;\"><div class=\"lyMe\" id=\"WYL_knp-xnWJzko\" itemprop=\"video\" itemscope itemtype=\"https:\/\/schema.org\/VideoObject\"><div><meta itemprop=\"thumbnailUrl\" content=\"https:\/\/www.snowtrex.pl\/magazyn\/wp-content\/plugins\/wp-youtube-lyte\/lyteCache.php?origThumbUrl=https%3A%2F%2Fi.ytimg.com%2Fvi%2Fknp-xnWJzko%2Fhqdefault.jpg\" \/><meta itemprop=\"embedURL\" content=\"https:\/\/www.youtube.com\/embed\/knp-xnWJzko\" \/><meta itemprop=\"duration\" content=\"PT6M48S\" \/><meta itemprop=\"uploadDate\" content=\"2020-10-09T15:40:14Z\" \/><\/div><div id=\"lyte_knp-xnWJzko\" data-src=\"https:\/\/www.snowtrex.pl\/magazyn\/wp-content\/plugins\/wp-youtube-lyte\/lyteCache.php?origThumbUrl=https%3A%2F%2Fi.ytimg.com%2Fvi%2Fknp-xnWJzko%2Fhqdefault.jpg\" class=\"pL\"><div class=\"tC\"><div class=\"tT\" itemprop=\"name\">My kind of summer - Hintertux Austria<\/div><\/div><div class=\"play\"><\/div><div class=\"ctrl\"><div class=\"Lctrl\"><\/div><div class=\"Rctrl\"><\/div><\/div><\/div><noscript><a href=\"http:\/\/youtu.be\/knp-xnWJzko\" rel=\"nofollow\"><img loading=\"lazy\" decoding=\"async\" src=\"https:\/\/www.snowtrex.pl\/magazyn\/wp-content\/plugins\/wp-youtube-lyte\/lyteCache.php?origThumbUrl=http%3A%2F%2Fi.ytimg.com%2Fvi%2Fknp-xnWJzko%2F0.jpg\" alt=\"My kind of summer - Hintertux Austria\" width=\"853\" height=\"460\" \/><br \/>Watch this video on YouTube<\/a><\/noscript><meta itemprop=\"description\" content=\"Me and my buddies having a blast snowboarding in Hintertux Austria. big thanks to: Hinter tux Gletscher Austria Bangerpark Tirol Snowpark betterpark Hintertux\"><\/div><\/div><div class=\"lL\" style=\"max-width:100%;width:853px;margin:5px auto;\"><br\/><span class=\"lyte_disclaimer\">Please also note that by using our services and integrating the YouTube API Services, the <a href=\"https:\/\/www.youtube.com\/t\/terms\">YouTube Terms of Service<\/a> and the <a href=\"https:\/\/developers.google.com\/youtube\/terms\/api-services-terms-of-service-emea\">YouTube API Services Terms<\/a> apply and your use of our website is deemed to be acceptance of these terms.<\/span><\/div><figcaption><\/figcaption><\/figure>\n<h2 id=\"kitzsteinhornaustria\">Kitzsteinhorn\/Austria<\/h2>\n<p>Na <a href=\"https:\/\/www.snowtrex.pl\/magazyn\/osrodki-narciarskie\/urlop-zimowy-kitzsteinhorn\/\" target=\"_blank\" rel=\"noopener noreferrer\">Kitzsteinhorn<\/a> powy\u017cej Kaprun w pi\u0119knej prowincji Salzburg, nic nie stoi na przeszkodzie, aby bawi\u0107 si\u0119 na stoku nawet latem &#8211; z ma\u0142ymi przerwami. Miejsce to sta\u0142o si\u0119 znane jako pierwszy austriacki teren narciarski na lodowcu i jest szczeg\u00f3lnie popularne w\u015br\u00f3d narciarzy rekreacyjnych. Snowpark r\u00f3wnie\u017c nie jest otwarty przez ca\u0142y czas, ale jest dost\u0119pny codziennie do ko\u0144ca maja i od pa\u017adziernika.<\/p>\n<div class=\"tt-post-image-wrapper tt-post-image-wrapper-full\">\n            <div class=\"tt-image-copyright-container\">\n                <a href=\"https:\/\/www.snowtrex.pl\/magazyn\/files\/2022\/06\/RS16303_shutterstock_455651557-scr-1.jpg\" target=\"_blank\" rel=\"noopener\"><img loading=\"lazy\" decoding=\"async\" data-wrapped=\"true\" class=\"wp-image-53917 size-Artikelbild_gro\u00df\" title=\"Jazda na nartach na Kitzsteinhorn - mo\u017cliwa r\u00f3wnie\u017c latem.\" src=\"https:\/\/www.snowtrex.pl\/magazyn\/files\/2022\/06\/RS16303_shutterstock_455651557-scr-1-729x486.jpg\" alt=\"Jazda na nartach na Kitzsteinhorn - mo\u017cliwa r\u00f3wnie\u017c latem.\" width=\"729\" height=\"486\" srcset=\"https:\/\/www.snowtrex.pl\/magazyn\/files\/2022\/06\/RS16303_shutterstock_455651557-scr-1-729x486.jpg 729w, https:\/\/www.snowtrex.pl\/magazyn\/files\/2022\/06\/RS16303_shutterstock_455651557-scr-1-300x200.jpg 300w, https:\/\/www.snowtrex.pl\/magazyn\/files\/2022\/06\/RS16303_shutterstock_455651557-scr-1-1024x683.jpg 1024w, https:\/\/www.snowtrex.pl\/magazyn\/files\/2022\/06\/RS16303_shutterstock_455651557-scr-1-600x400.jpg 600w, https:\/\/www.snowtrex.pl\/magazyn\/files\/2022\/06\/RS16303_shutterstock_455651557-scr-1-468x312.jpg 468w, https:\/\/www.snowtrex.pl\/magazyn\/files\/2022\/06\/RS16303_shutterstock_455651557-scr-1-999x666.jpg 999w, https:\/\/www.snowtrex.pl\/magazyn\/files\/2022\/06\/RS16303_shutterstock_455651557-scr-1-645x430.jpg 645w, https:\/\/www.snowtrex.pl\/magazyn\/files\/2022\/06\/RS16303_shutterstock_455651557-scr-1-552x368.jpg 552w, https:\/\/www.snowtrex.pl\/magazyn\/files\/2022\/06\/RS16303_shutterstock_455651557-scr-1-405x270.jpg 405w, https:\/\/www.snowtrex.pl\/magazyn\/files\/2022\/06\/RS16303_shutterstock_455651557-scr-1-336x224.jpg 336w, https:\/\/www.snowtrex.pl\/magazyn\/files\/2022\/06\/RS16303_shutterstock_455651557-scr-1-276x184.jpg 276w, https:\/\/www.snowtrex.pl\/magazyn\/files\/2022\/06\/RS16303_shutterstock_455651557-scr-1-234x156.jpg 234w, https:\/\/www.snowtrex.pl\/magazyn\/files\/2022\/06\/RS16303_shutterstock_455651557-scr-1-192x128.jpg 192w, https:\/\/www.snowtrex.pl\/magazyn\/files\/2022\/06\/RS16303_shutterstock_455651557-scr-1-120x80.jpg 120w, https:\/\/www.snowtrex.pl\/magazyn\/files\/2022\/06\/RS16303_shutterstock_455651557-scr-1-30x20.jpg 30w, https:\/\/www.snowtrex.pl\/magazyn\/files\/2022\/06\/RS16303_shutterstock_455651557-scr-1.jpg 1440w\" sizes=\"(min-width: 1009px) 729px, (min-width: 819px) 594px, (min-width: 569px) 729px, (min-width: 449px) 468px, 348px\" \/><\/a><div class=\"tt-image-copyright\" data-image-id=\"53917\">\u00a9 Luboslav Tiles\/shutterstock.de<\/div>\n            <\/div>\n            <div class=\"tt-post-caption\">Jazda na nartach na Kitzsteinhorn &#8211; mo\u017cliwa r\u00f3wnie\u017c latem.<\/div>\n         <\/div > \n<h2 id=\"lodowiec-dachsteinaustria\">Lodowiec Dachstein\/Austria<\/h2>\n<p>18 kilometr\u00f3w przygotowanych stok\u00f3w i Horsefeather Superpark zapraszaj\u0105 do zabawy na \u015bniegu latem na <a href=\"https:\/\/www.snowtrex.pl\/austria\/pichl\/teren-narciarski.html\" target=\"_blank\" rel=\"noopener\">lodowcu Dachstein<\/a>. Centrum treningowe biathlonu i narciarstwa biegowego jest bardzo popularne w\u015br\u00f3d wielu mi\u0119dzynarodowych sportowc\u00f3w. Dlatego entuzja\u015bci sport\u00f3w zimowych powinni zawsze mie\u0107 oczy szeroko otwarte, aby sprawdzi\u0107, czy nie natkn\u0105 si\u0119 na jednego z profesjonalist\u00f3w. Alternatyw\u0105 dla jazdy na nartach jest r\u00f3wnie\u017c Dachstein Skywalk, Dachstein Ice Palace i Glacier Restaurant. Zdecydowanie powinny one znale\u017a\u0107 si\u0119 na Twojej li\u015bcie rzeczy do zobaczenia.<\/p>\n<div class=\"tt-post-image-wrapper tt-post-image-wrapper-full\">\n            <div class=\"tt-image-copyright-container\">\n                <a href=\"https:\/\/www.snowtrex.pl\/magazyn\/files\/2022\/06\/RS16561_shutterstock_1082145095-bearbeitet-scr-1.jpg\" target=\"_blank\" rel=\"noopener\"><img loading=\"lazy\" decoding=\"async\" data-wrapped=\"true\" class=\"wp-image-53918 size-Artikelbild_gro\u00df\" title=\"Na stok! Wok\u00f3\u0142 Dachstein jest to mo\u017cliwe prawie przez ca\u0142y rok dzi\u0119ki doskona\u0142emu terenowi narciarskiemu na lodowcu.\" src=\"https:\/\/www.snowtrex.pl\/magazyn\/files\/2022\/06\/RS16561_shutterstock_1082145095-bearbeitet-scr-1-729x486.jpg\" alt=\"Na stok! Wok\u00f3\u0142 Dachstein jest to mo\u017cliwe prawie przez ca\u0142y rok dzi\u0119ki doskona\u0142emu terenowi narciarskiemu na lodowcu.\" width=\"729\" height=\"486\" srcset=\"https:\/\/www.snowtrex.pl\/magazyn\/files\/2022\/06\/RS16561_shutterstock_1082145095-bearbeitet-scr-1-729x486.jpg 729w, https:\/\/www.snowtrex.pl\/magazyn\/files\/2022\/06\/RS16561_shutterstock_1082145095-bearbeitet-scr-1-300x200.jpg 300w, https:\/\/www.snowtrex.pl\/magazyn\/files\/2022\/06\/RS16561_shutterstock_1082145095-bearbeitet-scr-1-1024x683.jpg 1024w, https:\/\/www.snowtrex.pl\/magazyn\/files\/2022\/06\/RS16561_shutterstock_1082145095-bearbeitet-scr-1-600x400.jpg 600w, https:\/\/www.snowtrex.pl\/magazyn\/files\/2022\/06\/RS16561_shutterstock_1082145095-bearbeitet-scr-1-468x312.jpg 468w, https:\/\/www.snowtrex.pl\/magazyn\/files\/2022\/06\/RS16561_shutterstock_1082145095-bearbeitet-scr-1-999x666.jpg 999w, https:\/\/www.snowtrex.pl\/magazyn\/files\/2022\/06\/RS16561_shutterstock_1082145095-bearbeitet-scr-1-645x430.jpg 645w, https:\/\/www.snowtrex.pl\/magazyn\/files\/2022\/06\/RS16561_shutterstock_1082145095-bearbeitet-scr-1-552x368.jpg 552w, https:\/\/www.snowtrex.pl\/magazyn\/files\/2022\/06\/RS16561_shutterstock_1082145095-bearbeitet-scr-1-405x270.jpg 405w, https:\/\/www.snowtrex.pl\/magazyn\/files\/2022\/06\/RS16561_shutterstock_1082145095-bearbeitet-scr-1-336x224.jpg 336w, https:\/\/www.snowtrex.pl\/magazyn\/files\/2022\/06\/RS16561_shutterstock_1082145095-bearbeitet-scr-1-276x184.jpg 276w, https:\/\/www.snowtrex.pl\/magazyn\/files\/2022\/06\/RS16561_shutterstock_1082145095-bearbeitet-scr-1-234x156.jpg 234w, https:\/\/www.snowtrex.pl\/magazyn\/files\/2022\/06\/RS16561_shutterstock_1082145095-bearbeitet-scr-1-192x128.jpg 192w, https:\/\/www.snowtrex.pl\/magazyn\/files\/2022\/06\/RS16561_shutterstock_1082145095-bearbeitet-scr-1-120x80.jpg 120w, https:\/\/www.snowtrex.pl\/magazyn\/files\/2022\/06\/RS16561_shutterstock_1082145095-bearbeitet-scr-1-30x20.jpg 30w, https:\/\/www.snowtrex.pl\/magazyn\/files\/2022\/06\/RS16561_shutterstock_1082145095-bearbeitet-scr-1.jpg 1440w\" sizes=\"(min-width: 1009px) 729px, (min-width: 819px) 594px, (min-width: 569px) 729px, (min-width: 449px) 468px, 348px\" \/><\/a><div class=\"tt-image-copyright\" data-image-id=\"53918\">\u00a9 Luboslav Tiles\/shutterstock.de<\/div>\n            <\/div>\n            <div class=\"tt-post-caption\">Na stok! Wok\u00f3\u0142 Dachstein jest to mo\u017cliwe prawie przez ca\u0142y rok dzi\u0119ki doskona\u0142emu terenowi narciarskiemu na lodowcu.<\/div>\n         <\/div > \n<h2 id=\"lodowiec-kaunertalaustria\">Lodowiec Kaunertal\/Austria<\/h2>\n<p><a href=\"https:\/\/www.snowtrex.pl\/austria\/feichten\/teren-narciarski.html\" target=\"_blank\" rel=\"noopener noreferrer\">Najm\u0142odszy lodowiec Tyrolu<\/a> ma r\u00f3wnie\u017c niewielki, ale doskona\u0142y letni teren narciarski. Tutaj niski sezon trwa zwykle co najmniej do po\u0142owy maja. Bardzo praktyczn\u0105 cech\u0105 jest droga, kt\u00f3r\u0105 odwiedzaj\u0105cy mog\u0105 dojecha\u0107 do restauracji na lodowcu na wysoko\u015bci 2750 metr\u00f3w. Przed panoram\u0105 Wei\u00dfseespitze (3535 m n.p.m.) z Karlesspitze i Falgingjoch wije si\u0119 oko\u0142o 21 km tras narciarskich o przewa\u017cnie \u0142atwym poziomie trudno\u015bci. Dzi\u0119ki snowparkowi i przestronnemu obszarowi treningowemu, na terenie na lodowcu mo\u017cna si\u0119 dobrze bawi\u0107.<\/p>\n<div class=\"tt-post-image-wrapper tt-post-image-wrapper-full\">\n            <div class=\"tt-image-copyright-container\">\n                <a href=\"https:\/\/www.snowtrex.pl\/magazyn\/files\/2022\/06\/RS26481_shutterstock_1708618774-scr-1.jpg\" target=\"_blank\" rel=\"noopener\"><img loading=\"lazy\" decoding=\"async\" data-wrapped=\"true\" class=\"wp-image-53919 size-Artikelbild_gro\u00df\" title=\"Najm\u0142odszy lodowiec Tyrolu ma r\u00f3wnie\u017c letni teren narciarski.\" src=\"https:\/\/www.snowtrex.pl\/magazyn\/files\/2022\/06\/RS26481_shutterstock_1708618774-scr-1-729x486.jpg\" alt=\"Najm\u0142odszy lodowiec Tyrolu ma r\u00f3wnie\u017c letni teren narciarski.\" width=\"729\" height=\"486\" srcset=\"https:\/\/www.snowtrex.pl\/magazyn\/files\/2022\/06\/RS26481_shutterstock_1708618774-scr-1-729x486.jpg 729w, https:\/\/www.snowtrex.pl\/magazyn\/files\/2022\/06\/RS26481_shutterstock_1708618774-scr-1-468x312.jpg 468w, https:\/\/www.snowtrex.pl\/magazyn\/files\/2022\/06\/RS26481_shutterstock_1708618774-scr-1-300x200.jpg 300w, https:\/\/www.snowtrex.pl\/magazyn\/files\/2022\/06\/RS26481_shutterstock_1708618774-scr-1-999x666.jpg 999w, https:\/\/www.snowtrex.pl\/magazyn\/files\/2022\/06\/RS26481_shutterstock_1708618774-scr-1-645x430.jpg 645w, https:\/\/www.snowtrex.pl\/magazyn\/files\/2022\/06\/RS26481_shutterstock_1708618774-scr-1-552x368.jpg 552w, https:\/\/www.snowtrex.pl\/magazyn\/files\/2022\/06\/RS26481_shutterstock_1708618774-scr-1-405x270.jpg 405w, https:\/\/www.snowtrex.pl\/magazyn\/files\/2022\/06\/RS26481_shutterstock_1708618774-scr-1-336x224.jpg 336w, https:\/\/www.snowtrex.pl\/magazyn\/files\/2022\/06\/RS26481_shutterstock_1708618774-scr-1-276x184.jpg 276w, https:\/\/www.snowtrex.pl\/magazyn\/files\/2022\/06\/RS26481_shutterstock_1708618774-scr-1-234x156.jpg 234w, https:\/\/www.snowtrex.pl\/magazyn\/files\/2022\/06\/RS26481_shutterstock_1708618774-scr-1-192x128.jpg 192w, https:\/\/www.snowtrex.pl\/magazyn\/files\/2022\/06\/RS26481_shutterstock_1708618774-scr-1-120x80.jpg 120w, https:\/\/www.snowtrex.pl\/magazyn\/files\/2022\/06\/RS26481_shutterstock_1708618774-scr-1-30x19.jpg 30w\" sizes=\"(min-width: 1009px) 729px, (min-width: 819px) 594px, (min-width: 569px) 729px, (min-width: 449px) 468px, 348px\" \/><\/a><div class=\"tt-image-copyright\" data-image-id=\"53919\">Michal Czech\/Shutterstock<\/div>\n            <\/div>\n            <div class=\"tt-post-caption\">Najm\u0142odszy lodowiec Tyrolu ma r\u00f3wnie\u017c letni teren narciarski.<\/div>\n         <\/div > \n<h2 id=\"lodowiec-m\u00f6lltalaustria\">Lodowiec M\u00f6lltal\/Austria<\/h2>\n<p>Tutaj fani stok\u00f3w mog\u0105 tego samego dnia je\u017adzi\u0107 na nartach na szczycie lodowca, a p\u00f3\u017aniej w\u0119drowa\u0107 wzd\u0142u\u017c pi\u0119knych g\u00f3rskich jezior. Dost\u0119pnych jest dziewi\u0119\u0107 tras zjazdowych o \u0142\u0105cznej d\u0142ugo\u015bci oko\u0142o 17 km, w tym trasa boardercrossowa i 7-kilometrowa trasa wy\u015bcigowa FIS. Poza kr\u00f3tk\u0105 przerw\u0105 w maju, jedyny o\u015brodek narciarski na lodowcu w Karyntii jest otwarty przez ca\u0142y rok. Aktualnie otwarte stoki s\u0105 og\u0142aszane za po\u015brednictwem w\u0142asnej strony internetowej.<\/p>\n<div class=\"tt-post-image-wrapper tt-post-image-wrapper-full\">\n            <div class=\"tt-image-copyright-container\">\n                <a href=\"https:\/\/www.snowtrex.pl\/magazyn\/files\/2022\/06\/RS4958_shutterstock_328436534-scr-1.jpg\" target=\"_blank\" rel=\"noopener\"><img loading=\"lazy\" decoding=\"async\" data-wrapped=\"true\" class=\"wp-image-53920 size-Artikelbild_gro\u00df\" title=\"Na M\u00f6lli, jak lodowiec M\u00f6lltal jest pieszczotliwie nazywany przez miejscowych, narciarze mog\u0105 cieszy\u0107 si\u0119 prawdziwym &quot;zachodem s\u0142o\u0144ca&quot; na wysoko\u015bciach alpejskich.\" src=\"https:\/\/www.snowtrex.pl\/magazyn\/files\/2022\/06\/RS4958_shutterstock_328436534-scr-1-729x486.jpg\" alt=\"Na M\u00f6lli, jak lodowiec M\u00f6lltal jest pieszczotliwie nazywany przez miejscowych, narciarze mog\u0105 cieszy\u0107 si\u0119 prawdziwym &quot;zachodem s\u0142o\u0144ca&quot; na wysoko\u015bciach alpejskich.\" width=\"729\" height=\"486\" srcset=\"https:\/\/www.snowtrex.pl\/magazyn\/files\/2022\/06\/RS4958_shutterstock_328436534-scr-1-729x486.jpg 729w, https:\/\/www.snowtrex.pl\/magazyn\/files\/2022\/06\/RS4958_shutterstock_328436534-scr-1-468x312.jpg 468w, https:\/\/www.snowtrex.pl\/magazyn\/files\/2022\/06\/RS4958_shutterstock_328436534-scr-1-300x200.jpg 300w, https:\/\/www.snowtrex.pl\/magazyn\/files\/2022\/06\/RS4958_shutterstock_328436534-scr-1-999x666.jpg 999w, https:\/\/www.snowtrex.pl\/magazyn\/files\/2022\/06\/RS4958_shutterstock_328436534-scr-1-645x430.jpg 645w, https:\/\/www.snowtrex.pl\/magazyn\/files\/2022\/06\/RS4958_shutterstock_328436534-scr-1-552x368.jpg 552w, https:\/\/www.snowtrex.pl\/magazyn\/files\/2022\/06\/RS4958_shutterstock_328436534-scr-1-405x270.jpg 405w, https:\/\/www.snowtrex.pl\/magazyn\/files\/2022\/06\/RS4958_shutterstock_328436534-scr-1-336x224.jpg 336w, https:\/\/www.snowtrex.pl\/magazyn\/files\/2022\/06\/RS4958_shutterstock_328436534-scr-1-276x184.jpg 276w, https:\/\/www.snowtrex.pl\/magazyn\/files\/2022\/06\/RS4958_shutterstock_328436534-scr-1-234x156.jpg 234w, https:\/\/www.snowtrex.pl\/magazyn\/files\/2022\/06\/RS4958_shutterstock_328436534-scr-1-192x128.jpg 192w, https:\/\/www.snowtrex.pl\/magazyn\/files\/2022\/06\/RS4958_shutterstock_328436534-scr-1-120x80.jpg 120w, https:\/\/www.snowtrex.pl\/magazyn\/files\/2022\/06\/RS4958_shutterstock_328436534-scr-1-30x19.jpg 30w\" sizes=\"(min-width: 1009px) 729px, (min-width: 819px) 594px, (min-width: 569px) 729px, (min-width: 449px) 468px, 348px\" \/><\/a><div class=\"tt-image-copyright\" data-image-id=\"53920\">\u00a9 kovop58\/shutterstock.de<\/div>\n            <\/div>\n            <div class=\"tt-post-caption\">Na M\u00f6lli, jak lodowiec M\u00f6lltal jest pieszczotliwie nazywany przez miejscowych, narciarze mog\u0105 cieszy\u0107 si\u0119 prawdziwym &#8222;zachodem s\u0142o\u0144ca&#8221; na wysoko\u015bciach alpejskich.<\/div>\n         <\/div > \n<h2 id=\"lodowiec-stubaiaustria\">Lodowiec Stubai\/Austria<\/h2>\n<p>Najwi\u0119kszym lodowcowym terenem narciarskim z 43 kilometrami tras jest <a href=\"https:\/\/www.snowtrex.pl\/austria\/neustift\/narty.html\" target=\"_blank\" rel=\"noopener\">lodowiec Stubai<\/a> w Tyrolu. Tutaj zabawa na nartach trwa w tym sezonie do 18 czerwca. W zale\u017cno\u015bci od warunk\u00f3w \u015bniegowych, oko\u0142o po\u0142owa z 35 tras jest otwarta.<\/p>\n<div class=\"tt-post-image-wrapper tt-post-image-wrapper-full\">\n            <div class=\"tt-image-copyright-container\">\n                <a href=\"https:\/\/www.snowtrex.pl\/magazyn\/files\/2022\/06\/RS13982_IMG-20161031-WA0005-scr-1.jpg\" target=\"_blank\" rel=\"noopener\"><img loading=\"lazy\" decoding=\"async\" data-wrapped=\"true\" class=\"wp-image-53921 size-Artikelbild_gro\u00df\" title=\"Na lodowcu Stubai narciarze r\u00f3wnie\u017c mog\u0105 sp\u0119dzi\u0107 dzie\u0144 na stokach ponad chmurami.\" src=\"https:\/\/www.snowtrex.pl\/magazyn\/files\/2022\/06\/RS13982_IMG-20161031-WA0005-scr-1-729x486.jpg\" alt=\"Na lodowcu Stubai narciarze r\u00f3wnie\u017c mog\u0105 sp\u0119dzi\u0107 dzie\u0144 na stokach ponad chmurami.\" width=\"729\" height=\"486\" srcset=\"https:\/\/www.snowtrex.pl\/magazyn\/files\/2022\/06\/RS13982_IMG-20161031-WA0005-scr-1-729x486.jpg 729w, https:\/\/www.snowtrex.pl\/magazyn\/files\/2022\/06\/RS13982_IMG-20161031-WA0005-scr-1-468x312.jpg 468w, https:\/\/www.snowtrex.pl\/magazyn\/files\/2022\/06\/RS13982_IMG-20161031-WA0005-scr-1-300x200.jpg 300w, https:\/\/www.snowtrex.pl\/magazyn\/files\/2022\/06\/RS13982_IMG-20161031-WA0005-scr-1-999x666.jpg 999w, https:\/\/www.snowtrex.pl\/magazyn\/files\/2022\/06\/RS13982_IMG-20161031-WA0005-scr-1-645x430.jpg 645w, https:\/\/www.snowtrex.pl\/magazyn\/files\/2022\/06\/RS13982_IMG-20161031-WA0005-scr-1-552x368.jpg 552w, https:\/\/www.snowtrex.pl\/magazyn\/files\/2022\/06\/RS13982_IMG-20161031-WA0005-scr-1-405x270.jpg 405w, https:\/\/www.snowtrex.pl\/magazyn\/files\/2022\/06\/RS13982_IMG-20161031-WA0005-scr-1-336x224.jpg 336w, https:\/\/www.snowtrex.pl\/magazyn\/files\/2022\/06\/RS13982_IMG-20161031-WA0005-scr-1-276x184.jpg 276w, https:\/\/www.snowtrex.pl\/magazyn\/files\/2022\/06\/RS13982_IMG-20161031-WA0005-scr-1-234x156.jpg 234w, https:\/\/www.snowtrex.pl\/magazyn\/files\/2022\/06\/RS13982_IMG-20161031-WA0005-scr-1-192x128.jpg 192w, https:\/\/www.snowtrex.pl\/magazyn\/files\/2022\/06\/RS13982_IMG-20161031-WA0005-scr-1-120x80.jpg 120w\" sizes=\"(min-width: 1009px) 729px, (min-width: 819px) 594px, (min-width: 569px) 729px, (min-width: 449px) 468px, 348px\" \/><\/a><div class=\"tt-image-copyright\" data-image-id=\"53921\">\u00a9 TravelTrex<\/div>\n            <\/div>\n            <div class=\"tt-post-caption\">Na lodowcu Stubai narciarze r\u00f3wnie\u017c mog\u0105 sp\u0119dzi\u0107 dzie\u0144 na stokach ponad chmurami.<\/div>\n         <\/div > \n<h2 id=\"les-2-alpesfrancja\">Les 2 Alpes\/Francja<\/h2>\n<p>Na lodowcu Mont-de-Lans we francuskich Alpach Wysokich znajduje si\u0119 jeden z najwi\u0119kszych letnich teren\u00f3w narciarskich w Europie. Stoki osi\u0105gaj\u0105 wysoko\u015b\u0107 3566 m n.p.m., co czyni ten teren narciarski na lodowcu jednym z najwy\u017cej po\u0142o\u017conych na \u015bwiecie. Nie trzeba dodawa\u0107, \u017ce dobre warunki narciarskie panuj\u0105 tu r\u00f3wnie\u017c latem. Osiem tras czeka na pocz\u0105tkuj\u0105cych i zaawansowanych narciarzy, a tak\u017ce luksusowa panorama z La Meije, masywem Ecrins i oczywi\u015bcie pot\u0119\u017cnym Mont Blanc. Przy dobrych warunkach \u015bniegowych otwarty jest r\u00f3wnie\u017c snowpark z superpipe. Jedyn\u0105 wad\u0105 jest to, \u017ce latem zabawa nie trwa d\u0142ugo, poniewa\u017c wyci\u0105gi dzia\u0142aj\u0105 tylko do po\u0142udnia. Na szcz\u0119\u015bcie <a href=\"https:\/\/www.snowtrex.pl\/francja\/les_2_alpes\/teren-narciarski.html\" target=\"_blank\" rel=\"noopener noreferrer\">Les 2 Alpes<\/a> oferuje pe\u0142en program zaj\u0119\u0107 po zabawie na nartach, od w\u0119dr\u00f3wek po lodowcu po jazd\u0119 na rowerze zjazdowym i pluskanie si\u0119 w stawie k\u0105pielowym. Aktywne wakacje w lecie nie mog\u0105 by\u0107 bardziej satysfakcjonuj\u0105ce.<\/p>\n<p>Tutaj mo\u017cesz zobaczy\u0107, co dzieje si\u0119 w o\u015brodku narciarskim Les 2 Alpes latem:<\/p>\n<figure class=\"wp-block-embed-youtube wp-block-embed is-type-video is-provider-youtube wp-embed-aspect-16-9 wp-has-aspect-ratio\"><div class=\"lyte-wrapper\" title=\"Vans Week Dacamp - Les 2 Alpes #summer 2k17\" style=\"width:853px;max-width:100%;margin:5px auto;\"><div class=\"lyMe\" id=\"WYL_5D__Lz6Y87g\" itemprop=\"video\" itemscope itemtype=\"https:\/\/schema.org\/VideoObject\"><div><meta itemprop=\"thumbnailUrl\" content=\"https:\/\/www.snowtrex.pl\/magazyn\/wp-content\/plugins\/wp-youtube-lyte\/lyteCache.php?origThumbUrl=https%3A%2F%2Fi.ytimg.com%2Fvi%2F5D__Lz6Y87g%2Fhqdefault.jpg\" \/><meta itemprop=\"embedURL\" content=\"https:\/\/www.youtube.com\/embed\/5D__Lz6Y87g\" \/><meta itemprop=\"duration\" content=\"PT3M59S\" \/><meta itemprop=\"uploadDate\" content=\"2017-07-21T09:46:21Z\" \/><\/div><div id=\"lyte_5D__Lz6Y87g\" data-src=\"https:\/\/www.snowtrex.pl\/magazyn\/wp-content\/plugins\/wp-youtube-lyte\/lyteCache.php?origThumbUrl=https%3A%2F%2Fi.ytimg.com%2Fvi%2F5D__Lz6Y87g%2Fhqdefault.jpg\" class=\"pL\"><div class=\"tC\"><div class=\"tT\" itemprop=\"name\">Vans Week Dacamp - Les 2 Alpes #summer 2k17<\/div><\/div><div class=\"play\"><\/div><div class=\"ctrl\"><div class=\"Lctrl\"><\/div><div class=\"Rctrl\"><\/div><\/div><\/div><noscript><a href=\"http:\/\/youtu.be\/5D__Lz6Y87g\" rel=\"nofollow\"><img loading=\"lazy\" decoding=\"async\" src=\"https:\/\/www.snowtrex.pl\/magazyn\/wp-content\/plugins\/wp-youtube-lyte\/lyteCache.php?origThumbUrl=http%3A%2F%2Fi.ytimg.com%2Fvi%2F5D__Lz6Y87g%2F0.jpg\" alt=\"Vans Week Dacamp - Les 2 Alpes #summer 2k17\" width=\"853\" height=\"460\" \/><br \/>Watch this video on YouTube<\/a><\/noscript><meta itemprop=\"description\" content=\"Dacamp organise des stages de ski et snowboard l&#039;\u00e9t\u00e9 sur le glacier des 2 Alpes. Les &quot;campers&quot; progressent et passent des vacances bien sympathiques entre potes, avec des coachs et des pros riders diff\u00e9rents chaque semaine. Voici les highlights de cette semaine sp\u00e9ciale Vans avec Sparrow Knox et Val\u00e9rian Ducourtil en guests. Toutes les infos sur les camps : http:\/\/bit.ly\/2u8SZ75\"><\/div><\/div><div class=\"lL\" style=\"max-width:100%;width:853px;margin:5px auto;\"><br\/><span class=\"lyte_disclaimer\">Please also note that by using our services and integrating the YouTube API Services, the <a href=\"https:\/\/www.youtube.com\/t\/terms\">YouTube Terms of Service<\/a> and the <a href=\"https:\/\/developers.google.com\/youtube\/terms\/api-services-terms-of-service-emea\">YouTube API Services Terms<\/a> apply and your use of our website is deemed to be acceptance of these terms.<\/span><\/div><figcaption><\/figcaption><\/figure>\n<h2 id=\"tignesfrancja\">Tignes\/Francja<\/h2>\n<p><a href=\"https:\/\/www.snowtrex.pl\/francja\/tignes\/teren-narciarski.html\" target=\"_blank\" rel=\"noopener noreferrer\">Tignes<\/a> &#8211; superlatywa we francuskich Alpach. Tamtejszy teren narciarski jest atrakcyjny nie tylko dla trenuj\u0105cych tu profesjonalist\u00f3w. Mo\u017cliwo\u015b\u0107 jazdy na nartach prawie przez ca\u0142y rok sprawia, \u017ce teren w masywie Vanoise jest popularny w\u015br\u00f3d wielu entuzjast\u00f3w sport\u00f3w zimowych. Dobry \u015bnieg jest niemal gwarantowany ze wzgl\u0119du na wysoko\u015b\u0107 do 3456 metr\u00f3w. Trasy narciarskie na lodowcu Grande Motte s\u0105 zazwyczaj otwarte od czerwca do sierpnia. Entuzja\u015bci sport\u00f3w zimowych na wszystkich poziomach zaawansowania mog\u0105 bawi\u0107 si\u0119 tutaj na niebieskich, czerwonych i czarnych stokach. Snowboardzi\u015bci i fani freestyle&#8217;u r\u00f3wnie\u017c znajd\u0105 tu co\u015b dla siebie. Lodowcowy snowpark z halfpipem, railami i przeszkodami oferuje du\u017c\u0105 r\u00f3\u017cnorodno\u015b\u0107 i zadowoli nawet najbardziej wymagaj\u0105cych narciarzy i snowboardzist\u00f3w.<\/p>\n<p>W swoim w\u0142asnym filmie Tignes prezentuje g\u00f3rski \u015bwiat wok\u00f3\u0142 terenu narciarskiego:<\/p>\n<figure class=\"wp-block-embed-youtube wp-block-embed is-type-video is-provider-youtube wp-embed-aspect-16-9 wp-has-aspect-ratio\"><div class=\"lyte-wrapper\" title=\"Tignes | La premi&egrave;re station de ski &agrave; ouvrir et la derni&egrave;re &agrave; fermer\" style=\"width:853px;max-width:100%;margin:5px auto;\"><div class=\"lyMe\" id=\"WYL_G_lh3XTlu08\" itemprop=\"video\" itemscope itemtype=\"https:\/\/schema.org\/VideoObject\"><div><meta itemprop=\"thumbnailUrl\" content=\"https:\/\/www.snowtrex.pl\/magazyn\/wp-content\/plugins\/wp-youtube-lyte\/lyteCache.php?origThumbUrl=https%3A%2F%2Fi.ytimg.com%2Fvi%2FG_lh3XTlu08%2Fhqdefault.jpg\" \/><meta itemprop=\"embedURL\" content=\"https:\/\/www.youtube.com\/embed\/G_lh3XTlu08\" \/><meta itemprop=\"duration\" content=\"PT55S\" \/><meta itemprop=\"uploadDate\" content=\"2018-10-09T09:41:19Z\" \/><\/div><div id=\"lyte_G_lh3XTlu08\" data-src=\"https:\/\/www.snowtrex.pl\/magazyn\/wp-content\/plugins\/wp-youtube-lyte\/lyteCache.php?origThumbUrl=https%3A%2F%2Fi.ytimg.com%2Fvi%2FG_lh3XTlu08%2Fhqdefault.jpg\" class=\"pL\"><div class=\"tC\"><div class=\"tT\" itemprop=\"name\">Tignes | La premi\u00e8re station de ski \u00e0 ouvrir et la derni\u00e8re \u00e0 fermer<\/div><\/div><div class=\"play\"><\/div><div class=\"ctrl\"><div class=\"Lctrl\"><\/div><div class=\"Rctrl\"><\/div><\/div><\/div><noscript><a href=\"http:\/\/youtu.be\/G_lh3XTlu08\" rel=\"nofollow\"><img loading=\"lazy\" decoding=\"async\" src=\"https:\/\/www.snowtrex.pl\/magazyn\/wp-content\/plugins\/wp-youtube-lyte\/lyteCache.php?origThumbUrl=http%3A%2F%2Fi.ytimg.com%2Fvi%2FG_lh3XTlu08%2F0.jpg\" alt=\"Tignes | La premi&egrave;re station de ski &agrave; ouvrir et la derni&egrave;re &agrave; fermer\" width=\"853\" height=\"460\" \/><br \/>Watch this video on YouTube<\/a><\/noscript><meta itemprop=\"description\" content=\"Au c\u0153ur des Alpes, en Savoie, Tignes fait parti du domaine skiable reliant les stations de ski Tignes &amp; Val d\u2019Is\u00e8re. Ces deux stations cr\u00e9ent naturellement l&#039;un des plus beaux et grands domaines skiables d&#039;Europe... Plus d&#039;information : www.tignes.net\"><\/div><\/div><div class=\"lL\" style=\"max-width:100%;width:853px;margin:5px auto;\"><br\/><span class=\"lyte_disclaimer\">Please also note that by using our services and integrating the YouTube API Services, the <a href=\"https:\/\/www.youtube.com\/t\/terms\">YouTube Terms of Service<\/a> and the <a href=\"https:\/\/developers.google.com\/youtube\/terms\/api-services-terms-of-service-emea\">YouTube API Services Terms<\/a> apply and your use of our website is deemed to be acceptance of these terms.<\/span><\/div><figcaption><\/figcaption><\/figure>\n<h2 id=\"zermattszwajcaria\">Zermatt\/Szwajcaria<\/h2>\n<p>Nie mniej ni\u017c 38 czterotysi\u0119cznik\u00f3w otacza region Zermatt-Matterhorn w samym sercu Alp Penni\u0144skich. Na lodowcu Theodul na <a href=\"https:\/\/www.snowtrex.pl\/szwajcaria\/zermatt\/teren-narciarski.html\" target=\"_blank\" rel=\"noopener noreferrer\">terenie narciarskim Matterhorn ski paradise<\/a> s\u0105 one otwarte r\u00f3wnie\u017c latem. G\u00f3rna stacja znajduje si\u0119 na wysoko\u015bci 2939 m, sk\u0105d letni narciarze wje\u017cd\u017caj\u0105 bezpo\u015brednio na Matterhorn ski paradise. Tutaj jazda na nartach trwa prawie przez ca\u0142y rok na 21 kilometrach tras zjazdowych. Przy wystarczaj\u0105cej ilo\u015bci \u015bniegu, otwarty jest nawet Zermatt Snowpark.<\/p>\n<h2 id=\"saas-feeszwajcaria\">Saas-Fee\/Szwajcaria<\/h2>\n<p>Na lodowcu Allalin na letnich narciarzy czeka 20 km tras zjazdowych. Wiele mi\u0119dzynarodowych dru\u017cyn narciarskich r\u00f3wnie\u017c korzysta z tego terenu jako obszaru treningowego, co jest ciekawe dla pozosta\u0142ych turyst\u00f3w. Ci, kt\u00f3rzy nie chc\u0105 je\u017adzi\u0107 na nartach, mog\u0105 bawi\u0107 si\u0119 w przestronnej strefie chill-out z muzyk\u0105 lub w restauracji na lodowcu. Otoczona przez 18 czterotysi\u0119cznik\u00f3w dolina Saas jest warta wycieczki i oferuje widok na osza\u0142amiaj\u0105c\u0105 panoram\u0119.<\/p>\n<p>Poni\u017cszy film prezentuje, jak latem wygl\u0105da alpejski \u015bwiat wok\u00f3\u0142 Saas-Fee:<\/p>\n<figure class=\"wp-block-embed-youtube wp-block-embed is-type-video is-provider-youtube wp-embed-aspect-16-9 wp-has-aspect-ratio\"><div class=\"lyte-wrapper\" title=\"Saas fee summer skiing! | VLOG 77\" style=\"width:853px;max-width:100%;margin:5px auto;\"><div class=\"lyMe\" id=\"WYL_AaNnJuyafsw\" itemprop=\"video\" itemscope itemtype=\"https:\/\/schema.org\/VideoObject\"><div><meta itemprop=\"thumbnailUrl\" content=\"https:\/\/www.snowtrex.pl\/magazyn\/wp-content\/plugins\/wp-youtube-lyte\/lyteCache.php?origThumbUrl=https%3A%2F%2Fi.ytimg.com%2Fvi%2FAaNnJuyafsw%2Fhqdefault.jpg\" \/><meta itemprop=\"embedURL\" content=\"https:\/\/www.youtube.com\/embed\/AaNnJuyafsw\" \/><meta itemprop=\"duration\" content=\"PT12M13S\" \/><meta itemprop=\"uploadDate\" content=\"2019-09-18T16:00:02Z\" \/><\/div><div id=\"lyte_AaNnJuyafsw\" data-src=\"https:\/\/www.snowtrex.pl\/magazyn\/wp-content\/plugins\/wp-youtube-lyte\/lyteCache.php?origThumbUrl=https%3A%2F%2Fi.ytimg.com%2Fvi%2FAaNnJuyafsw%2Fhqdefault.jpg\" class=\"pL\"><div class=\"tC\"><div class=\"tT\" itemprop=\"name\">Saas fee summer skiing! | VLOG 77<\/div><\/div><div class=\"play\"><\/div><div class=\"ctrl\"><div class=\"Lctrl\"><\/div><div class=\"Rctrl\"><\/div><\/div><\/div><noscript><a href=\"http:\/\/youtu.be\/AaNnJuyafsw\" rel=\"nofollow\"><img loading=\"lazy\" decoding=\"async\" src=\"https:\/\/www.snowtrex.pl\/magazyn\/wp-content\/plugins\/wp-youtube-lyte\/lyteCache.php?origThumbUrl=http%3A%2F%2Fi.ytimg.com%2Fvi%2FAaNnJuyafsw%2F0.jpg\" alt=\"Saas fee summer skiing! | VLOG 77\" width=\"853\" height=\"460\" \/><br \/>Watch this video on YouTube<\/a><\/noscript><meta itemprop=\"description\" content=\"Instagram: https:\/\/www.instagram.com\/andriragettli\/ Facebook: https:\/\/de-de.facebook.com\/andri.ragettli\/ Twitter: https:\/\/twitter.com\/andriragettli?lang=de Produced by Frederick Iliano &amp; Andri Ragettli #SaasFee #SummerSkiing #GlacierSkiing #SaasFeeSummerSkiing #SwissGlacier #WinterWonderland\"><\/div><\/div><div class=\"lL\" style=\"max-width:100%;width:853px;margin:5px auto;\"><br\/><span class=\"lyte_disclaimer\">Please also note that by using our services and integrating the YouTube API Services, the <a href=\"https:\/\/www.youtube.com\/t\/terms\">YouTube Terms of Service<\/a> and the <a href=\"https:\/\/developers.google.com\/youtube\/terms\/api-services-terms-of-service-emea\">YouTube API Services Terms<\/a> apply and your use of our website is deemed to be acceptance of these terms.<\/span><\/div><figcaption><\/figcaption><\/figure>\n<h2 id=\"stelviow\u0142ochy\">Stelvio\/W\u0142ochy<\/h2>\n<p>Teren narciarski na lodowcu na najwy\u017cszej w\u0142oskiej prze\u0142\u0119czy jest otwarty tylko latem. Droga z 48 zakr\u0119tami na szczyt prze\u0142\u0119czy na wysoko\u015bci 2760 m n.p.m. jest jedyn\u0105 tras\u0105 dojazdow\u0105 do Stilfser Joch. Mimo \u017ce jest asfaltowa na ca\u0142ej d\u0142ugo\u015bci, zim\u0105 jest zamkni\u0119ta dla ruchu. Jazda na nartach na lodowcu jest wi\u0119c mo\u017cliwa tylko latem. Jest on jednak lubiany przez wiele dru\u017cyn treningowych, kt\u00f3re dziel\u0105 9 km tras z innymi go\u015b\u0107mi &#8211; w ko\u0144cu profesjonalny trening jest ciekawym widowiskiem dla gapi\u00f3w.<\/p>\n<p>Narciarstwo zjazdowe na Stilfser Joch jest r\u00f3wnie\u017c mo\u017cliwe latem, co pokazuje poni\u017cszy film:<\/p>\n<figure class=\"wp-block-embed-youtube wp-block-embed is-type-video is-provider-youtube wp-embed-aspect-16-9 wp-has-aspect-ratio\"><div class=\"lyte-wrapper\" title=\"Summer skiing in Passo Stelvio - Stilfser Joch\" style=\"width:853px;max-width:100%;margin:5px auto;\"><div class=\"lyMe\" id=\"WYL_u-2omxqYeDo\" itemprop=\"video\" itemscope itemtype=\"https:\/\/schema.org\/VideoObject\"><div><meta itemprop=\"thumbnailUrl\" content=\"https:\/\/www.snowtrex.pl\/magazyn\/wp-content\/plugins\/wp-youtube-lyte\/lyteCache.php?origThumbUrl=https%3A%2F%2Fi.ytimg.com%2Fvi%2Fu-2omxqYeDo%2Fhqdefault.jpg\" \/><meta itemprop=\"embedURL\" content=\"https:\/\/www.youtube.com\/embed\/u-2omxqYeDo\" \/><meta itemprop=\"duration\" content=\"PT3M13S\" \/><meta itemprop=\"uploadDate\" content=\"2019-08-15T15:36:37Z\" \/><\/div><div id=\"lyte_u-2omxqYeDo\" data-src=\"https:\/\/www.snowtrex.pl\/magazyn\/wp-content\/plugins\/wp-youtube-lyte\/lyteCache.php?origThumbUrl=https%3A%2F%2Fi.ytimg.com%2Fvi%2Fu-2omxqYeDo%2Fhqdefault.jpg\" class=\"pL\"><div class=\"tC\"><div class=\"tT\" itemprop=\"name\">Summer skiing in Passo Stelvio - Stilfser Joch<\/div><\/div><div class=\"play\"><\/div><div class=\"ctrl\"><div class=\"Lctrl\"><\/div><div class=\"Rctrl\"><\/div><\/div><\/div><noscript><a href=\"http:\/\/youtu.be\/u-2omxqYeDo\" rel=\"nofollow\"><img loading=\"lazy\" decoding=\"async\" src=\"https:\/\/www.snowtrex.pl\/magazyn\/wp-content\/plugins\/wp-youtube-lyte\/lyteCache.php?origThumbUrl=http%3A%2F%2Fi.ytimg.com%2Fvi%2Fu-2omxqYeDo%2F0.jpg\" alt=\"Summer skiing in Passo Stelvio - Stilfser Joch\" width=\"853\" height=\"460\" \/><br \/>Watch this video on YouTube<\/a><\/noscript><meta itemprop=\"description\" content=\"August 4th 2019 www.passostelvio.eu\"><\/div><\/div><div class=\"lL\" style=\"max-width:100%;width:853px;margin:5px auto;\"><br\/><span class=\"lyte_disclaimer\">Please also note that by using our services and integrating the YouTube API Services, the <a href=\"https:\/\/www.youtube.com\/t\/terms\">YouTube Terms of Service<\/a> and the <a href=\"https:\/\/developers.google.com\/youtube\/terms\/api-services-terms-of-service-emea\">YouTube API Services Terms<\/a> apply and your use of our website is deemed to be acceptance of these terms.<\/span><\/div><figcaption><\/figcaption><\/figure>\n<h2 id=\"mammoth-mountainusa\">Mammoth Mountain\/USA<\/h2>\n<p>Teren narciarski Mammoth Mountain w ameryka\u0144skim stanie Kalifornia jest obdarzony du\u017c\u0105 ilo\u015bci\u0105 opad\u00f3w \u015bniegu dzi\u0119ki kaprysom pogody w Sierra. Teren ten oferuje \u015brednio ponad 200 dni narciarskich w roku! Stoki znajduj\u0105 si\u0119 na wysoko\u015bci od 2400 do 3300 m i mo\u017cna na nich je\u017adzi\u0107 do czerwca.<\/p>\n<p>Ameryka\u0144skie \u015bwi\u0119to niepodleg\u0142o\u015bci przypada 4 lipca, czyli w \u015brodku lata. Ale to nie powstrzymuje mieszka\u0144c\u00f3w Mammoth Mountain przed jazd\u0105 na nartach:<\/p>\n<figure class=\"wp-block-embed-youtube wp-block-embed is-type-video is-provider-youtube wp-embed-aspect-16-9 wp-has-aspect-ratio\"><div class=\"lyte-wrapper\" title=\"Skiing On July 4th? It&rsquo;s Possible On California&rsquo;s Mammoth Mountain | NBC Nightly News\" style=\"width:853px;max-width:100%;margin:5px auto;\"><div class=\"lyMe\" id=\"WYL_4AmgrDP1ZtI\" itemprop=\"video\" itemscope itemtype=\"https:\/\/schema.org\/VideoObject\"><div><meta itemprop=\"thumbnailUrl\" content=\"https:\/\/www.snowtrex.pl\/magazyn\/wp-content\/plugins\/wp-youtube-lyte\/lyteCache.php?origThumbUrl=https%3A%2F%2Fi.ytimg.com%2Fvi%2F4AmgrDP1ZtI%2Fhqdefault.jpg\" \/><meta itemprop=\"embedURL\" content=\"https:\/\/www.youtube.com\/embed\/4AmgrDP1ZtI\" \/><meta itemprop=\"duration\" content=\"PT1M41S\" \/><meta itemprop=\"uploadDate\" content=\"2017-07-03T16:53:35Z\" \/><\/div><meta itemprop=\"accessibilityFeature\" content=\"captions\" \/><div id=\"lyte_4AmgrDP1ZtI\" data-src=\"https:\/\/www.snowtrex.pl\/magazyn\/wp-content\/plugins\/wp-youtube-lyte\/lyteCache.php?origThumbUrl=https%3A%2F%2Fi.ytimg.com%2Fvi%2F4AmgrDP1ZtI%2Fhqdefault.jpg\" class=\"pL\"><div class=\"tC\"><div class=\"tT\" itemprop=\"name\">Skiing On July 4th? It\u2019s Possible On California\u2019s Mammoth Mountain | NBC Nightly News<\/div><\/div><div class=\"play\"><\/div><div class=\"ctrl\"><div class=\"Lctrl\"><\/div><div class=\"Rctrl\"><\/div><\/div><\/div><noscript><a href=\"http:\/\/youtu.be\/4AmgrDP1ZtI\" rel=\"nofollow\"><img loading=\"lazy\" decoding=\"async\" src=\"https:\/\/www.snowtrex.pl\/magazyn\/wp-content\/plugins\/wp-youtube-lyte\/lyteCache.php?origThumbUrl=http%3A%2F%2Fi.ytimg.com%2Fvi%2F4AmgrDP1ZtI%2F0.jpg\" alt=\"Skiing On July 4th? It&rsquo;s Possible On California&rsquo;s Mammoth Mountain | NBC Nightly News\" width=\"853\" height=\"460\" \/><br \/>Watch this video on YouTube<\/a><\/noscript><meta itemprop=\"description\" content=\"It has been an unusually long ski season on these slopes after a record high snowfall this winter. While heatwaves break records across other parts of the West, the snow remains at Mammoth. \u00bb Subscribe to NBC News: http:\/\/nbcnews.to\/SubscribeToNBC \u00bb Watch more NBC video: http:\/\/bit.ly\/MoreNBCNews NBC News is a leading source of global news and information. Here you will find clips from NBC Nightly News, Meet The Press, and original digital videos. Subscribe to our channel for news stories, technology, politics, health, entertainment, science, business, and exclusive NBC investigations. Connect with NBC News Online! Visit NBCNews.Com: http:\/\/nbcnews.to\/ReadNBC Find NBC News on Facebook: http:\/\/nbcnews.to\/LikeNBC Follow NBC News on Twitter: http:\/\/nbcnews.to\/FollowNBC Follow NBC News on Google+: http:\/\/nbcnews.to\/PlusNBC Follow NBC News on Instagram: http:\/\/nbcnews.to\/InstaNBC Follow NBC News on Pinterest: http:\/\/nbcnews.to\/PinNBC Skiing On July 4th? It\u2019s Possible On California\u2019s Mammoth Mountain | NBC Nightly News\"><\/div><\/div><div class=\"lL\" style=\"max-width:100%;width:853px;margin:5px auto;\"><br\/><span class=\"lyte_disclaimer\">Please also note that by using our services and integrating the YouTube API Services, the <a href=\"https:\/\/www.youtube.com\/t\/terms\">YouTube Terms of Service<\/a> and the <a href=\"https:\/\/developers.google.com\/youtube\/terms\/api-services-terms-of-service-emea\">YouTube API Services Terms<\/a> apply and your use of our website is deemed to be acceptance of these terms.<\/span><\/div><figcaption><\/figcaption><\/figure>\n<h2 id=\"timberlineusa\">Timberline\/USA<\/h2>\n<p>Teren narciarski na lodowcu Timberline w ameryka\u0144skim stanie Oregon jest otwarty prawie przez ca\u0142y rok. Jedynie w pa\u017adzierniku ma troch\u0119 wolnego. Poza tym stoki na wysoko\u015bci od 1400 do 2600 m na Mt. Hood s\u0105 zawsze otwarte.<\/p>\n<p>Fani \u015bniegu mog\u0105 je\u017adzi\u0107 na nartach nie tylko w G\u00f3rach Skalistych, ale tak\u017ce w Oregonie. I to nawet latem:<\/p>\n<figure class=\"wp-block-embed-youtube wp-block-embed is-type-video is-provider-youtube wp-embed-aspect-16-9 wp-has-aspect-ratio\"><div class=\"lyte-wrapper\" title=\"NOW THAT&amp;#039;S SUMMER SNOWBOARDING!!\" style=\"width:853px;max-width:100%;margin:5px auto;\"><div class=\"lyMe\" id=\"WYL_b2vrdvmlQ_A\" itemprop=\"video\" itemscope itemtype=\"https:\/\/schema.org\/VideoObject\"><div><meta itemprop=\"thumbnailUrl\" content=\"https:\/\/www.snowtrex.pl\/magazyn\/wp-content\/plugins\/wp-youtube-lyte\/lyteCache.php?origThumbUrl=https%3A%2F%2Fi.ytimg.com%2Fvi%2Fb2vrdvmlQ_A%2Fhqdefault.jpg\" \/><meta itemprop=\"embedURL\" content=\"https:\/\/www.youtube.com\/embed\/b2vrdvmlQ_A\" \/><meta itemprop=\"duration\" content=\"PT10M42S\" \/><meta itemprop=\"uploadDate\" content=\"2018-06-28T10:30:00Z\" \/><\/div><div id=\"lyte_b2vrdvmlQ_A\" data-src=\"https:\/\/www.snowtrex.pl\/magazyn\/wp-content\/plugins\/wp-youtube-lyte\/lyteCache.php?origThumbUrl=https%3A%2F%2Fi.ytimg.com%2Fvi%2Fb2vrdvmlQ_A%2Fhqdefault.jpg\" class=\"pL\"><div class=\"tC\"><div class=\"tT\" itemprop=\"name\">NOW THAT&#039;S SUMMER SNOWBOARDING!!<\/div><\/div><div class=\"play\"><\/div><div class=\"ctrl\"><div class=\"Lctrl\"><\/div><div class=\"Rctrl\"><\/div><\/div><\/div><noscript><a href=\"http:\/\/youtu.be\/b2vrdvmlQ_A\" rel=\"nofollow\"><img loading=\"lazy\" decoding=\"async\" src=\"https:\/\/www.snowtrex.pl\/magazyn\/wp-content\/plugins\/wp-youtube-lyte\/lyteCache.php?origThumbUrl=http%3A%2F%2Fi.ytimg.com%2Fvi%2Fb2vrdvmlQ_A%2F0.jpg\" alt=\"NOW THAT&amp;#039;S SUMMER SNOWBOARDING!!\" width=\"853\" height=\"460\" \/><br \/>Watch this video on YouTube<\/a><\/noscript><meta itemprop=\"description\" content=\"WHITE SNOW!! Unreal 1st day back on hill at Mount Hood. Nukkking!! Getting the opportunity of a lifetime to coach at High Cascade\/Windells. Carter and I did some one on one cruising and working on his riding today before we finally got him using the T-Bar. Not a joke being 9 years old in the big boy parks. Then I got to explore these insane parks for a little while with the P.O.V. GoPro! Much love you guys!! YEWWW!!! 6\/27\/18 #cvlogs I\u2019M VLOGGING EVERY DAY OF 2018! DAILY C-VLOG #228 SUBSCRIBE!! www.youtube.com\/caseywillax CANDY GRIND BOARD SHORTS &amp; FITTED CONTEST!! 1. Follow @CGHabitats on Instagram 2. Leave a comment on their most recent post (video of me snowboarding at Mount Hood) 3. More comments, more chances, tag your friends, more chances!! GET SOME C VLOGS STICKERS!! - www.caseywillax.bigcartel.com SUPPORT THE DREAM (PATREON) - https:\/\/www.patreon.com\/Caseywillax SUPPORT THE DREAM (GFM)- https:\/\/www.gofundme.com\/bkt4xx-for-the-dream SUPPORT THE DREAM (VENMO) - caseywillax@gmail.com USE CODE: caseywillax For 40% the entire Candy Grind website!! www.store.candygrind.com INSTA - @Casey_Willax EDIT - Casey Willax FILM (Canon M6), (GoPro 6), (iPhone7) - Casey Willax MUSIC: G-WIZ - The Finish Line @gwizmusic - soundcloud.com\/gwizdb G-WIZ - Dream Chasing @gwizmusic - soundcloud.com\/gwizdb BILLY CHAMBERS - Too Rich Carti - @Billych4mbers https:\/\/soundcloud.com\/billych4mbers BIG THANKS!!!! EVERY SINGLE ONE OF YOU WATCHING THESE VLOGS!!!!! @Bengravyy @KingdomOfDana @CWPeekauk @MikeDawsy HIgh Cascade Windells @CarinthiaParks www.carinthiaparks.com @CGHabitats www.store.candygrind.com @Arborsnowboards www.arborcollective.com @Jamaalsdankhabits @WorshipSkateboards @IdealSkateShopNorwich www.idealskateshopnorwich.com @PufCreativ @Murkemlondon @Damablancamusic @Kamoflagecpr @gwizmusic @Billych4mbers @Beatsbytomwatson @_Lasko Text me Records Ryan Little AIRDROP AND ALL THE BOYS!!!!\"><\/div><\/div><div class=\"lL\" style=\"max-width:100%;width:853px;margin:5px auto;\"><br\/><span class=\"lyte_disclaimer\">Please also note that by using our services and integrating the YouTube API Services, the <a href=\"https:\/\/www.youtube.com\/t\/terms\">YouTube Terms of Service<\/a> and the <a href=\"https:\/\/developers.google.com\/youtube\/terms\/api-services-terms-of-service-emea\">YouTube API Services Terms<\/a> apply and your use of our website is deemed to be acceptance of these terms.<\/span><\/div><figcaption><\/figcaption><\/figure>\n<h2 id=\"whistlerkanada\">Whistler\/Kanada<\/h2>\n<p>Whistler w Kolumbii Brytyjskiej w Kanadzie mo\u017ce by\u0107 jednocze\u015bnie celem podr\u00f3\u017cy mi\u0142o\u015bnik\u00f3w sport\u00f3w letnich i zimowych. Latem wyci\u0105gi narciarskie dzia\u0142aj\u0105 na lodowcu Horstman, umo\u017cliwiaj\u0105c wszystkim entuzjastom \u015bniegu realizowanie swojej pasji. Na lodowcu znajduje si\u0119 nawet snowpark, kt\u00f3ry czeka na odkrycie. Aby nie przegapi\u0107 wspania\u0142ej panoramy doliny Whistler, entuzja\u015bci sport\u00f3w zimowych powinni zatrzyma\u0107 si\u0119 na chwil\u0119 lub nawet odetchn\u0105\u0107 na szczycie g\u00f3ry Blackcomb, a po po\u0142udniu wybra\u0107 si\u0119 na wycieczk\u0119 rowerem g\u00f3rskim. Po\u0142\u0105czenie jazdy na nartach i rowerze w ci\u0105gu jednego dnia jest tutaj mo\u017cliwe!<\/p>\n<p>W 2010 roku Whistler by\u0142o gospodarzem Zimowych Igrzysk Olimpijskich, ale stoki s\u0105 r\u00f3wnie\u017c przyjemne latem:<\/p>\n<figure class=\"wp-block-embed-youtube wp-block-embed is-type-video is-provider-youtube wp-embed-aspect-16-9 wp-has-aspect-ratio\"><div class=\"lyte-wrapper\" title=\"Whistler Summer Skiing\" style=\"width:853px;max-width:100%;margin:5px auto;\"><div class=\"lyMe\" id=\"WYL_mQrcjW0G22I\" itemprop=\"video\" itemscope itemtype=\"https:\/\/schema.org\/VideoObject\"><div><meta itemprop=\"thumbnailUrl\" content=\"https:\/\/www.snowtrex.pl\/magazyn\/wp-content\/plugins\/wp-youtube-lyte\/lyteCache.php?origThumbUrl=https%3A%2F%2Fi.ytimg.com%2Fvi%2FmQrcjW0G22I%2Fhqdefault.jpg\" \/><meta itemprop=\"embedURL\" content=\"https:\/\/www.youtube.com\/embed\/mQrcjW0G22I\" \/><meta itemprop=\"duration\" content=\"PT1M53S\" \/><meta itemprop=\"uploadDate\" content=\"2013-07-22T21:49:30Z\" \/><\/div><div id=\"lyte_mQrcjW0G22I\" data-src=\"https:\/\/www.snowtrex.pl\/magazyn\/wp-content\/plugins\/wp-youtube-lyte\/lyteCache.php?origThumbUrl=https%3A%2F%2Fi.ytimg.com%2Fvi%2FmQrcjW0G22I%2Fhqdefault.jpg\" class=\"pL\"><div class=\"tC\"><div class=\"tT\" itemprop=\"name\">Whistler Summer Skiing<\/div><\/div><div class=\"play\"><\/div><div class=\"ctrl\"><div class=\"Lctrl\"><\/div><div class=\"Rctrl\"><\/div><\/div><\/div><noscript><a href=\"http:\/\/youtu.be\/mQrcjW0G22I\" rel=\"nofollow\"><img loading=\"lazy\" decoding=\"async\" src=\"https:\/\/www.snowtrex.pl\/magazyn\/wp-content\/plugins\/wp-youtube-lyte\/lyteCache.php?origThumbUrl=http%3A%2F%2Fi.ytimg.com%2Fvi%2FmQrcjW0G22I%2F0.jpg\" alt=\"Whistler Summer Skiing\" width=\"853\" height=\"460\" \/><br \/>Watch this video on YouTube<\/a><\/noscript><meta itemprop=\"description\" content=\"I went to Camp Of Champions, Whistler in july 2013. Heres some clips from the trip, Unfortunately hurt my knee a little on the 2nd week and was unable to jump for the rest of the trip. so lack of jump stuff. hope you enjoy. Thanks to Salomon, Oakley, Bayleys, R&amp;R Sport. Music Name, Chinatown Artists, Wild nothing Album, Gemini\"><\/div><\/div><div class=\"lL\" style=\"max-width:100%;width:853px;margin:5px auto;\"><br\/><span class=\"lyte_disclaimer\">Please also note that by using our services and integrating the YouTube API Services, the <a href=\"https:\/\/www.youtube.com\/t\/terms\">YouTube Terms of Service<\/a> and the <a href=\"https:\/\/developers.google.com\/youtube\/terms\/api-services-terms-of-service-emea\">YouTube API Services Terms<\/a> apply and your use of our website is deemed to be acceptance of these terms.<\/span><\/div><figcaption><\/figcaption><\/figure>\n","protected":false},"excerpt":{"rendered":"<p>W wielu o\u015brodkach narciarskich sezon narciarski ko\u0144czy si\u0119 pod koniec kwietnia. Nie oznacza to jednak, \u017ce prawdziwi fani stok\u00f3w w og\u00f3le nie mog\u0105 je\u017adzi\u0107 na nartach lub desce. Dla wszystkich tych, kt\u00f3rzy nie chc\u0105 odk\u0142ada\u0107 desek na letnie miesi\u0105ce, SnowTrex przygotowa\u0142 list\u0119 teren\u00f3w narciarskich na ca\u0142ym \u015bwiecie, kt\u00f3re nie wy\u0142\u0105czaj\u0105 swoich wyci\u0105g\u00f3w w og\u00f3le lub tylko na kr\u00f3tki czas. Jazda na nartach latem jest mo\u017cliwa r\u00f3wnie\u017c tutaj!<\/p>\n","protected":false},"author":175,"featured_media":53339,"comment_status":"closed","ping_status":"closed","sticky":false,"template":"","format":"standard","meta":{"footnotes":""},"categories":[185],"tags":[52,5761,95,208,5710,74,5678,5474,5768,5354,5475,5736,5770,28,211,5674,5746,5760,5681,53,252],"class_list":["post-13735","post","type-post","status-publish","format-standard","has-post-thumbnail","hentry","category-urlop-sporty-zimowe","tag-austria","tag-dolina_ziller","tag-francja","tag-hintertux","tag-isere","tag-les_2_alpes","tag-matterhorn","tag-oisans","tag-ortles","tag-prato_allo_stelvio_niem-_prad_am_stilfserjoch","tag-saas-fee","tag-saastal","tag-sabaudia","tag-szwajcaria","tag-tignes","tag-tignes-val-disere","tag-tyrol","tag-tyrol-poludniowy","tag-wallis","tag-wlochy","tag-zermatt"],"yoast_head":"<!-- This site is optimized with the Yoast SEO Premium plugin v27.3 (Yoast SEO v27.3) - https:\/\/yoast.com\/product\/yoast-seo-premium-wordpress\/ -->\n<title>Jazda na nartach w lecie \u2013 tereny narciarskie otwarte r\u00f3wnie\u017c latem!<\/title>\n<meta name=\"description\" content=\"Jazda na nartach latem - wyj\u0105tkowe do\u015bwiadczenie! SnowTrex zebra\u0142 o\u015brodki narciarskie na ca\u0142ym \u015bwiecie, kt\u00f3re nie wy\u0142\u0105czaj\u0105 swoich wyci\u0105g\u00f3w.\" \/>\n<meta name=\"robots\" content=\"index, follow, max-snippet:-1, max-image-preview:large, max-video-preview:-1\" \/>\n<link rel=\"canonical\" href=\"https:\/\/www.snowtrex.pl\/magazyn\/urlop-sporty-zimowe\/jazda-na-nartach-w-lecie\/\" \/>\n<meta property=\"og:locale\" content=\"pl_PL\" \/>\n<meta property=\"og:type\" content=\"article\" \/>\n<meta property=\"og:title\" content=\"Jazda na nartach latem: na tych letnich terenach narciarskich jest mo\u017cliwa\" \/>\n<meta property=\"og:description\" content=\"W wielu o\u015brodkach narciarskich sezon narciarski ko\u0144czy si\u0119 pod koniec kwietnia. Nie oznacza to jednak, \u017ce prawdziwi fani stok\u00f3w w og\u00f3le nie mog\u0105 je\u017adzi\u0107 na nartach lub desce. Dla wszystkich tych, kt\u00f3rzy nie chc\u0105 odk\u0142ada\u0107 desek na letnie miesi\u0105ce, SnowTrex przygotowa\u0142 list\u0119 teren\u00f3w narciarskich na ca\u0142ym \u015bwiecie, kt\u00f3re nie wy\u0142\u0105czaj\u0105 swoich wyci\u0105g\u00f3w w og\u00f3le lub tylko na kr\u00f3tki czas. Jazda na nartach latem jest mo\u017cliwa r\u00f3wnie\u017c tutaj!\" \/>\n<meta property=\"og:url\" content=\"https:\/\/www.snowtrex.pl\/magazyn\/urlop-sporty-zimowe\/jazda-na-nartach-w-lecie\/\" \/>\n<meta property=\"og:site_name\" content=\"SnowTrex magazyn narciarski\" \/>\n<meta property=\"article:publisher\" content=\"https:\/\/www.facebook.com\/SnowTrex.de\/\" \/>\n<meta property=\"article:author\" content=\"https:\/\/www.facebook.com\/snowtrex\/\" \/>\n<meta property=\"article:published_time\" content=\"2026-04-20T23:00:00+00:00\" \/>\n<meta property=\"article:modified_time\" content=\"2026-04-21T10:01:25+00:00\" \/>\n<meta property=\"og:image\" content=\"https:\/\/www.snowtrex.pl\/magazyn\/files\/2022\/05\/RS4945_shutterstock_321268706-scr.jpg\" \/>\n\t<meta property=\"og:image:width\" content=\"1440\" \/>\n\t<meta property=\"og:image:height\" content=\"962\" \/>\n\t<meta property=\"og:image:type\" content=\"image\/jpeg\" \/>\n<meta name=\"author\" content=\"SnowTrex\" \/>\n<meta name=\"twitter:label1\" content=\"Napisane przez\" \/>\n\t<meta name=\"twitter:data1\" content=\"SnowTrex\" \/>\n\t<meta name=\"twitter:label2\" content=\"Szacowany czas czytania\" \/>\n\t<meta name=\"twitter:data2\" content=\"10 minut\" \/>\n<script type=\"application\/ld+json\" class=\"yoast-schema-graph\">{\"@context\":\"https:\\\/\\\/schema.org\",\"@graph\":[{\"@type\":\"Article\",\"@id\":\"http:\\\/\\\/wp-magazin.snowtrex.pl\\\/urlop-sporty-zimowe\\\/jazda-na-nartach-w-lecie\\\/#article\",\"isPartOf\":{\"@id\":\"http:\\\/\\\/wp-magazin.snowtrex.pl\\\/urlop-sporty-zimowe\\\/jazda-na-nartach-w-lecie\\\/\"},\"author\":{\"name\":\"SnowTrex\",\"@id\":\"http:\\\/\\\/wp-magazin.snowtrex.pl\\\/#\\\/schema\\\/person\\\/8e389f383d57ca71d928d1ce1eebb566\"},\"headline\":\"Jazda na nartach latem: na tych letnich terenach narciarskich jest mo\u017cliwa\",\"datePublished\":\"2026-04-20T23:00:00+00:00\",\"dateModified\":\"2026-04-21T10:01:25+00:00\",\"mainEntityOfPage\":{\"@id\":\"http:\\\/\\\/wp-magazin.snowtrex.pl\\\/urlop-sporty-zimowe\\\/jazda-na-nartach-w-lecie\\\/\"},\"wordCount\":1647,\"publisher\":{\"@id\":\"http:\\\/\\\/wp-magazin.snowtrex.pl\\\/#organization\"},\"image\":{\"@id\":\"http:\\\/\\\/wp-magazin.snowtrex.pl\\\/urlop-sporty-zimowe\\\/jazda-na-nartach-w-lecie\\\/#primaryimage\"},\"thumbnailUrl\":\"http:\\\/\\\/wp-magazin.snowtrex.pl\\\/files\\\/2022\\\/05\\\/RS4945_shutterstock_321268706-scr.jpg\",\"keywords\":[\"Austria\",\"Dolina Ziller\",\"Francja\",\"Hintertux\",\"Is\u00e8re\",\"Les 2 Alpes\",\"Matterhorn\",\"Oisans\",\"Ortles\",\"Prato allo Stelvio (niem. Prad am Stilfserjoch)\",\"Saas-Fee\",\"Saastal\",\"Sabaudia\",\"Szwajcaria\",\"Tignes\",\"Tignes \u2013 Val d\u2019Is\u00e8re\",\"Tyrol\",\"Tyrol Po\u0142udniowy\",\"Wallis\",\"W\u0142ochy\",\"Zermatt\"],\"articleSection\":[\"Urlop &amp; Sporty zimowe\"],\"inLanguage\":\"pl-PL\"},{\"@type\":\"WebPage\",\"@id\":\"http:\\\/\\\/wp-magazin.snowtrex.pl\\\/urlop-sporty-zimowe\\\/jazda-na-nartach-w-lecie\\\/\",\"url\":\"http:\\\/\\\/wp-magazin.snowtrex.pl\\\/urlop-sporty-zimowe\\\/jazda-na-nartach-w-lecie\\\/\",\"name\":\"Jazda na nartach w lecie \u2013 tereny narciarskie otwarte r\u00f3wnie\u017c latem!\",\"primaryImageOfPage\":{\"@id\":\"http:\\\/\\\/wp-magazin.snowtrex.pl\\\/urlop-sporty-zimowe\\\/jazda-na-nartach-w-lecie\\\/#primaryimage\"},\"image\":{\"@id\":\"http:\\\/\\\/wp-magazin.snowtrex.pl\\\/urlop-sporty-zimowe\\\/jazda-na-nartach-w-lecie\\\/#primaryimage\"},\"thumbnailUrl\":\"http:\\\/\\\/wp-magazin.snowtrex.pl\\\/files\\\/2022\\\/05\\\/RS4945_shutterstock_321268706-scr.jpg\",\"datePublished\":\"2026-04-20T23:00:00+00:00\",\"dateModified\":\"2026-04-21T10:01:25+00:00\",\"description\":\"Jazda na nartach latem - wyj\u0105tkowe do\u015bwiadczenie! SnowTrex zebra\u0142 o\u015brodki narciarskie na ca\u0142ym \u015bwiecie, kt\u00f3re nie wy\u0142\u0105czaj\u0105 swoich wyci\u0105g\u00f3w.\",\"inLanguage\":\"pl-PL\"},{\"@type\":\"ImageObject\",\"inLanguage\":\"pl-PL\",\"@id\":\"http:\\\/\\\/wp-magazin.snowtrex.pl\\\/urlop-sporty-zimowe\\\/jazda-na-nartach-w-lecie\\\/#primaryimage\",\"url\":\"http:\\\/\\\/wp-magazin.snowtrex.pl\\\/files\\\/2022\\\/05\\\/RS4945_shutterstock_321268706-scr.jpg\",\"contentUrl\":\"http:\\\/\\\/wp-magazin.snowtrex.pl\\\/files\\\/2022\\\/05\\\/RS4945_shutterstock_321268706-scr.jpg\",\"width\":1440,\"height\":962},{\"@type\":\"WebSite\",\"@id\":\"http:\\\/\\\/wp-magazin.snowtrex.pl\\\/#website\",\"url\":\"http:\\\/\\\/wp-magazin.snowtrex.pl\\\/\",\"name\":\"SnowTrex magazyn narciarski\",\"description\":\"wszystko na temat narciarstwa, snowboardu i urlopu zimowego!\",\"publisher\":{\"@id\":\"http:\\\/\\\/wp-magazin.snowtrex.pl\\\/#organization\"},\"inLanguage\":\"pl-PL\"},{\"@type\":\"Organization\",\"@id\":\"http:\\\/\\\/wp-magazin.snowtrex.pl\\\/#organization\",\"name\":\"TravelTrex GmbH\",\"url\":\"http:\\\/\\\/wp-magazin.snowtrex.pl\\\/\",\"logo\":{\"@type\":\"ImageObject\",\"inLanguage\":\"pl-PL\",\"@id\":\"http:\\\/\\\/wp-magazin.snowtrex.pl\\\/#\\\/schema\\\/logo\\\/image\\\/\",\"url\":\"\",\"contentUrl\":\"\",\"caption\":\"TravelTrex GmbH\"},\"image\":{\"@id\":\"http:\\\/\\\/wp-magazin.snowtrex.pl\\\/#\\\/schema\\\/logo\\\/image\\\/\"},\"sameAs\":[\"https:\\\/\\\/www.facebook.com\\\/SnowTrex.de\\\/\",\"https:\\\/\\\/www.instagram.com\\\/snowtrex_ski\\\/\"],\"description\":\"Od 1999 roku SnowTrex jest wiod\u0105cym niemieckim organizatorem wyjazd\u00f3w narciarskich. Firma oferuje swoje us\u0142ugi w 13 j\u0119zykach i co roku zabiera ponad 100 000 go\u015bci do popularnych miejsc, takich jak Austria, Francja, W\u0142ochy, Szwajcaria i Niemcy.\",\"email\":\"info-pl@snowtrex.com\",\"telephone\":\"22 380 39 00\",\"legalName\":\"TravelTrex GmbH\",\"foundingDate\":\"1999-07-01\",\"vatID\":\"DE 813 076 768\",\"numberOfEmployees\":{\"@type\":\"QuantitativeValue\",\"minValue\":\"51\",\"maxValue\":\"200\"}},{\"@type\":\"Person\",\"@id\":\"http:\\\/\\\/wp-magazin.snowtrex.pl\\\/#\\\/schema\\\/person\\\/8e389f383d57ca71d928d1ce1eebb566\",\"name\":\"SnowTrex\",\"description\":\"Redakcja magazynu SnowTrex sk\u0142ada si\u0119 z do\u015bwiadczonych mi\u0142o\u015bnik\u00f3w sport\u00f3w zimowych i ekspert\u00f3w turystycznych, kt\u00f3rzy dziel\u0105 si\u0119 swoj\u0105 pasj\u0105 w merytorycznych artyku\u0142ach na temat o\u015brodk\u00f3w narciarskich, sprz\u0119tu i wskaz\u00f3wek dotycz\u0105cych podr\u00f3\u017cy. Od 1999 roku SnowTrex jest wiod\u0105cym niemieckim organizatorem wyjazd\u00f3w narciarskich. Firma oferuje swoje us\u0142ugi w 13 j\u0119zykach i co roku zabiera ponad 100 000 go\u015bci do popularnych miejsc, takich jak Austria, Francja, W\u0142ochy, Szwajcaria i Niemcy.\",\"sameAs\":[\"https:\\\/\\\/www.snowtrex.pl\\\/\",\"https:\\\/\\\/www.facebook.com\\\/snowtrex\\\/\",\"https:\\\/\\\/www.instagram.com\\\/snowtrex_ski\\\/\",\"https:\\\/\\\/www.youtube.com\\\/c\\\/SnowTrex\"]}]}<\/script>\n<!-- \/ Yoast SEO Premium plugin. -->","yoast_head_json":{"title":"Jazda na nartach w lecie \u2013 tereny narciarskie otwarte r\u00f3wnie\u017c latem!","description":"Jazda na nartach latem - wyj\u0105tkowe do\u015bwiadczenie! SnowTrex zebra\u0142 o\u015brodki narciarskie na ca\u0142ym \u015bwiecie, kt\u00f3re nie wy\u0142\u0105czaj\u0105 swoich wyci\u0105g\u00f3w.","robots":{"index":"index","follow":"follow","max-snippet":"max-snippet:-1","max-image-preview":"max-image-preview:large","max-video-preview":"max-video-preview:-1"},"canonical":"https:\/\/www.snowtrex.pl\/magazyn\/urlop-sporty-zimowe\/jazda-na-nartach-w-lecie\/","og_locale":"pl_PL","og_type":"article","og_title":"Jazda na nartach latem: na tych letnich terenach narciarskich jest mo\u017cliwa","og_description":"W wielu o\u015brodkach narciarskich sezon narciarski ko\u0144czy si\u0119 pod koniec kwietnia. Nie oznacza to jednak, \u017ce prawdziwi fani stok\u00f3w w og\u00f3le nie mog\u0105 je\u017adzi\u0107 na nartach lub desce. Dla wszystkich tych, kt\u00f3rzy nie chc\u0105 odk\u0142ada\u0107 desek na letnie miesi\u0105ce, SnowTrex przygotowa\u0142 list\u0119 teren\u00f3w narciarskich na ca\u0142ym \u015bwiecie, kt\u00f3re nie wy\u0142\u0105czaj\u0105 swoich wyci\u0105g\u00f3w w og\u00f3le lub tylko na kr\u00f3tki czas. Jazda na nartach latem jest mo\u017cliwa r\u00f3wnie\u017c tutaj!","og_url":"https:\/\/www.snowtrex.pl\/magazyn\/urlop-sporty-zimowe\/jazda-na-nartach-w-lecie\/","og_site_name":"SnowTrex magazyn narciarski","article_publisher":"https:\/\/www.facebook.com\/SnowTrex.de\/","article_author":"https:\/\/www.facebook.com\/snowtrex\/","article_published_time":"2026-04-20T23:00:00+00:00","article_modified_time":"2026-04-21T10:01:25+00:00","og_image":[{"width":1440,"height":962,"url":"https:\/\/www.snowtrex.pl\/magazyn\/files\/2022\/05\/RS4945_shutterstock_321268706-scr.jpg","type":"image\/jpeg"}],"author":"SnowTrex","twitter_misc":{"Napisane przez":"SnowTrex","Szacowany czas czytania":"10 minut"},"schema":{"@context":"https:\/\/schema.org","@graph":[{"@type":"Article","@id":"https:\/\/www.snowtrex.pl\/magazyn\/urlop-sporty-zimowe\/jazda-na-nartach-w-lecie\/#article","isPartOf":{"@id":"https:\/\/www.snowtrex.pl\/magazyn\/urlop-sporty-zimowe\/jazda-na-nartach-w-lecie\/"},"author":{"name":"SnowTrex","@id":"https:\/\/www.snowtrex.pl\/magazyn\/#\/schema\/person\/8e389f383d57ca71d928d1ce1eebb566"},"headline":"Jazda na nartach latem: na tych letnich terenach narciarskich jest mo\u017cliwa","datePublished":"2026-04-20T23:00:00+00:00","dateModified":"2026-04-21T10:01:25+00:00","mainEntityOfPage":{"@id":"https:\/\/www.snowtrex.pl\/magazyn\/urlop-sporty-zimowe\/jazda-na-nartach-w-lecie\/"},"wordCount":1647,"publisher":{"@id":"https:\/\/www.snowtrex.pl\/magazyn\/#organization"},"image":{"@id":"https:\/\/www.snowtrex.pl\/magazyn\/urlop-sporty-zimowe\/jazda-na-nartach-w-lecie\/#primaryimage"},"thumbnailUrl":"https:\/\/www.snowtrex.pl\/magazyn\/files\/2022\/05\/RS4945_shutterstock_321268706-scr.jpg","keywords":["Austria","Dolina Ziller","Francja","Hintertux","Is\u00e8re","Les 2 Alpes","Matterhorn","Oisans","Ortles","Prato allo Stelvio (niem. Prad am Stilfserjoch)","Saas-Fee","Saastal","Sabaudia","Szwajcaria","Tignes","Tignes \u2013 Val d\u2019Is\u00e8re","Tyrol","Tyrol Po\u0142udniowy","Wallis","W\u0142ochy","Zermatt"],"articleSection":["Urlop &amp; Sporty zimowe"],"inLanguage":"pl-PL"},{"@type":"WebPage","@id":"https:\/\/www.snowtrex.pl\/magazyn\/urlop-sporty-zimowe\/jazda-na-nartach-w-lecie\/","url":"https:\/\/www.snowtrex.pl\/magazyn\/urlop-sporty-zimowe\/jazda-na-nartach-w-lecie\/","name":"Jazda na nartach w lecie \u2013 tereny narciarskie otwarte r\u00f3wnie\u017c latem!","primaryImageOfPage":{"@id":"https:\/\/www.snowtrex.pl\/magazyn\/urlop-sporty-zimowe\/jazda-na-nartach-w-lecie\/#primaryimage"},"image":{"@id":"https:\/\/www.snowtrex.pl\/magazyn\/urlop-sporty-zimowe\/jazda-na-nartach-w-lecie\/#primaryimage"},"thumbnailUrl":"https:\/\/www.snowtrex.pl\/magazyn\/files\/2022\/05\/RS4945_shutterstock_321268706-scr.jpg","datePublished":"2026-04-20T23:00:00+00:00","dateModified":"2026-04-21T10:01:25+00:00","description":"Jazda na nartach latem - wyj\u0105tkowe do\u015bwiadczenie! SnowTrex zebra\u0142 o\u015brodki narciarskie na ca\u0142ym \u015bwiecie, kt\u00f3re nie wy\u0142\u0105czaj\u0105 swoich wyci\u0105g\u00f3w.","inLanguage":"pl-PL"},{"@type":"ImageObject","inLanguage":"pl-PL","@id":"https:\/\/www.snowtrex.pl\/magazyn\/urlop-sporty-zimowe\/jazda-na-nartach-w-lecie\/#primaryimage","url":"https:\/\/www.snowtrex.pl\/magazyn\/files\/2022\/05\/RS4945_shutterstock_321268706-scr.jpg","contentUrl":"https:\/\/www.snowtrex.pl\/magazyn\/files\/2022\/05\/RS4945_shutterstock_321268706-scr.jpg","width":1440,"height":962},{"@type":"WebSite","@id":"https:\/\/www.snowtrex.pl\/magazyn\/#website","url":"https:\/\/www.snowtrex.pl\/magazyn\/","name":"SnowTrex magazyn narciarski","description":"wszystko na temat narciarstwa, snowboardu i urlopu zimowego!","publisher":{"@id":"https:\/\/www.snowtrex.pl\/magazyn\/#organization"},"inLanguage":"pl-PL"},{"@type":"Organization","@id":"https:\/\/www.snowtrex.pl\/magazyn\/#organization","name":"TravelTrex GmbH","url":"https:\/\/www.snowtrex.pl\/magazyn\/","logo":{"@type":"ImageObject","inLanguage":"pl-PL","@id":"https:\/\/www.snowtrex.pl\/magazyn\/#\/schema\/logo\/image\/","url":"","contentUrl":"","caption":"TravelTrex GmbH"},"image":{"@id":"https:\/\/www.snowtrex.pl\/magazyn\/#\/schema\/logo\/image\/"},"sameAs":["https:\/\/www.facebook.com\/SnowTrex.de\/","https:\/\/www.instagram.com\/snowtrex_ski\/"],"description":"Od 1999 roku SnowTrex jest wiod\u0105cym niemieckim organizatorem wyjazd\u00f3w narciarskich. Firma oferuje swoje us\u0142ugi w 13 j\u0119zykach i co roku zabiera ponad 100 000 go\u015bci do popularnych miejsc, takich jak Austria, Francja, W\u0142ochy, Szwajcaria i Niemcy.","email":"info-pl@snowtrex.com","telephone":"22 380 39 00","legalName":"TravelTrex GmbH","foundingDate":"1999-07-01","vatID":"DE 813 076 768","numberOfEmployees":{"@type":"QuantitativeValue","minValue":"51","maxValue":"200"}},{"@type":"Person","@id":"https:\/\/www.snowtrex.pl\/magazyn\/#\/schema\/person\/8e389f383d57ca71d928d1ce1eebb566","name":"SnowTrex","description":"Redakcja magazynu SnowTrex sk\u0142ada si\u0119 z do\u015bwiadczonych mi\u0142o\u015bnik\u00f3w sport\u00f3w zimowych i ekspert\u00f3w turystycznych, kt\u00f3rzy dziel\u0105 si\u0119 swoj\u0105 pasj\u0105 w merytorycznych artyku\u0142ach na temat o\u015brodk\u00f3w narciarskich, sprz\u0119tu i wskaz\u00f3wek dotycz\u0105cych podr\u00f3\u017cy. Od 1999 roku SnowTrex jest wiod\u0105cym niemieckim organizatorem wyjazd\u00f3w narciarskich. Firma oferuje swoje us\u0142ugi w 13 j\u0119zykach i co roku zabiera ponad 100 000 go\u015bci do popularnych miejsc, takich jak Austria, Francja, W\u0142ochy, Szwajcaria i Niemcy.","sameAs":["https:\/\/www.snowtrex.pl\/","https:\/\/www.facebook.com\/snowtrex\/","https:\/\/www.instagram.com\/snowtrex_ski\/","https:\/\/www.youtube.com\/c\/SnowTrex"]}]}},"wp-worthy-pixel":{"ignored":false,"public":null,"server":null,"url":null},"wp-worthy-type":"normal","_links":{"self":[{"href":"https:\/\/www.snowtrex.pl\/magazyn\/wp-json\/wp\/v2\/posts\/13735","targetHints":{"allow":["GET"]}}],"collection":[{"href":"https:\/\/www.snowtrex.pl\/magazyn\/wp-json\/wp\/v2\/posts"}],"about":[{"href":"https:\/\/www.snowtrex.pl\/magazyn\/wp-json\/wp\/v2\/types\/post"}],"author":[{"embeddable":true,"href":"https:\/\/www.snowtrex.pl\/magazyn\/wp-json\/wp\/v2\/users\/175"}],"replies":[{"embeddable":true,"href":"https:\/\/www.snowtrex.pl\/magazyn\/wp-json\/wp\/v2\/comments?post=13735"}],"version-history":[{"count":22,"href":"https:\/\/www.snowtrex.pl\/magazyn\/wp-json\/wp\/v2\/posts\/13735\/revisions"}],"predecessor-version":[{"id":55581,"href":"https:\/\/www.snowtrex.pl\/magazyn\/wp-json\/wp\/v2\/posts\/13735\/revisions\/55581"}],"wp:featuredmedia":[{"embeddable":true,"href":"https:\/\/www.snowtrex.pl\/magazyn\/wp-json\/wp\/v2\/media\/53339"}],"wp:attachment":[{"href":"https:\/\/www.snowtrex.pl\/magazyn\/wp-json\/wp\/v2\/media?parent=13735"}],"wp:term":[{"taxonomy":"category","embeddable":true,"href":"https:\/\/www.snowtrex.pl\/magazyn\/wp-json\/wp\/v2\/categories?post=13735"},{"taxonomy":"post_tag","embeddable":true,"href":"https:\/\/www.snowtrex.pl\/magazyn\/wp-json\/wp\/v2\/tags?post=13735"}],"curies":[{"name":"wp","href":"https:\/\/api.w.org\/{rel}","templated":true}]}}