{"id":15024,"date":"2023-04-25T01:00:00","date_gmt":"2023-04-24T23:00:00","guid":{"rendered":"https:\/\/www.snowtrex.pl\/magazyn\/?p=15024"},"modified":"2025-06-26T14:49:33","modified_gmt":"2025-06-26T12:49:33","slug":"jazda-ratrakiem","status":"publish","type":"post","link":"https:\/\/www.snowtrex.pl\/magazyn\/osrodki-narciarskie\/jazda-ratrakiem\/","title":{"rendered":"Jazda ratrakiem  \u2013 atrakcja dla ka\u017cdego!"},"content":{"rendered":"<p><strong>Ka\u017cdego wieczora ogromne ratraki przekszta\u0142caj\u0105 zje\u017cd\u017cone w ci\u0105gu dnia trasy w nieskazitelny bia\u0142y dywan. Na niekt\u00f3rych terenach narciarskich mo\u017cna jako pasa\u017cer tego pojazdu o mocy nawet do 500 koni mechanicznych podziwia\u0107 z bliska prac\u0119 \u201ebohater\u00f3w nocy\u201c. <\/strong><strong>W nielicznych o\u015brodkach dozwolone jest nawet kierowanie ratrakiem! Z regu\u0142y pojazdy wyruszaj\u0105 na stok po oficjalnym zamkni\u0119ciu wyci\u0105g\u00f3w w godz. 16:00-17:00, z przeja\u017cd\u017cki mo\u017cna zatem bez problemu skorzysta\u0107 zaraz po zako\u0144czeniu dnia na stoku. Niew\u0105tpliw\u0105 zalet\u0105 dla go\u015bci jest fakt, \u017ce \u017cadne wcze\u015bniejsze przygotowanie nie jest wymagane. W przypadku dzieci konieczny jest jedynie odpowiedni wzrost, doro\u015bli mog\u0105 natomiast w niekt\u00f3rych o\u015brodkach i za odpowiedni\u0105 dop\u0142at\u0105 sami usi\u0105\u015b\u0107 za kierownic\u0105. Tak\u017ce w tym przypadku nie s\u0105 wymagane dodatkowe kwalifikacje \u2013 poza prawem jazdy \u2013 wszelkie wskaz\u00f3wki s\u0105 bowiem udzielane przez kierowc\u0119. Ochota na zjazd ze stoku w zupe\u0142nie innym stylu? Poni\u017cej zestawili\u015bmy kilka propozycji.<\/strong><\/p>\n<div class=\"tt-post-image-wrapper tt-post-image-wrapper-full\">\n            <div class=\"tt-image-copyright-container\">\n                <a href=\"https:\/\/www.snowtrex.pl\/magazyn\/files\/2019\/09\/DSC_8357.jpg\"><img loading=\"lazy\" decoding=\"async\" data-wrapped=\"true\" class=\"wp-image-21168 size-Artikelbild_gro\u00df\" title=\"Jazda ratrakiem  \u2013 atrakcja dla ka\u017cdego!\" src=\"https:\/\/www.snowtrex.pl\/magazyn\/files\/2019\/09\/DSC_8357-729x486.jpg\" alt=\"Jazda ratrakiem  \u2013 atrakcja dla ka\u017cdego!\" width=\"729\" height=\"486\" srcset=\"https:\/\/www.snowtrex.pl\/magazyn\/files\/2019\/09\/DSC_8357-729x486.jpg 729w, https:\/\/www.snowtrex.pl\/magazyn\/files\/2019\/09\/DSC_8357-300x200.jpg 300w, https:\/\/www.snowtrex.pl\/magazyn\/files\/2019\/09\/DSC_8357-1024x681.jpg 1024w, https:\/\/www.snowtrex.pl\/magazyn\/files\/2019\/09\/DSC_8357-600x399.jpg 600w, https:\/\/www.snowtrex.pl\/magazyn\/files\/2019\/09\/DSC_8357-468x312.jpg 468w, https:\/\/www.snowtrex.pl\/magazyn\/files\/2019\/09\/DSC_8357-999x666.jpg 999w, https:\/\/www.snowtrex.pl\/magazyn\/files\/2019\/09\/DSC_8357-645x430.jpg 645w, https:\/\/www.snowtrex.pl\/magazyn\/files\/2019\/09\/DSC_8357-552x368.jpg 552w, https:\/\/www.snowtrex.pl\/magazyn\/files\/2019\/09\/DSC_8357-405x270.jpg 405w, https:\/\/www.snowtrex.pl\/magazyn\/files\/2019\/09\/DSC_8357-336x224.jpg 336w, https:\/\/www.snowtrex.pl\/magazyn\/files\/2019\/09\/DSC_8357-276x184.jpg 276w, https:\/\/www.snowtrex.pl\/magazyn\/files\/2019\/09\/DSC_8357-234x156.jpg 234w, https:\/\/www.snowtrex.pl\/magazyn\/files\/2019\/09\/DSC_8357-192x128.jpg 192w, https:\/\/www.snowtrex.pl\/magazyn\/files\/2019\/09\/DSC_8357-120x80.jpg 120w, https:\/\/www.snowtrex.pl\/magazyn\/files\/2019\/09\/DSC_8357-30x20.jpg 30w, https:\/\/www.snowtrex.pl\/magazyn\/files\/2019\/09\/DSC_8357.jpg 1200w\" sizes=\"(min-width: 1009px) 729px, (min-width: 819px) 594px, (min-width: 569px) 729px, (min-width: 449px) 468px, 348px\" \/><\/a><div class=\"tt-image-copyright\" data-image-id=\"21168\">\u00a9 SkiWelt Wilder Kaiser - Brixental<\/div>\n            <\/div>\n            <div class=\"tt-post-caption\">Jazda ratrakiem \u2013 atrakcja dla ka\u017cdego!<\/div>\n         <\/div > \n<div class=\"tt-table-of-content\">\n                <span class=\"tt-icon-circle-up tt-table-of-content-button\"><\/span><\/p>\n<div class=\"tt-table-of-content-caption\">\n                    Spis tre\u015bci\n                <\/div>\n<div class=\"tt-table-of-content-body\">\n                    <a href=\"#zillertal-arena\"><span class=\"layer-0\">Zillertal Arena<\/span><\/a><a href=\"#serfaus-i-fiss\"><span class=\"layer-0\">Serfaus i Fiss<\/span><\/a><a href=\"#zugspitzarena\"><span class=\"layer-0\">Zugspitzarena<\/span><\/a><a href=\"#hochschwarzwald\"><span class=\"layer-0\">Hochschwarzwald<\/span><\/a><a href=\"#hochzeiger\"><span class=\"layer-0\">Hochzeiger<\/span><\/a><a href=\"#saalbach\"><span class=\"layer-0\">Saalbach<\/span><\/a><a href=\"#montafon\"><span class=\"layer-0\">Montafon<\/span><\/a>\n                 <\/div>\n<\/p><\/div>\n<hr>\n<h2 id=\"zillertal-arena\">Zillertal Arena<\/h2>\n<p>Z dolnej stacji wyci\u0105gu Gerlosstein wyruszy\u0107 mo\u017cna na teren narciarski, gdzie na samej g\u00f3rze czeka na go\u015bci ratrak. Ca\u0142y przejazd trwa 1,5 h, przed powrotem gondol\u0105 do doliny (ostatni zjazd o 21:15). Alternatyw\u0105 dla mi\u0142o\u015bnik\u00f3w sanek mo\u017ce by\u0107 powr\u00f3t 7-kilometrowym o\u015bwietlonym torem. Koszt przejazdu gondol\u0105 i ratrakiem: 59 \u20ac.<\/p>\n<div class=\"tt-post-image-wrapper tt-post-image-wrapper-full\">\n            <div class=\"tt-image-copyright-container\">\n                <a href=\"https:\/\/www.snowtrex.pl\/magazyn\/files\/2017\/07\/Hohe_Salve_Pistenpr\u00e4parierung_c-Hannes-Dabernig.jpg\"><img loading=\"lazy\" decoding=\"async\" data-wrapped=\"true\" class=\"wp-image-15026 size-Artikelbild_gro\u00df\" title=\"Po zamkni\u0119ciu wyci\u0105g\u00f3w ratraki wyruszaj\u0105 na stoki.\" src=\"https:\/\/www.snowtrex.pl\/magazyn\/files\/2017\/07\/Hohe_Salve_Pistenpr\u00e4parierung_c-Hannes-Dabernig-729x486.jpg\" alt=\"Po zamkni\u0119ciu wyci\u0105g\u00f3w ratraki wyruszaj\u0105 na stoki.\" width=\"729\" height=\"486\" srcset=\"https:\/\/www.snowtrex.pl\/magazyn\/files\/2017\/07\/Hohe_Salve_Pistenpr\u00e4parierung_c-Hannes-Dabernig-729x486.jpg 729w, https:\/\/www.snowtrex.pl\/magazyn\/files\/2017\/07\/Hohe_Salve_Pistenpr\u00e4parierung_c-Hannes-Dabernig-300x200.jpg 300w, https:\/\/www.snowtrex.pl\/magazyn\/files\/2017\/07\/Hohe_Salve_Pistenpr\u00e4parierung_c-Hannes-Dabernig-600x399.jpg 600w, https:\/\/www.snowtrex.pl\/magazyn\/files\/2017\/07\/Hohe_Salve_Pistenpr\u00e4parierung_c-Hannes-Dabernig-30x20.jpg 30w, https:\/\/www.snowtrex.pl\/magazyn\/files\/2017\/07\/Hohe_Salve_Pistenpr\u00e4parierung_c-Hannes-Dabernig-468x312.jpg 468w, https:\/\/www.snowtrex.pl\/magazyn\/files\/2017\/07\/Hohe_Salve_Pistenpr\u00e4parierung_c-Hannes-Dabernig-999x665.jpg 999w, https:\/\/www.snowtrex.pl\/magazyn\/files\/2017\/07\/Hohe_Salve_Pistenpr\u00e4parierung_c-Hannes-Dabernig-645x430.jpg 645w, https:\/\/www.snowtrex.pl\/magazyn\/files\/2017\/07\/Hohe_Salve_Pistenpr\u00e4parierung_c-Hannes-Dabernig-552x368.jpg 552w, https:\/\/www.snowtrex.pl\/magazyn\/files\/2017\/07\/Hohe_Salve_Pistenpr\u00e4parierung_c-Hannes-Dabernig-405x270.jpg 405w, https:\/\/www.snowtrex.pl\/magazyn\/files\/2017\/07\/Hohe_Salve_Pistenpr\u00e4parierung_c-Hannes-Dabernig-336x224.jpg 336w, https:\/\/www.snowtrex.pl\/magazyn\/files\/2017\/07\/Hohe_Salve_Pistenpr\u00e4parierung_c-Hannes-Dabernig-276x184.jpg 276w, https:\/\/www.snowtrex.pl\/magazyn\/files\/2017\/07\/Hohe_Salve_Pistenpr\u00e4parierung_c-Hannes-Dabernig-234x156.jpg 234w, https:\/\/www.snowtrex.pl\/magazyn\/files\/2017\/07\/Hohe_Salve_Pistenpr\u00e4parierung_c-Hannes-Dabernig-192x128.jpg 192w, https:\/\/www.snowtrex.pl\/magazyn\/files\/2017\/07\/Hohe_Salve_Pistenpr\u00e4parierung_c-Hannes-Dabernig-120x80.jpg 120w, https:\/\/www.snowtrex.pl\/magazyn\/files\/2017\/07\/Hohe_Salve_Pistenpr\u00e4parierung_c-Hannes-Dabernig.jpg 1000w\" sizes=\"(min-width: 1009px) 729px, (min-width: 819px) 594px, (min-width: 569px) 729px, (min-width: 449px) 468px, 348px\" \/><\/a><div class=\"tt-image-copyright\" data-image-id=\"15026\">\u00a9 SkiWelt Wilder Kaiser-Brixental\/Hannes Dabernig<\/div>\n            <\/div>\n            <div class=\"tt-post-caption\">Po zamkni\u0119ciu wyci\u0105g\u00f3w ratraki wyruszaj\u0105 na stoki.<\/div>\n         <\/div > \n<h2 id=\"serfaus-i-fiss\">Serfaus i Fiss<\/h2>\n<p>Nieco ta\u0144sz\u0105 alternatyw\u0105 jest 2-godzinna przeja\u017cd\u017cka na terenie narciarskim Serfaus-Fiss-Ladis (46 \u20ac za osob\u0119 doros\u0142\u0105, 28 \u20ac za dziecko). W Serfaus atrakcja zaczyna si\u0119 o 16:15 przy restauracji panoramicznej \u015brodkowej stacji wyci\u0105gu Komperdell, w Fiss natomiast ratrak wyrusza bezpo\u015brednio spod dolnej stacji wyci\u0105gu Sch\u00f6njochbahn. W ka\u017cdym przypadku opr\u00f3cz kierowcy w kabinie zmieszcz\u0105 si\u0119 2-3 osoby doros\u0142e oraz jedno dziecko.<\/p>\n<h2 id=\"zugspitzarena\">Zugspitzarena<\/h2>\n<p>Przejazd ratrakiem w stosunkowo niskiej cenie oferuj\u0105 r\u00f3wnie\u017c wyci\u0105gi Langes w Lermoos. Trasa wok\u00f3\u0142 Grubigstein, podczas kt\u00f3rej pasa\u017cerowie poznaj\u0105 tajniki tego typu pracy, trwa niemal dwie godziny. Dla osoby doros\u0142ej to koszt 40 \u20ac, dla dzieci powy\u017cej 15. roku \u017cycia 25 \u20ac. Warunkiem jest posiadanie wa\u017cnego karnetu na kolejk\u0119 Grubigbahn.<\/p>\n<h2 id=\"hochschwarzwald\">Hochschwarzwald<\/h2>\n<p>Na szczycie Feldberg mo\u017cna liczy\u0107 na prywatny przejazd, bowiem ka\u017cdy ratrak zabiera wy\u0142\u0105cznie jednego pasa\u017cera. Od godz. 17:00 mo\u017cna wyruszy\u0107 na najwy\u017cszy szczyt niemieckich G\u00f3r \u015arodkowych. Na tym terenie wprowadzono rozr\u00f3\u017cnienie na zwyk\u0142y przejazd i taki po\u0142\u0105czony z preparowaniem tras. Ten pierwszy to koszt 59 \u20ac.w drugim przypadku zap\u0142acimy 79 \u20ac.<\/p>\n<h2 id=\"hochzeiger\">Hochzeiger<\/h2>\n<p>40 km tras na terenie Hochzeiger w Dolinie Pitztal jest regularnie preparowanych przez 6 ratrak\u00f3w. Za 40-minutowy przejazd nale\u017cy zap\u0142aci\u0107 40 \u20ac w przypadku doros\u0142ych oraz 20 \u20ac za dziecko. Kto ma ochot\u0119 na tego typu atrakcje, powinien zameldowa\u0107 si\u0119 odpowiednio wcze\u015bnie, bowiem miejsca szybko zostaj\u0105 wyprzedane.<\/p>\n<h2 id=\"saalbach\">Saalbach<\/h2>\n<p>Na terenie narciarskim Saalbach Hinterglemm odwa\u017cni mog\u0105 spr\u00f3bowa\u0107 swoich si\u0142 w kierowaniu ratrakiem. Przyzna\u0107 trzeba, \u017ce jest to jednak do\u015b\u0107 kosztowna atrakcja: 25 minut jazdy wraz ze wskaz\u00f3wkami i nadzorem, to koszt 109 \u20ac. Z atrakcji mog\u0105 skorzysta\u0107 r\u00f3wnie\u017c dzieci powy\u017cej 1,4 m, koszt wyniesie w\u00f3wczas 45 \u20ac za 15 minut. Za przeja\u017cd\u017ck\u0119 na miejscu pasa\u017cera zap\u0142acimy 35 \u20ac za 10 minut.<\/p>\n<h2 id=\"montafon\">Montafon<\/h2>\n<p>Jazda ratrakiem na w\u0142asn\u0105 r\u0119k\u0119 to r\u00f3wnie\u017c do\u015b\u0107 spora inwestycja w St. Gallenkirch w Montafon \u2013 atrakcja ta kosztuje tu 177 \u20ac. Kierowanie pojazdem mo\u017cliwe jest wy\u0142\u0105cznie dla os\u00f3b pe\u0142noletnich, pasa\u017cerem mo\u017ce by\u0107 osoba powy\u017cej 10. roku \u017cycia. Po kr\u00f3tkim wprowadzeniu teoretycznym przy Valisera H\u00fcsli rozpoczyna si\u0119 godzinny przejazd trasami na terenie Silvretta-Montafon. 63 \u20ac, kt\u00f3re nale\u017cy zap\u0142aci\u0107 jako pasa\u017cer, obejmuje r\u00f3wnie\u017c zjazd i wjazd wyci\u0105giem Valisera. Na zako\u0144czenie ka\u017cdy uczestnik otrzymuje prawo jazdy na ratrak oraz specjalny T-shirt.<\/p>\n<p>Na wielu terenach narciarskich przeja\u017cd\u017cki w najpopularniejszych terminach s\u0105 rezerwowane z du\u017cym wyprzedzeniem. W razie zainteresowania warto zatem odpowiednio wcze\u015bnie dokona\u0107 rezerwacji \u2013 najlepiej od razu wraz z <a href=\"https:\/\/www.snowtrex.pl\/\" target=\"_blank\" rel=\"noopener noreferrer\">urlopem narciarskim<\/a>.<\/p>\n<p>Wskaz\u00f3wka: ceny mog\u0105 ulec zmianie.<\/p>\n","protected":false},"excerpt":{"rendered":"<p>Ka\u017cdego wieczora ogromne ratraki przekszta\u0142caj\u0105 zje\u017cd\u017cone w ci\u0105gu dnia trasy w nieskazitelny bia\u0142y dywan. Na niekt\u00f3rych terenach narciarskich mo\u017cna jako pasa\u017cer tego pojazdu o mocy nawet do 500 koni mechanicznych podziwia\u0107 z bliska prac\u0119 \u201ebohater\u00f3w nocy\u201c. W nielicznych o\u015brodkach dozwolone jest nawet kierowanie ratrakiem! Z regu\u0142y pojazdy wyruszaj\u0105 na stok po oficjalnym zamkni\u0119ciu wyci\u0105g\u00f3w w godz. 16:00-17:00, z przeja\u017cd\u017cki mo\u017cna zatem bez problemu skorzysta\u0107 zaraz po zako\u0144czeniu dnia na stoku. Niew\u0105tpliw\u0105 zalet\u0105 dla go\u015bci jest fakt, \u017ce \u017cadne wcze\u015bniejsze przygotowanie nie jest wymagane. W przypadku dzieci konieczny jest jedynie odpowiedni wzrost, doro\u015bli mog\u0105 natomiast w niekt\u00f3rych o\u015brodkach i za odpowiedni\u0105 dop\u0142at\u0105 sami usi\u0105\u015b\u0107 za kierownic\u0105. Tak\u017ce w tym przypadku nie s\u0105 wymagane dodatkowe kwalifikacje \u2013 poza prawem jazdy \u2013 wszelkie wskaz\u00f3wki s\u0105 bowiem udzielane przez kierowc\u0119. Ochota na zjazd ze stoku w zupe\u0142nie innym stylu? Poni\u017cej zestawili\u015bmy kilka propozycji.<\/p>\n","protected":false},"author":175,"featured_media":21168,"comment_status":"closed","ping_status":"closed","sticky":false,"template":"","format":"standard","meta":{"footnotes":""},"categories":[4],"tags":[52,5793,5330,5537,5547,5453,5332,44,5785,5745,5827,5488,239,5791,178,5746,5759],"class_list":["post-15024","post","type-post","status-publish","format-standard","has-post-thumbnail","hentry","category-osrodki-narciarskie","tag-austria","tag-badenia-wirtembergia","tag-fieberbrunn","tag-hinterglemm","tag-hinterzarten","tag-jerzens","tag-leogang","tag-niemcy","tag-oberinntal","tag-pillerseetal","tag-pitztal","tag-saalbach","tag-saalbach-hinterglemm","tag-schwarzwald","tag-serfaus-fiss-ladis","tag-tyrol","tag-ziemia-salzburska"],"yoast_head":"<!-- This site is optimized with the Yoast SEO Premium plugin v27.3 (Yoast SEO v27.3) - https:\/\/yoast.com\/product\/yoast-seo-premium-wordpress\/ -->\n<title>Jazda ratrakiem - przeja\u017cd\u017cka ratrakiem - jazda z kierowc\u0105 ratraka<\/title>\n<meta name=\"description\" content=\"Przeja\u017cd\u017cka ratrakiem i podziwianie z bliska preparowania tras - ju\u017c teraz jest to mo\u017cliwe na wielu terenach narciarskich.\" \/>\n<meta name=\"robots\" content=\"index, follow, max-snippet:-1, max-image-preview:large, max-video-preview:-1\" \/>\n<link rel=\"canonical\" href=\"https:\/\/www.snowtrex.pl\/magazyn\/osrodki-narciarskie\/jazda-ratrakiem\/\" \/>\n<meta property=\"og:locale\" content=\"pl_PL\" \/>\n<meta property=\"og:type\" content=\"article\" \/>\n<meta property=\"og:title\" content=\"Jazda ratrakiem \u2013 atrakcja dla ka\u017cdego!\" \/>\n<meta property=\"og:description\" content=\"Ka\u017cdego wieczora ogromne ratraki przekszta\u0142caj\u0105 zje\u017cd\u017cone w ci\u0105gu dnia trasy w nieskazitelny bia\u0142y dywan. Na niekt\u00f3rych terenach narciarskich mo\u017cna jako pasa\u017cer tego pojazdu o mocy nawet do 500 koni mechanicznych podziwia\u0107 z bliska prac\u0119 \u201ebohater\u00f3w nocy\u201c. W nielicznych o\u015brodkach dozwolone jest nawet kierowanie ratrakiem! Z regu\u0142y pojazdy wyruszaj\u0105 na stok po oficjalnym zamkni\u0119ciu wyci\u0105g\u00f3w w godz. 16:00-17:00, z przeja\u017cd\u017cki mo\u017cna zatem bez problemu skorzysta\u0107 zaraz po zako\u0144czeniu dnia na stoku. Niew\u0105tpliw\u0105 zalet\u0105 dla go\u015bci jest fakt, \u017ce \u017cadne wcze\u015bniejsze przygotowanie nie jest wymagane. W przypadku dzieci konieczny jest jedynie odpowiedni wzrost, doro\u015bli mog\u0105 natomiast w niekt\u00f3rych o\u015brodkach i za odpowiedni\u0105 dop\u0142at\u0105 sami usi\u0105\u015b\u0107 za kierownic\u0105. Tak\u017ce w tym przypadku nie s\u0105 wymagane dodatkowe kwalifikacje \u2013 poza prawem jazdy \u2013 wszelkie wskaz\u00f3wki s\u0105 bowiem udzielane przez kierowc\u0119. Ochota na zjazd ze stoku w zupe\u0142nie innym stylu? Poni\u017cej zestawili\u015bmy kilka propozycji.\" \/>\n<meta property=\"og:url\" content=\"https:\/\/www.snowtrex.pl\/magazyn\/osrodki-narciarskie\/jazda-ratrakiem\/\" \/>\n<meta property=\"og:site_name\" content=\"SnowTrex magazyn narciarski\" \/>\n<meta property=\"article:publisher\" content=\"https:\/\/www.facebook.com\/SnowTrex.de\/\" \/>\n<meta property=\"article:author\" content=\"https:\/\/www.facebook.com\/snowtrex\/\" \/>\n<meta property=\"article:published_time\" content=\"2023-04-24T23:00:00+00:00\" \/>\n<meta property=\"article:modified_time\" content=\"2025-06-26T12:49:33+00:00\" \/>\n<meta property=\"og:image\" content=\"https:\/\/www.snowtrex.pl\/magazyn\/files\/2019\/09\/DSC_8357.jpg\" \/>\n\t<meta property=\"og:image:width\" content=\"1200\" \/>\n\t<meta property=\"og:image:height\" content=\"798\" \/>\n\t<meta property=\"og:image:type\" content=\"image\/jpeg\" \/>\n<meta name=\"author\" content=\"SnowTrex\" \/>\n<meta name=\"twitter:label1\" content=\"Napisane przez\" \/>\n\t<meta name=\"twitter:data1\" content=\"SnowTrex\" \/>\n\t<meta name=\"twitter:label2\" content=\"Szacowany czas czytania\" \/>\n\t<meta name=\"twitter:data2\" content=\"5 minut\" \/>\n<script type=\"application\/ld+json\" class=\"yoast-schema-graph\">{\"@context\":\"https:\\\/\\\/schema.org\",\"@graph\":[{\"@type\":\"Article\",\"@id\":\"http:\\\/\\\/wp-magazin.snowtrex.pl\\\/osrodki-narciarskie\\\/jazda-ratrakiem\\\/#article\",\"isPartOf\":{\"@id\":\"http:\\\/\\\/wp-magazin.snowtrex.pl\\\/osrodki-narciarskie\\\/jazda-ratrakiem\\\/\"},\"author\":{\"name\":\"SnowTrex\",\"@id\":\"http:\\\/\\\/wp-magazin.snowtrex.pl\\\/#\\\/schema\\\/person\\\/8e389f383d57ca71d928d1ce1eebb566\"},\"headline\":\"Jazda ratrakiem \u2013 atrakcja dla ka\u017cdego!\",\"datePublished\":\"2023-04-24T23:00:00+00:00\",\"dateModified\":\"2025-06-26T12:49:33+00:00\",\"mainEntityOfPage\":{\"@id\":\"http:\\\/\\\/wp-magazin.snowtrex.pl\\\/osrodki-narciarskie\\\/jazda-ratrakiem\\\/\"},\"wordCount\":684,\"publisher\":{\"@id\":\"http:\\\/\\\/wp-magazin.snowtrex.pl\\\/#organization\"},\"image\":{\"@id\":\"http:\\\/\\\/wp-magazin.snowtrex.pl\\\/osrodki-narciarskie\\\/jazda-ratrakiem\\\/#primaryimage\"},\"thumbnailUrl\":\"http:\\\/\\\/wp-magazin.snowtrex.pl\\\/files\\\/2019\\\/09\\\/DSC_8357.jpg\",\"keywords\":[\"Austria\",\"Badenia-Wirtembergia\",\"Fieberbrunn\",\"Hinterglemm\",\"Hinterzarten\",\"Jerzens\",\"Leogang\",\"Niemcy\",\"Oberinntal\",\"Pillerseetal\",\"Pitztal\",\"Saalbach\",\"Saalbach-Hinterglemm\",\"Schwarzwald\",\"Serfaus-Fiss-Ladis\",\"Tyrol\",\"Ziemia Salzburska\"],\"articleSection\":[\"O\u015brodki narciarskie\"],\"inLanguage\":\"pl-PL\"},{\"@type\":\"WebPage\",\"@id\":\"http:\\\/\\\/wp-magazin.snowtrex.pl\\\/osrodki-narciarskie\\\/jazda-ratrakiem\\\/\",\"url\":\"http:\\\/\\\/wp-magazin.snowtrex.pl\\\/osrodki-narciarskie\\\/jazda-ratrakiem\\\/\",\"name\":\"Jazda ratrakiem - przeja\u017cd\u017cka ratrakiem - jazda z kierowc\u0105 ratraka\",\"primaryImageOfPage\":{\"@id\":\"http:\\\/\\\/wp-magazin.snowtrex.pl\\\/osrodki-narciarskie\\\/jazda-ratrakiem\\\/#primaryimage\"},\"image\":{\"@id\":\"http:\\\/\\\/wp-magazin.snowtrex.pl\\\/osrodki-narciarskie\\\/jazda-ratrakiem\\\/#primaryimage\"},\"thumbnailUrl\":\"http:\\\/\\\/wp-magazin.snowtrex.pl\\\/files\\\/2019\\\/09\\\/DSC_8357.jpg\",\"datePublished\":\"2023-04-24T23:00:00+00:00\",\"dateModified\":\"2025-06-26T12:49:33+00:00\",\"description\":\"Przeja\u017cd\u017cka ratrakiem i podziwianie z bliska preparowania tras - ju\u017c teraz jest to mo\u017cliwe na wielu terenach narciarskich.\",\"inLanguage\":\"pl-PL\"},{\"@type\":\"ImageObject\",\"inLanguage\":\"pl-PL\",\"@id\":\"http:\\\/\\\/wp-magazin.snowtrex.pl\\\/osrodki-narciarskie\\\/jazda-ratrakiem\\\/#primaryimage\",\"url\":\"http:\\\/\\\/wp-magazin.snowtrex.pl\\\/files\\\/2019\\\/09\\\/DSC_8357.jpg\",\"contentUrl\":\"http:\\\/\\\/wp-magazin.snowtrex.pl\\\/files\\\/2019\\\/09\\\/DSC_8357.jpg\",\"width\":1200,\"height\":798,\"caption\":\"charset=Ascii\"},{\"@type\":\"WebSite\",\"@id\":\"http:\\\/\\\/wp-magazin.snowtrex.pl\\\/#website\",\"url\":\"http:\\\/\\\/wp-magazin.snowtrex.pl\\\/\",\"name\":\"SnowTrex magazyn narciarski\",\"description\":\"wszystko na temat narciarstwa, snowboardu i urlopu zimowego!\",\"publisher\":{\"@id\":\"http:\\\/\\\/wp-magazin.snowtrex.pl\\\/#organization\"},\"inLanguage\":\"pl-PL\"},{\"@type\":\"Organization\",\"@id\":\"http:\\\/\\\/wp-magazin.snowtrex.pl\\\/#organization\",\"name\":\"TravelTrex GmbH\",\"url\":\"http:\\\/\\\/wp-magazin.snowtrex.pl\\\/\",\"logo\":{\"@type\":\"ImageObject\",\"inLanguage\":\"pl-PL\",\"@id\":\"http:\\\/\\\/wp-magazin.snowtrex.pl\\\/#\\\/schema\\\/logo\\\/image\\\/\",\"url\":\"\",\"contentUrl\":\"\",\"caption\":\"TravelTrex GmbH\"},\"image\":{\"@id\":\"http:\\\/\\\/wp-magazin.snowtrex.pl\\\/#\\\/schema\\\/logo\\\/image\\\/\"},\"sameAs\":[\"https:\\\/\\\/www.facebook.com\\\/SnowTrex.de\\\/\",\"https:\\\/\\\/www.instagram.com\\\/snowtrex_ski\\\/\"],\"description\":\"Od 1999 roku SnowTrex jest wiod\u0105cym niemieckim organizatorem wyjazd\u00f3w narciarskich. Firma oferuje swoje us\u0142ugi w 13 j\u0119zykach i co roku zabiera ponad 100 000 go\u015bci do popularnych miejsc, takich jak Austria, Francja, W\u0142ochy, Szwajcaria i Niemcy.\",\"email\":\"info-pl@snowtrex.com\",\"telephone\":\"22 380 39 00\",\"legalName\":\"TravelTrex GmbH\",\"foundingDate\":\"1999-07-01\",\"vatID\":\"DE 813 076 768\",\"numberOfEmployees\":{\"@type\":\"QuantitativeValue\",\"minValue\":\"51\",\"maxValue\":\"200\"}},{\"@type\":\"Person\",\"@id\":\"http:\\\/\\\/wp-magazin.snowtrex.pl\\\/#\\\/schema\\\/person\\\/8e389f383d57ca71d928d1ce1eebb566\",\"name\":\"SnowTrex\",\"description\":\"Redakcja magazynu SnowTrex sk\u0142ada si\u0119 z do\u015bwiadczonych mi\u0142o\u015bnik\u00f3w sport\u00f3w zimowych i ekspert\u00f3w turystycznych, kt\u00f3rzy dziel\u0105 si\u0119 swoj\u0105 pasj\u0105 w merytorycznych artyku\u0142ach na temat o\u015brodk\u00f3w narciarskich, sprz\u0119tu i wskaz\u00f3wek dotycz\u0105cych podr\u00f3\u017cy. Od 1999 roku SnowTrex jest wiod\u0105cym niemieckim organizatorem wyjazd\u00f3w narciarskich. Firma oferuje swoje us\u0142ugi w 13 j\u0119zykach i co roku zabiera ponad 100 000 go\u015bci do popularnych miejsc, takich jak Austria, Francja, W\u0142ochy, Szwajcaria i Niemcy.\",\"sameAs\":[\"https:\\\/\\\/www.snowtrex.pl\\\/\",\"https:\\\/\\\/www.facebook.com\\\/snowtrex\\\/\",\"https:\\\/\\\/www.instagram.com\\\/snowtrex_ski\\\/\",\"https:\\\/\\\/www.youtube.com\\\/c\\\/SnowTrex\"]}]}<\/script>\n<!-- \/ Yoast SEO Premium plugin. -->","yoast_head_json":{"title":"Jazda ratrakiem - przeja\u017cd\u017cka ratrakiem - jazda z kierowc\u0105 ratraka","description":"Przeja\u017cd\u017cka ratrakiem i podziwianie z bliska preparowania tras - ju\u017c teraz jest to mo\u017cliwe na wielu terenach narciarskich.","robots":{"index":"index","follow":"follow","max-snippet":"max-snippet:-1","max-image-preview":"max-image-preview:large","max-video-preview":"max-video-preview:-1"},"canonical":"https:\/\/www.snowtrex.pl\/magazyn\/osrodki-narciarskie\/jazda-ratrakiem\/","og_locale":"pl_PL","og_type":"article","og_title":"Jazda ratrakiem \u2013 atrakcja dla ka\u017cdego!","og_description":"Ka\u017cdego wieczora ogromne ratraki przekszta\u0142caj\u0105 zje\u017cd\u017cone w ci\u0105gu dnia trasy w nieskazitelny bia\u0142y dywan. Na niekt\u00f3rych terenach narciarskich mo\u017cna jako pasa\u017cer tego pojazdu o mocy nawet do 500 koni mechanicznych podziwia\u0107 z bliska prac\u0119 \u201ebohater\u00f3w nocy\u201c. W nielicznych o\u015brodkach dozwolone jest nawet kierowanie ratrakiem! Z regu\u0142y pojazdy wyruszaj\u0105 na stok po oficjalnym zamkni\u0119ciu wyci\u0105g\u00f3w w godz. 16:00-17:00, z przeja\u017cd\u017cki mo\u017cna zatem bez problemu skorzysta\u0107 zaraz po zako\u0144czeniu dnia na stoku. Niew\u0105tpliw\u0105 zalet\u0105 dla go\u015bci jest fakt, \u017ce \u017cadne wcze\u015bniejsze przygotowanie nie jest wymagane. W przypadku dzieci konieczny jest jedynie odpowiedni wzrost, doro\u015bli mog\u0105 natomiast w niekt\u00f3rych o\u015brodkach i za odpowiedni\u0105 dop\u0142at\u0105 sami usi\u0105\u015b\u0107 za kierownic\u0105. Tak\u017ce w tym przypadku nie s\u0105 wymagane dodatkowe kwalifikacje \u2013 poza prawem jazdy \u2013 wszelkie wskaz\u00f3wki s\u0105 bowiem udzielane przez kierowc\u0119. Ochota na zjazd ze stoku w zupe\u0142nie innym stylu? Poni\u017cej zestawili\u015bmy kilka propozycji.","og_url":"https:\/\/www.snowtrex.pl\/magazyn\/osrodki-narciarskie\/jazda-ratrakiem\/","og_site_name":"SnowTrex magazyn narciarski","article_publisher":"https:\/\/www.facebook.com\/SnowTrex.de\/","article_author":"https:\/\/www.facebook.com\/snowtrex\/","article_published_time":"2023-04-24T23:00:00+00:00","article_modified_time":"2025-06-26T12:49:33+00:00","og_image":[{"width":1200,"height":798,"url":"https:\/\/www.snowtrex.pl\/magazyn\/files\/2019\/09\/DSC_8357.jpg","type":"image\/jpeg"}],"author":"SnowTrex","twitter_misc":{"Napisane przez":"SnowTrex","Szacowany czas czytania":"5 minut"},"schema":{"@context":"https:\/\/schema.org","@graph":[{"@type":"Article","@id":"https:\/\/www.snowtrex.pl\/magazyn\/osrodki-narciarskie\/jazda-ratrakiem\/#article","isPartOf":{"@id":"https:\/\/www.snowtrex.pl\/magazyn\/osrodki-narciarskie\/jazda-ratrakiem\/"},"author":{"name":"SnowTrex","@id":"https:\/\/www.snowtrex.pl\/magazyn\/#\/schema\/person\/8e389f383d57ca71d928d1ce1eebb566"},"headline":"Jazda ratrakiem \u2013 atrakcja dla ka\u017cdego!","datePublished":"2023-04-24T23:00:00+00:00","dateModified":"2025-06-26T12:49:33+00:00","mainEntityOfPage":{"@id":"https:\/\/www.snowtrex.pl\/magazyn\/osrodki-narciarskie\/jazda-ratrakiem\/"},"wordCount":684,"publisher":{"@id":"https:\/\/www.snowtrex.pl\/magazyn\/#organization"},"image":{"@id":"https:\/\/www.snowtrex.pl\/magazyn\/osrodki-narciarskie\/jazda-ratrakiem\/#primaryimage"},"thumbnailUrl":"https:\/\/www.snowtrex.pl\/magazyn\/files\/2019\/09\/DSC_8357.jpg","keywords":["Austria","Badenia-Wirtembergia","Fieberbrunn","Hinterglemm","Hinterzarten","Jerzens","Leogang","Niemcy","Oberinntal","Pillerseetal","Pitztal","Saalbach","Saalbach-Hinterglemm","Schwarzwald","Serfaus-Fiss-Ladis","Tyrol","Ziemia Salzburska"],"articleSection":["O\u015brodki narciarskie"],"inLanguage":"pl-PL"},{"@type":"WebPage","@id":"https:\/\/www.snowtrex.pl\/magazyn\/osrodki-narciarskie\/jazda-ratrakiem\/","url":"https:\/\/www.snowtrex.pl\/magazyn\/osrodki-narciarskie\/jazda-ratrakiem\/","name":"Jazda ratrakiem - przeja\u017cd\u017cka ratrakiem - jazda z kierowc\u0105 ratraka","primaryImageOfPage":{"@id":"https:\/\/www.snowtrex.pl\/magazyn\/osrodki-narciarskie\/jazda-ratrakiem\/#primaryimage"},"image":{"@id":"https:\/\/www.snowtrex.pl\/magazyn\/osrodki-narciarskie\/jazda-ratrakiem\/#primaryimage"},"thumbnailUrl":"https:\/\/www.snowtrex.pl\/magazyn\/files\/2019\/09\/DSC_8357.jpg","datePublished":"2023-04-24T23:00:00+00:00","dateModified":"2025-06-26T12:49:33+00:00","description":"Przeja\u017cd\u017cka ratrakiem i podziwianie z bliska preparowania tras - ju\u017c teraz jest to mo\u017cliwe na wielu terenach narciarskich.","inLanguage":"pl-PL"},{"@type":"ImageObject","inLanguage":"pl-PL","@id":"https:\/\/www.snowtrex.pl\/magazyn\/osrodki-narciarskie\/jazda-ratrakiem\/#primaryimage","url":"https:\/\/www.snowtrex.pl\/magazyn\/files\/2019\/09\/DSC_8357.jpg","contentUrl":"https:\/\/www.snowtrex.pl\/magazyn\/files\/2019\/09\/DSC_8357.jpg","width":1200,"height":798,"caption":"charset=Ascii"},{"@type":"WebSite","@id":"https:\/\/www.snowtrex.pl\/magazyn\/#website","url":"https:\/\/www.snowtrex.pl\/magazyn\/","name":"SnowTrex magazyn narciarski","description":"wszystko na temat narciarstwa, snowboardu i urlopu zimowego!","publisher":{"@id":"https:\/\/www.snowtrex.pl\/magazyn\/#organization"},"inLanguage":"pl-PL"},{"@type":"Organization","@id":"https:\/\/www.snowtrex.pl\/magazyn\/#organization","name":"TravelTrex GmbH","url":"https:\/\/www.snowtrex.pl\/magazyn\/","logo":{"@type":"ImageObject","inLanguage":"pl-PL","@id":"https:\/\/www.snowtrex.pl\/magazyn\/#\/schema\/logo\/image\/","url":"","contentUrl":"","caption":"TravelTrex GmbH"},"image":{"@id":"https:\/\/www.snowtrex.pl\/magazyn\/#\/schema\/logo\/image\/"},"sameAs":["https:\/\/www.facebook.com\/SnowTrex.de\/","https:\/\/www.instagram.com\/snowtrex_ski\/"],"description":"Od 1999 roku SnowTrex jest wiod\u0105cym niemieckim organizatorem wyjazd\u00f3w narciarskich. Firma oferuje swoje us\u0142ugi w 13 j\u0119zykach i co roku zabiera ponad 100 000 go\u015bci do popularnych miejsc, takich jak Austria, Francja, W\u0142ochy, Szwajcaria i Niemcy.","email":"info-pl@snowtrex.com","telephone":"22 380 39 00","legalName":"TravelTrex GmbH","foundingDate":"1999-07-01","vatID":"DE 813 076 768","numberOfEmployees":{"@type":"QuantitativeValue","minValue":"51","maxValue":"200"}},{"@type":"Person","@id":"https:\/\/www.snowtrex.pl\/magazyn\/#\/schema\/person\/8e389f383d57ca71d928d1ce1eebb566","name":"SnowTrex","description":"Redakcja magazynu SnowTrex sk\u0142ada si\u0119 z do\u015bwiadczonych mi\u0142o\u015bnik\u00f3w sport\u00f3w zimowych i ekspert\u00f3w turystycznych, kt\u00f3rzy dziel\u0105 si\u0119 swoj\u0105 pasj\u0105 w merytorycznych artyku\u0142ach na temat o\u015brodk\u00f3w narciarskich, sprz\u0119tu i wskaz\u00f3wek dotycz\u0105cych podr\u00f3\u017cy. Od 1999 roku SnowTrex jest wiod\u0105cym niemieckim organizatorem wyjazd\u00f3w narciarskich. Firma oferuje swoje us\u0142ugi w 13 j\u0119zykach i co roku zabiera ponad 100 000 go\u015bci do popularnych miejsc, takich jak Austria, Francja, W\u0142ochy, Szwajcaria i Niemcy.","sameAs":["https:\/\/www.snowtrex.pl\/","https:\/\/www.facebook.com\/snowtrex\/","https:\/\/www.instagram.com\/snowtrex_ski\/","https:\/\/www.youtube.com\/c\/SnowTrex"]}]}},"wp-worthy-pixel":{"ignored":false,"public":null,"server":null,"url":null},"wp-worthy-type":"normal","_links":{"self":[{"href":"https:\/\/www.snowtrex.pl\/magazyn\/wp-json\/wp\/v2\/posts\/15024","targetHints":{"allow":["GET"]}}],"collection":[{"href":"https:\/\/www.snowtrex.pl\/magazyn\/wp-json\/wp\/v2\/posts"}],"about":[{"href":"https:\/\/www.snowtrex.pl\/magazyn\/wp-json\/wp\/v2\/types\/post"}],"author":[{"embeddable":true,"href":"https:\/\/www.snowtrex.pl\/magazyn\/wp-json\/wp\/v2\/users\/175"}],"replies":[{"embeddable":true,"href":"https:\/\/www.snowtrex.pl\/magazyn\/wp-json\/wp\/v2\/comments?post=15024"}],"version-history":[{"count":14,"href":"https:\/\/www.snowtrex.pl\/magazyn\/wp-json\/wp\/v2\/posts\/15024\/revisions"}],"predecessor-version":[{"id":54330,"href":"https:\/\/www.snowtrex.pl\/magazyn\/wp-json\/wp\/v2\/posts\/15024\/revisions\/54330"}],"wp:featuredmedia":[{"embeddable":true,"href":"https:\/\/www.snowtrex.pl\/magazyn\/wp-json\/wp\/v2\/media\/21168"}],"wp:attachment":[{"href":"https:\/\/www.snowtrex.pl\/magazyn\/wp-json\/wp\/v2\/media?parent=15024"}],"wp:term":[{"taxonomy":"category","embeddable":true,"href":"https:\/\/www.snowtrex.pl\/magazyn\/wp-json\/wp\/v2\/categories?post=15024"},{"taxonomy":"post_tag","embeddable":true,"href":"https:\/\/www.snowtrex.pl\/magazyn\/wp-json\/wp\/v2\/tags?post=15024"}],"curies":[{"name":"wp","href":"https:\/\/api.w.org\/{rel}","templated":true}]}}