{"id":17856,"date":"2026-02-10T01:00:00","date_gmt":"2026-02-10T00:00:00","guid":{"rendered":"https:\/\/www.snowtrex.pl\/magazyn\/?p=17856"},"modified":"2026-02-10T12:00:54","modified_gmt":"2026-02-10T11:00:54","slug":"jazda-na-nartach-wiosna-wielkanoc","status":"publish","type":"post","link":"https:\/\/www.snowtrex.pl\/magazyn\/osrodki-narciarskie\/jazda-na-nartach-wiosna-wielkanoc\/","title":{"rendered":"Najlepsze destynacje do jazdy na nartach na wiosn\u0119 i Wielkanoc"},"content":{"rendered":"<p><strong>Du\u017co \u015bniegu, s\u0142o\u0144ca, dobra widoczno\u015b\u0107, przyjemna temperatura: <a href=\"https:\/\/www.snowtrex.pl\/kategorie-tematyczne\/oferta-wielkanocna.html\">jazda na nartach wiosn\u0105 lub na Wielkanoc<\/a> to zazwyczaj prawdziwa przyjemno\u015b\u0107. Chocia\u017c na stokach nale\u017cy by\u0107 do\u015b\u0107 wcze\u015bnie, zw\u0142aszcza w marcu i kwietniu, aby nie trzeba by\u0142o je\u017adzi\u0107 na nartach w najwi\u0119kszym \u015bniegu po po\u0142udniu. Dla wszystkich mi\u0142o\u015bnik\u00f3w sport\u00f3w zimowych, kt\u00f3rzy s\u0105 w nastroju na takie wakacje narciarskie w marcu, kwietniu lub w okresie \u015bwi\u0105t wielkanocnych, <a href=\"https:\/\/www.snowtrex.pl\/\" target=\"_blank\" rel=\"noopener\">SnowTrex<\/a> przygotowa\u0142 szereg teren\u00f3w narciarskich w Alpach, kt\u00f3re s\u0105 otwarte r\u00f3wnie\u017c wiosn\u0105.<\/strong><\/p>\n<div class=\"tt-post-image-wrapper tt-post-image-wrapper-full\">\n            <div class=\"tt-image-copyright-container\">\n                <a href=\"https:\/\/www.snowtrex.pl\/magazyn\/files\/2020\/01\/RS12703_SNOW3924-scr.jpg\" target=\"_blank\" rel=\"noopener\"><img loading=\"lazy\" decoding=\"async\" data-wrapped=\"true\" class=\"wp-image-55491 size-Artikelbild_gro\u00df\" title=\"Je\u017cd\u017c\u0105c na nartach wiosn\u0105 lub w Wielkanoc, entuzja\u015bci sport\u00f3w zimowych mog\u0105 zazwyczaj cieszy\u0107 si\u0119 du\u017c\u0105 ilo\u015bci\u0105 s\u0142o\u0144ca.\" src=\"https:\/\/www.snowtrex.pl\/magazyn\/files\/2020\/01\/RS12703_SNOW3924-scr-729x486.jpg\" alt=\"Je\u017cd\u017c\u0105c na nartach wiosn\u0105 lub w Wielkanoc, entuzja\u015bci sport\u00f3w zimowych mog\u0105 zazwyczaj cieszy\u0107 si\u0119 du\u017c\u0105 ilo\u015bci\u0105 s\u0142o\u0144ca.\" width=\"729\" height=\"486\" srcset=\"https:\/\/www.snowtrex.pl\/magazyn\/files\/2020\/01\/RS12703_SNOW3924-scr-729x486.jpg 729w, https:\/\/www.snowtrex.pl\/magazyn\/files\/2020\/01\/RS12703_SNOW3924-scr-300x200.jpg 300w, https:\/\/www.snowtrex.pl\/magazyn\/files\/2020\/01\/RS12703_SNOW3924-scr-1024x683.jpg 1024w, https:\/\/www.snowtrex.pl\/magazyn\/files\/2020\/01\/RS12703_SNOW3924-scr-600x400.jpg 600w, https:\/\/www.snowtrex.pl\/magazyn\/files\/2020\/01\/RS12703_SNOW3924-scr-468x312.jpg 468w, https:\/\/www.snowtrex.pl\/magazyn\/files\/2020\/01\/RS12703_SNOW3924-scr-999x666.jpg 999w, https:\/\/www.snowtrex.pl\/magazyn\/files\/2020\/01\/RS12703_SNOW3924-scr-645x430.jpg 645w, https:\/\/www.snowtrex.pl\/magazyn\/files\/2020\/01\/RS12703_SNOW3924-scr-552x368.jpg 552w, https:\/\/www.snowtrex.pl\/magazyn\/files\/2020\/01\/RS12703_SNOW3924-scr-405x270.jpg 405w, https:\/\/www.snowtrex.pl\/magazyn\/files\/2020\/01\/RS12703_SNOW3924-scr-336x224.jpg 336w, https:\/\/www.snowtrex.pl\/magazyn\/files\/2020\/01\/RS12703_SNOW3924-scr-276x184.jpg 276w, https:\/\/www.snowtrex.pl\/magazyn\/files\/2020\/01\/RS12703_SNOW3924-scr-234x156.jpg 234w, https:\/\/www.snowtrex.pl\/magazyn\/files\/2020\/01\/RS12703_SNOW3924-scr-192x128.jpg 192w, https:\/\/www.snowtrex.pl\/magazyn\/files\/2020\/01\/RS12703_SNOW3924-scr-120x80.jpg 120w, https:\/\/www.snowtrex.pl\/magazyn\/files\/2020\/01\/RS12703_SNOW3924-scr-30x20.jpg 30w, https:\/\/www.snowtrex.pl\/magazyn\/files\/2020\/01\/RS12703_SNOW3924-scr.jpg 1440w\" sizes=\"(min-width: 1009px) 729px, (min-width: 819px) 594px, (min-width: 569px) 729px, (min-width: 449px) 468px, 348px\" \/><\/a><div class=\"tt-image-copyright\" data-image-id=\"55491\">\u00a9 TravelTrex | Martin Miser\u00e9<\/div>\n            <\/div>\n            <div class=\"tt-post-caption\">Je\u017cd\u017c\u0105c na nartach wiosn\u0105 lub w Wielkanoc, entuzja\u015bci sport\u00f3w zimowych mog\u0105 zazwyczaj cieszy\u0107 si\u0119 du\u017c\u0105 ilo\u015bci\u0105 s\u0142o\u0144ca.<\/div>\n         <\/div > \n<div class=\"tt-table-of-content\">\n                <span class=\"tt-icon-circle-up tt-table-of-content-button\"><\/span><\/p>\n<div class=\"tt-table-of-content-caption\">\n                    Spis tre\u015bci\n                <\/div>\n<div class=\"tt-table-of-content-body\">\n                    <a href=\"#teren-narciarski-zermatt-(szwajcaria)\"><span class=\"layer-0\">Teren narciarski Zermatt (Szwajcaria)<\/span><\/a><a href=\"#teren-narciarski-saas-fee-(szwajcaria)\"><span class=\"layer-0\">Teren narciarski Saas-Fee (Szwajcaria)<\/span><\/a><a href=\"#teren-narciarski-les-2-alpes-(francja)\"><span class=\"layer-0\">Teren narciarski Les 2 Alpes (Francja)<\/span><\/a><a href=\"#teren-narciarski-tignes-val-d'isere-(francja)\"><span class=\"layer-0\">Teren narciarski Tignes-Val d&#8217;Isere (Francja)<\/span><\/a><a href=\"#teren-narciarski-pitztaler-gletscher-&amp;-rifflsee-(austria)\"><span class=\"layer-0\">Teren narciarski Pitztaler Gletscher &amp; Rifflsee (Austria)<\/span><\/a><a href=\"#teren-narciarski-s\u00f6lden-(austria)\"><span class=\"layer-0\">Teren narciarski S\u00f6lden (Austria)<\/span><\/a><a href=\"#teren-narciarski-alpe-d\u00b4huez-grand-domaine-ski-(francja)\"><span class=\"layer-0\">Teren narciarski Alpe d\u00b4Huez Grand Domaine Ski (Francja)<\/span><\/a><a href=\"#region-narciarski-zillertal-(austria)\"><span class=\"layer-0\">Region narciarski Zillertal (Austria)<\/span><\/a><a href=\"#teren-narciarski-val-thorens-orelle-(francja)\"><span class=\"layer-0\">Teren narciarski Val Thorens-Orelle (Francja)<\/span><\/a><a href=\"#teren-narciarski-stubai-glacier-(austria)\"><span class=\"layer-0\">Teren narciarski Stubai Glacier (Austria)<\/span><\/a><a href=\"#teren-narciarski-schnalstaler-glacier-(w\u0142ochy)\"><span class=\"layer-0\">Teren narciarski Schnalstaler Glacier (W\u0142ochy)<\/span><\/a><a href=\"#teren-narciarski-zell-am-see-kaprun-(austria)\"><span class=\"layer-0\">Teren narciarski Zell am See-Kaprun (Austria)<\/span><\/a><a href=\"#teren-narciarski-engelberg-titlis-(szwajcaria)\"><span class=\"layer-0\">Teren narciarski Engelberg-Titlis (Szwajcaria)<\/span><\/a><a href=\"#teren-narciarski-silvretta-arena-ischgl-(austria)\"><span class=\"layer-0\">Teren narciarski Silvretta Arena, Ischgl (Austria)<\/span><\/a><a href=\"#teren-narciarski-w-arlberg-(austria)\"><span class=\"layer-0\">Teren narciarski w Arlberg (Austria)<\/span><\/a><a href=\"#teren-narciarski-la-f\u00f4ret-blanche-vars-risoul-(francja)\"><span class=\"layer-0\">Teren narciarski La F\u00f4ret Blanche, Vars-Risoul (Francja)<\/span><\/a><a href=\"#teren-narciarski-ankogel-mallnitz-(austria)\"><span class=\"layer-0\">Teren narciarski Ankogel, Mallnitz (Austria)<\/span><\/a><a href=\"#portes-du-soleil-ski-region-(francja)\"><span class=\"layer-0\">Portes du Soleil ski region (Francja)<\/span><\/a><a href=\"#teren-narciarski-obertauern-(austria)\"><span class=\"layer-0\">Teren narciarski Obertauern (Austria)<\/span><\/a>\n                 <\/div>\n<\/p><\/div>\n<hr>\n<h2 id=\"teren-narciarski-zermatt-(szwajcaria)\">Teren narciarski Zermatt (Szwajcaria)<\/h2>\n<p>Wysoko\u015b\u0107: 1 562 \u2013 3 899 m<\/p>\n<p>Ilo\u015b\u0107 tras: 360 km<\/p>\n<p>Koniec sezonu: koniec kwietnia\/pocz\u0105tek maja<\/p>\n<p>U podn\u00f3\u017ca pot\u0119\u017cnego Matterhornu le\u017cy wolna od samochod\u00f3w wioska <a href=\"https:\/\/www.snowtrex.pl\/szwajcaria\/zermatt\/teren-narciarski.html\" target=\"_blank\" rel=\"noopener noreferrer\">Zermatt<\/a>. O\u015brodek narciarski Zermatt jest najwy\u017cszym w Alpach i najwi\u0119kszym ca\u0142orocznym o\u015brodkiem narciarskim. Prawie jedna trzecia wszystkich 4000-metrowych szczyt\u00f3w jest zgrupowana wok\u00f3\u0142 Zermatt.<\/p>\n<div class=\"tt-post-image-wrapper tt-post-image-wrapper-full\">\n            <div class=\"tt-image-copyright-container\">\n                <a href=\"https:\/\/www.snowtrex.pl\/magazyn\/files\/2019\/01\/RS15061_samuel-zeller-14249-scr.jpg\" target=\"_blank\" rel=\"noopener\"><img loading=\"lazy\" decoding=\"async\" data-wrapped=\"true\" class=\"wp-image-53473 size-Artikelbild_gro\u00df\" title=\"Prawdopodobnie najs\u0142ynniejsza g\u00f3ra na \u015bwiecie znajduje si\u0119 na terenie narciarskim Zermatt: Matterhorn.\" src=\"https:\/\/www.snowtrex.pl\/magazyn\/files\/2019\/01\/RS15061_samuel-zeller-14249-scr-729x486.jpg\" alt=\"Prawdopodobnie najs\u0142ynniejsza g\u00f3ra na \u015bwiecie znajduje si\u0119 na terenie narciarskim Zermatt: Matterhorn.\" width=\"729\" height=\"486\" srcset=\"https:\/\/www.snowtrex.pl\/magazyn\/files\/2019\/01\/RS15061_samuel-zeller-14249-scr-729x486.jpg 729w, https:\/\/www.snowtrex.pl\/magazyn\/files\/2019\/01\/RS15061_samuel-zeller-14249-scr-300x200.jpg 300w, https:\/\/www.snowtrex.pl\/magazyn\/files\/2019\/01\/RS15061_samuel-zeller-14249-scr-1024x683.jpg 1024w, https:\/\/www.snowtrex.pl\/magazyn\/files\/2019\/01\/RS15061_samuel-zeller-14249-scr-600x400.jpg 600w, https:\/\/www.snowtrex.pl\/magazyn\/files\/2019\/01\/RS15061_samuel-zeller-14249-scr-468x312.jpg 468w, https:\/\/www.snowtrex.pl\/magazyn\/files\/2019\/01\/RS15061_samuel-zeller-14249-scr-999x666.jpg 999w, https:\/\/www.snowtrex.pl\/magazyn\/files\/2019\/01\/RS15061_samuel-zeller-14249-scr-645x430.jpg 645w, https:\/\/www.snowtrex.pl\/magazyn\/files\/2019\/01\/RS15061_samuel-zeller-14249-scr-552x368.jpg 552w, https:\/\/www.snowtrex.pl\/magazyn\/files\/2019\/01\/RS15061_samuel-zeller-14249-scr-405x270.jpg 405w, https:\/\/www.snowtrex.pl\/magazyn\/files\/2019\/01\/RS15061_samuel-zeller-14249-scr-336x224.jpg 336w, https:\/\/www.snowtrex.pl\/magazyn\/files\/2019\/01\/RS15061_samuel-zeller-14249-scr-276x184.jpg 276w, https:\/\/www.snowtrex.pl\/magazyn\/files\/2019\/01\/RS15061_samuel-zeller-14249-scr-234x156.jpg 234w, https:\/\/www.snowtrex.pl\/magazyn\/files\/2019\/01\/RS15061_samuel-zeller-14249-scr-192x128.jpg 192w, https:\/\/www.snowtrex.pl\/magazyn\/files\/2019\/01\/RS15061_samuel-zeller-14249-scr-120x80.jpg 120w, https:\/\/www.snowtrex.pl\/magazyn\/files\/2019\/01\/RS15061_samuel-zeller-14249-scr-30x20.jpg 30w, https:\/\/www.snowtrex.pl\/magazyn\/files\/2019\/01\/RS15061_samuel-zeller-14249-scr.jpg 1440w\" sizes=\"(min-width: 1009px) 729px, (min-width: 819px) 594px, (min-width: 569px) 729px, (min-width: 449px) 468px, 348px\" \/><\/a><div class=\"tt-image-copyright\" data-image-id=\"53473\">\u00a9 Samuel Zeller | Unsplash<\/div>\n            <\/div>\n            <div class=\"tt-post-caption\">Prawdopodobnie najs\u0142ynniejsza g\u00f3ra na \u015bwiecie znajduje si\u0119 na terenie narciarskim Zermatt: Matterhorn.<\/div>\n         <\/div > \n<h2 id=\"teren-narciarski-saas-fee-(szwajcaria)\">Teren narciarski Saas-Fee (Szwajcaria)<\/h2>\n<p>Wysoko\u015b\u0107: 1 800 \u2013 3 573 m<\/p>\n<p>Ilo\u015b\u0107 tras: 100 km<\/p>\n<p>Koniec sezonu: \u015brodek\/koniec kwietnia<\/p>\n<p>Dolina Saas jest domem dla 3 idyllicznych o\u015brodk\u00f3w sport\u00f3w zimowych i znana jest z ogromnych opad\u00f3w \u015bniegu, zw\u0142aszcza wiosn\u0105. Najbardziej znane jest z pewno\u015bci\u0105 <a href=\"https:\/\/www.snowtrex.pl\/szwajcaria\/saas-fee\/teren-narciarski.html\" target=\"_blank\" rel=\"noopener noreferrer\">Saas-Fee<\/a> wy\u0142\u0105czone z ruchu ko\u0142owego, kt\u00f3rego lodowcowy teren narciarski jest r\u00f3wnie\u017c najwi\u0119kszym w dolinie. Mi\u0142o\u015bnicy sport\u00f3w zimowych mog\u0105 dotrze\u0107 do terenu narciarskiego &#8222;Metro Alpin&#8221;, najwy\u017csz\u0105 na \u015bwiecie podziemn\u0105 kolejk\u0105 linow\u0105.<\/p>\n<h2 id=\"teren-narciarski-les-2-alpes-(francja)\">Teren narciarski Les 2 Alpes (Francja)<\/h2>\n<p>Wysoko\u015b\u0107: 1 280 &#8211; 3 560 m<\/p>\n<p>Ilo\u015b\u0107 tras: 200 km<\/p>\n<p>Koniec sezonu: koniec kwietnia<\/p>\n<p>Na terenie narciarskim <a href=\"https:\/\/www.snowtrex.pl\/francja\/les_2_alpes\/teren-narciarski.html\" target=\"_blank\" rel=\"noopener noreferrer\">Les 2 Alpes<\/a> mo\u017cna jeszcze latem korzysta\u0107 ze stok\u00f3w, poniewa\u017c znajduj\u0105 si\u0119 one na wysoko\u015bci 3566 m. Dobre warunki s\u0105 zatem gwarantowane do ko\u0144ca sezonu. Freestyle Land znajduje si\u0119 na wysoko\u015bci 2600 m &#8211; ogromny i popularny park \u015bnie\u017cny na terenie narciarskim z halfpipe.<\/p>\n<h2 id=\"teren-narciarski-tignes-val-d'isere-(francja)\">Teren narciarski Tignes-Val d&#8217;Isere (Francja)<\/h2>\n<p>Wysoko\u015b\u0107: 1 550 &#8211; 3 450 m<\/p>\n<p>Ilo\u015b\u0107 tras: 300 km<\/p>\n<p>Koniec sezonu: koniec kwietnia\/pocz\u0105tek maja<\/p>\n<p>Francuski teren narciarski <a href=\"https:\/\/www.snowtrex.pl\/francja\/val_disere\/teren-narciarski.html\" target=\"_blank\" rel=\"noopener noreferrer\">Tignes-Val d&#8217;Is\u00e8re<\/a> obejmuje r\u00f3wnie\u017c stoki lodowcowe &#8222;La Grand Motte&#8221;, kt\u00f3re s\u0105 otwarte nawet w lecie. Sezon zimowy w Tignes trwa zazwyczaj do ko\u0144ca kwietnia\/pocz\u0105tku maja. Wioska oferuje r\u00f3wnie\u017c szeroki wachlarz atrakcji poza stokami.<\/p>\n<h2 id=\"teren-narciarski-pitztaler-gletscher-&amp;-rifflsee-(austria)\">Teren narciarski Pitztaler Gletscher &amp; Rifflsee (Austria)<\/h2>\n<p>Wysoko\u015b\u0107: 1 640 \u2013 3 440 m<\/p>\n<p>Ilo\u015b\u0107 tras: 41km<\/p>\n<p>Koniec sezonu: \u015brodek\/koniec kwietnia<\/p>\n<p>Lodowiec <a href=\"https:\/\/www.snowtrex.pl\/austria\/st._leonhard\/teren-narciarski.html\" target=\"_blank\" rel=\"noopener noreferrer\">Pitztaler Gletscher<\/a> jest najwy\u017cszym lodowcem Tyrolu, a jego atrakcja, Wildspitzbahn, najwy\u017csza kolejka linowa w Austrii, zabiera mi\u0142o\u015bnik\u00f3w sport\u00f3w zimowych na najwy\u017cszy punkt terenu narciarskiego. Leonhardt, po\u0142o\u017cona w pobli\u017cu terenu narciarskiego, oferuje wiele mo\u017cliwo\u015bci apr\u00e8s-ski z dala od tras narciarskich i przytulnych karczm.<\/p>\n<h2 id=\"teren-narciarski-s\u00f6lden-(austria)\">Teren narciarski S\u00f6lden (Austria)<\/h2>\n<p>Wysoko\u015b\u0107: 1 350 \u2013 3 340 m<\/p>\n<p>Ilo\u015b\u0107 tras: 144 km<\/p>\n<p>Koniec sezonu: koniec kwietnia<\/p>\n<p>S\u00f6lden im \u00d6tztal znany jest nie tylko z lokali apr\u00e8s-ski, ale tak\u017ce z trasy zjazdowej Pucharu \u015awiata. Na terenie narciarskim <a href=\"https:\/\/www.snowtrex.pl\/austria\/solden\/teren-narciarski.html\" target=\"_blank\" rel=\"noopener noreferrer\">S\u00f6lden<\/a> znajduj\u0105 si\u0119 144 kilometry tras zjazdowych. Zaraz obok znajduje si\u0119 teren narciarski <a href=\"https:\/\/www.snowtrex.pl\/austria\/obergurgl_hochgurgl\/teren-narciarski.html\" target=\"_blank\" rel=\"noopener noreferrer\">Obergurgl i Hochgurgl<\/a>. Kolejne 112 km tras narciarskich na wysoko\u015bci od 1 793 do 3 082 m.<\/p>\n<div class=\"tt-post-image-wrapper tt-post-image-wrapper-full\">\n            <div class=\"tt-image-copyright-container\">\n                <a href=\"https:\/\/www.snowtrex.pl\/magazyn\/files\/2020\/01\/RS15689_shutterstock_352479470-scr.jpg\" target=\"_blank\" rel=\"noopener\"><img loading=\"lazy\" decoding=\"async\" data-wrapped=\"true\" class=\"wp-image-55493 size-Artikelbild_gro\u00df\" title=\"Val Thorens oferuje entuzjastom sport\u00f3w zimowych zapieraj\u0105c\u0105 dech w piersiach panoram\u0119.\" src=\"https:\/\/www.snowtrex.pl\/magazyn\/files\/2020\/01\/RS15689_shutterstock_352479470-scr-729x486.jpg\" alt=\"Val Thorens oferuje entuzjastom sport\u00f3w zimowych zapieraj\u0105c\u0105 dech w piersiach panoram\u0119.\" width=\"729\" height=\"486\" srcset=\"https:\/\/www.snowtrex.pl\/magazyn\/files\/2020\/01\/RS15689_shutterstock_352479470-scr-729x486.jpg 729w, https:\/\/www.snowtrex.pl\/magazyn\/files\/2020\/01\/RS15689_shutterstock_352479470-scr-300x200.jpg 300w, https:\/\/www.snowtrex.pl\/magazyn\/files\/2020\/01\/RS15689_shutterstock_352479470-scr-1024x683.jpg 1024w, https:\/\/www.snowtrex.pl\/magazyn\/files\/2020\/01\/RS15689_shutterstock_352479470-scr-600x400.jpg 600w, https:\/\/www.snowtrex.pl\/magazyn\/files\/2020\/01\/RS15689_shutterstock_352479470-scr-468x312.jpg 468w, https:\/\/www.snowtrex.pl\/magazyn\/files\/2020\/01\/RS15689_shutterstock_352479470-scr-999x666.jpg 999w, https:\/\/www.snowtrex.pl\/magazyn\/files\/2020\/01\/RS15689_shutterstock_352479470-scr-645x430.jpg 645w, https:\/\/www.snowtrex.pl\/magazyn\/files\/2020\/01\/RS15689_shutterstock_352479470-scr-552x368.jpg 552w, https:\/\/www.snowtrex.pl\/magazyn\/files\/2020\/01\/RS15689_shutterstock_352479470-scr-405x270.jpg 405w, https:\/\/www.snowtrex.pl\/magazyn\/files\/2020\/01\/RS15689_shutterstock_352479470-scr-336x224.jpg 336w, https:\/\/www.snowtrex.pl\/magazyn\/files\/2020\/01\/RS15689_shutterstock_352479470-scr-276x184.jpg 276w, https:\/\/www.snowtrex.pl\/magazyn\/files\/2020\/01\/RS15689_shutterstock_352479470-scr-234x156.jpg 234w, https:\/\/www.snowtrex.pl\/magazyn\/files\/2020\/01\/RS15689_shutterstock_352479470-scr-192x128.jpg 192w, https:\/\/www.snowtrex.pl\/magazyn\/files\/2020\/01\/RS15689_shutterstock_352479470-scr-120x80.jpg 120w, https:\/\/www.snowtrex.pl\/magazyn\/files\/2020\/01\/RS15689_shutterstock_352479470-scr-30x20.jpg 30w, https:\/\/www.snowtrex.pl\/magazyn\/files\/2020\/01\/RS15689_shutterstock_352479470-scr.jpg 1440w\" sizes=\"(min-width: 1009px) 729px, (min-width: 819px) 594px, (min-width: 569px) 729px, (min-width: 449px) 468px, 348px\" \/><\/a><div class=\"tt-image-copyright\" data-image-id=\"55493\">\u00a9 Kochneva Tetyana\/shutterstock.de<\/div>\n            <\/div>\n            <div class=\"tt-post-caption\">Val Thorens oferuje entuzjastom sport\u00f3w zimowych zapieraj\u0105c\u0105 dech w piersiach panoram\u0119.<\/div>\n         <\/div > \n<h2 id=\"teren-narciarski-alpe-d\u00b4huez-grand-domaine-ski-(francja)\">Teren narciarski Alpe d\u00b4Huez Grand Domaine Ski (Francja)<\/h2>\n<p>Wysoko\u015b\u0107: 1 125 \u2013 3 330 m<\/p>\n<p>Ilo\u015b\u0107 tras: 250 km<\/p>\n<p>Koniec sezonu: koniec kwietnia<\/p>\n<p>250 km tras narciarskich znajduje si\u0119 w najbardziej znanym miejscu na scenie Tour de France. Znajduj\u0105 si\u0119 one na wysoko\u015bci do 3 330 m i nale\u017c\u0105 do regionu narciarskiego <a href=\"https:\/\/www.snowtrex.pl\/francja\/alpe_dhuez\/teren-narciarski.html\" target=\"_blank\" rel=\"noopener noreferrer\">&#8222;Grand Domaine Ski&#8221;<\/a>. Czarna trasa &#8222;La Sarenne&#8221; o d\u0142ugo\u015bci 16 km jest jednym z najd\u0142u\u017cszych nartostrad w Europie.<\/p>\n<h2 id=\"region-narciarski-zillertal-(austria)\">Region narciarski Zillertal (Austria)<\/h2>\n<p>Wysoko\u015b\u0107: 630 &#8211; 3 250 m<\/p>\n<p>Ilo\u015b\u0107 tras: 497 km<\/p>\n<p>Koniec sezonu: koniec kwietnia\/pocz\u0105tek maja<\/p>\n<p>R\u00f3wnie\u017c o\u015brodki w<a href=\"https:\/\/www.snowtrex.pl\/austria\/dolina_ziller\/narty.html\" target=\"_blank\" rel=\"noopener noreferrer\"> Zillertalu<\/a> &#8211; od Zell am Ziller przez Mayrhofen i Hippach a\u017c do F\u00fcgen &#8211; s\u0105 zdecydowanie warte odwiedzenia pod koniec kwietnia. Lodowiec <a href=\"https:\/\/www.snowtrex.pl\/austria\/hintertux\/teren-narciarski.html\" target=\"_blank\" rel=\"noopener noreferrer\">Hintertux<\/a> to jedyny w Austrii ca\u0142oroczny teren narciarski, oferuj\u0105cy 59 km tras narciarskich na wysoko\u015bci od 1500 do 3 250 m.<\/p>\n<h2 id=\"teren-narciarski-val-thorens-orelle-(francja)\">Teren narciarski Val Thorens-Orelle (Francja)<\/h2>\n<p>Wysoko\u015b\u0107: 1 800 \u2013 3 230 m<\/p>\n<p>Ilo\u015b\u0107 tras: 150 km<\/p>\n<p>Koniec sezonu: koniec kwietnia\/pocz\u0105tek maja<\/p>\n<p>Teren narciarski <a href=\"https:\/\/www.snowtrex.pl\/francja\/val_thorens\/teren-narciarski.html\" target=\"_blank\" rel=\"noopener noreferrer\">Val Thorens-Orelle<\/a> posiada wiele zalet. Val Thorens jest nie tylko najwy\u017cszym o\u015brodkiem narciarskim w Europie, ale r\u00f3wnie\u017c znajduje si\u0119 na najwi\u0119kszym po\u0142\u0105czonym regionie narciarskim na \u015bwiecie, 3 Vall\u00e9es (600 km tras narciarskich). W miejscowo\u015bci mo\u017cna znale\u017a\u0107 urlopowicz\u00f3w niemal bezpo\u015brednio na stokach terenu narciarskiego Val Thorens-Orelle.<\/p>\n<h2 id=\"teren-narciarski-stubai-glacier-(austria)\">Teren narciarski Stubai Glacier (Austria)<\/h2>\n<p>Wysoko\u015b\u0107: 1 750 \u2013 3 212 m<\/p>\n<p>Ilo\u015b\u0107 tras: 42 km<\/p>\n<p>Koniec sezonu: po\u0142owa kwietnia<\/p>\n<p>U st\u00f3p lodowca Stubai i u podn\u00f3\u017ca terenu narciarskiego Schlick 2000 le\u017c\u0105 dwa miasta Neustift i Fulpmes. Dzi\u0119ki Stubai Super Ski Pass mi\u0142o\u015bnicy sport\u00f3w zimowych maj\u0105 do dyspozycji 147 km tras narciarskich. Teren narciarski przy <a href=\"https:\/\/www.snowtrex.pl\/austria\/neustift\/teren-narciarski.html\" target=\"_blank\" rel=\"noopener noreferrer\">lodowcu Stubai<\/a> jest najwi\u0119kszym terenem narciarskim na lodowcu w Austrii z 64 km tras narciarskich (w tym 22 km tras narciarskich).<\/p>\n<h2 id=\"teren-narciarski-schnalstaler-glacier-(w\u0142ochy)\">Teren narciarski Schnalstaler Glacier (W\u0142ochy)<\/h2>\n<p>Wysoko\u015b\u0107: 2 011 \u2013 3 212 m<\/p>\n<p>Ilo\u015b\u0107 tras: 27,2 km<\/p>\n<p>Koniec sezonu: koniec kwietnia\/pocz\u0105tek maja<\/p>\n<p>Z idyllicznej miejscowo\u015bci sportowej Kurzras trasa prowadzi do terenu narciarskiego na <a href=\"https:\/\/www.snowtrex.pl\/wlochy\/maso_corto\/teren-narciarski.html\" target=\"_blank\" rel=\"noopener noreferrer\">lodowcu Schnalstal<\/a>. Kilometry tras narciarskich s\u0105 bardzo r\u00f3wnomiernie roz\u0142o\u017cone na odcinkach niebieskich, czerwonych i czarnych.<\/p>\n<h2 id=\"teren-narciarski-zell-am-see-kaprun-(austria)\">Teren narciarski Zell am See-Kaprun (Austria)<\/h2>\n<p>Wysoko\u015b\u0107: 760 \u2013 3 029 m<\/p>\n<p>Ilo\u015b\u0107 tras: 128 km<\/p>\n<p>Koniec sezonu: od po\u0142owy do ko\u0144ca kwietnia<\/p>\n<p>Teren narciarski <a href=\"https:\/\/www.snowtrex.pl\/austria\/zell_am_see\/teren-narciarski.html\" target=\"_blank\" rel=\"noopener noreferrer\">Zell am See-Kaprun<\/a> sk\u0142ada si\u0119 z trzech indywidualnych teren\u00f3w narciarskich, kt\u00f3re s\u0105 rozmieszczone wok\u00f3\u0142 miejscowo\u015bci Zell am See i Kaprun w Ziemi Salzburskiej. Na terenie narciarskim na Schmittenh\u00f6he i Maiskogel rodziny z dzie\u0107mi czuj\u0105 si\u0119 szczeg\u00f3lnie dobrze, chocia\u017c sezon mo\u017ce si\u0119 tu zako\u0144czy\u0107 nieco wcze\u015bniej, w zale\u017cno\u015bci od warunk\u00f3w \u015bniegowych. Nie stanowi to jednak \u017cadnego problemu, poniewa\u017c na Kitzsteinhorn nadal znajduje si\u0119 teren narciarski na lodowcu. Nartostrady na lodowcu zapewniaj\u0105 bezpiecze\u0144stwo \u015bniegowe nawet w miesi\u0105cach letnich.<\/p>\n<div class=\"tt-post-image-wrapper tt-post-image-wrapper-full\">\n            <div class=\"tt-image-copyright-container\">\n                <a href=\"https:\/\/www.snowtrex.pl\/magazyn\/files\/2020\/01\/RS3933_shutterstock_105763745-scr.jpg\" target=\"_blank\" rel=\"noopener\"><img loading=\"lazy\" decoding=\"async\" data-wrapped=\"true\" class=\"wp-image-55494 size-Artikelbild_gro\u00df\" title=\"Z kolejki linowej w Zell am See entuzja\u015bci sport\u00f3w zimowych maj\u0105 fantastyczny widok na jezioro Zell.\" src=\"https:\/\/www.snowtrex.pl\/magazyn\/files\/2020\/01\/RS3933_shutterstock_105763745-scr-729x486.jpg\" alt=\"Z kolejki linowej w Zell am See entuzja\u015bci sport\u00f3w zimowych maj\u0105 fantastyczny widok na jezioro Zell.\" width=\"729\" height=\"486\" srcset=\"https:\/\/www.snowtrex.pl\/magazyn\/files\/2020\/01\/RS3933_shutterstock_105763745-scr-729x486.jpg 729w, https:\/\/www.snowtrex.pl\/magazyn\/files\/2020\/01\/RS3933_shutterstock_105763745-scr-300x200.jpg 300w, https:\/\/www.snowtrex.pl\/magazyn\/files\/2020\/01\/RS3933_shutterstock_105763745-scr-600x401.jpg 600w, https:\/\/www.snowtrex.pl\/magazyn\/files\/2020\/01\/RS3933_shutterstock_105763745-scr-468x312.jpg 468w, https:\/\/www.snowtrex.pl\/magazyn\/files\/2020\/01\/RS3933_shutterstock_105763745-scr-999x666.jpg 999w, https:\/\/www.snowtrex.pl\/magazyn\/files\/2020\/01\/RS3933_shutterstock_105763745-scr-645x430.jpg 645w, https:\/\/www.snowtrex.pl\/magazyn\/files\/2020\/01\/RS3933_shutterstock_105763745-scr-552x368.jpg 552w, https:\/\/www.snowtrex.pl\/magazyn\/files\/2020\/01\/RS3933_shutterstock_105763745-scr-405x270.jpg 405w, https:\/\/www.snowtrex.pl\/magazyn\/files\/2020\/01\/RS3933_shutterstock_105763745-scr-336x224.jpg 336w, https:\/\/www.snowtrex.pl\/magazyn\/files\/2020\/01\/RS3933_shutterstock_105763745-scr-276x184.jpg 276w, https:\/\/www.snowtrex.pl\/magazyn\/files\/2020\/01\/RS3933_shutterstock_105763745-scr-234x156.jpg 234w, https:\/\/www.snowtrex.pl\/magazyn\/files\/2020\/01\/RS3933_shutterstock_105763745-scr-192x128.jpg 192w, https:\/\/www.snowtrex.pl\/magazyn\/files\/2020\/01\/RS3933_shutterstock_105763745-scr-120x80.jpg 120w, https:\/\/www.snowtrex.pl\/magazyn\/files\/2020\/01\/RS3933_shutterstock_105763745-scr-30x20.jpg 30w\" sizes=\"(min-width: 1009px) 729px, (min-width: 819px) 594px, (min-width: 569px) 729px, (min-width: 449px) 468px, 348px\" \/><\/a><div class=\"tt-image-copyright\" data-image-id=\"55494\">\u00a9 nikolpetr\/shutterstock.de<\/div>\n            <\/div>\n            <div class=\"tt-post-caption\">Z kolejki linowej w Zell am See entuzja\u015bci sport\u00f3w zimowych maj\u0105 fantastyczny widok na jezioro Zell.<\/div>\n         <\/div > \n<h2 id=\"teren-narciarski-engelberg-titlis-(szwajcaria)\">Teren narciarski Engelberg-Titlis (Szwajcaria)<\/h2>\n<p>Wysoko\u015b\u0107: 1 000 \u2013 3 020 m<\/p>\n<p>Ilo\u015b\u0107 tras: 82 km<\/p>\n<p>Koniec sezonu: w po\u0142owie maja<\/p>\n<p>W samym sercu \u015brodkowej Szwajcarii le\u017cy o\u015brodek wypoczynkowo-rekreacyjny Engelberg. Zwi\u0105zany z tym teren narciarski <a href=\"https:\/\/www.snowtrex.pl\/szwajcaria\/engelberg\/teren-narciarski.html\" target=\"_blank\" rel=\"noopener noreferrer\">Engelberg-Titlis<\/a> oferuje idealne warunki a\u017c do wiosny. O\u015brodek narciarski mo\u017ce pochwali\u0107 si\u0119 pierwsz\u0105 na \u015bwiecie obrotow\u0105 kolejk\u0105 linow\u0105: kabina &#8222;Titlis Rotair&#8221; obraca si\u0119 w trakcie jazdy o 360 stopni.<\/p>\n<div class=\"tt-post-image-wrapper tt-post-image-wrapper-full\">\n            <div class=\"tt-image-copyright-container\">\n                <a href=\"https:\/\/www.snowtrex.pl\/magazyn\/files\/2020\/01\/RS4869_shutterstock_286737917-scr.jpg\" target=\"_blank\" rel=\"noopener\"><img loading=\"lazy\" decoding=\"async\" data-wrapped=\"true\" class=\"wp-image-55495 size-Artikelbild_gro\u00df\" title=\"Trasa Cliff Walk w o\u015brodku narciarskim Engelberg-Titlis nie jest przeznaczona dla os\u00f3b o s\u0142abych nerwach i jest nadal dost\u0119pna wiosn\u0105.\" src=\"https:\/\/www.snowtrex.pl\/magazyn\/files\/2020\/01\/RS4869_shutterstock_286737917-scr-729x486.jpg\" alt=\"Trasa Cliff Walk w o\u015brodku narciarskim Engelberg-Titlis nie jest przeznaczona dla os\u00f3b o s\u0142abych nerwach i jest nadal dost\u0119pna wiosn\u0105.\" width=\"729\" height=\"486\" srcset=\"https:\/\/www.snowtrex.pl\/magazyn\/files\/2020\/01\/RS4869_shutterstock_286737917-scr-729x486.jpg 729w, https:\/\/www.snowtrex.pl\/magazyn\/files\/2020\/01\/RS4869_shutterstock_286737917-scr-468x312.jpg 468w, https:\/\/www.snowtrex.pl\/magazyn\/files\/2020\/01\/RS4869_shutterstock_286737917-scr-300x200.jpg 300w, https:\/\/www.snowtrex.pl\/magazyn\/files\/2020\/01\/RS4869_shutterstock_286737917-scr-999x666.jpg 999w, https:\/\/www.snowtrex.pl\/magazyn\/files\/2020\/01\/RS4869_shutterstock_286737917-scr-645x430.jpg 645w, https:\/\/www.snowtrex.pl\/magazyn\/files\/2020\/01\/RS4869_shutterstock_286737917-scr-552x368.jpg 552w, https:\/\/www.snowtrex.pl\/magazyn\/files\/2020\/01\/RS4869_shutterstock_286737917-scr-405x270.jpg 405w, https:\/\/www.snowtrex.pl\/magazyn\/files\/2020\/01\/RS4869_shutterstock_286737917-scr-336x224.jpg 336w, https:\/\/www.snowtrex.pl\/magazyn\/files\/2020\/01\/RS4869_shutterstock_286737917-scr-276x184.jpg 276w, https:\/\/www.snowtrex.pl\/magazyn\/files\/2020\/01\/RS4869_shutterstock_286737917-scr-234x156.jpg 234w, https:\/\/www.snowtrex.pl\/magazyn\/files\/2020\/01\/RS4869_shutterstock_286737917-scr-192x128.jpg 192w, https:\/\/www.snowtrex.pl\/magazyn\/files\/2020\/01\/RS4869_shutterstock_286737917-scr-120x80.jpg 120w\" sizes=\"(min-width: 1009px) 729px, (min-width: 819px) 594px, (min-width: 569px) 729px, (min-width: 449px) 468px, 348px\" \/><\/a><div class=\"tt-image-copyright\" data-image-id=\"55495\">\u00a9 polarbearstudio\/shutterstock.de<\/div>\n            <\/div>\n            <div class=\"tt-post-caption\">Trasa Cliff Walk w o\u015brodku narciarskim Engelberg-Titlis nie jest przeznaczona dla os\u00f3b o s\u0142abych nerwach i jest nadal dost\u0119pna wiosn\u0105.<\/div>\n         <\/div > \n<h2 id=\"teren-narciarski-silvretta-arena-ischgl-(austria)\">Teren narciarski Silvretta Arena, Ischgl (Austria)<\/h2>\n<p>Wysoko\u015b\u0107: 1 377 \u2013 2 872 m<\/p>\n<p>Ilo\u015b\u0107 tras: 239 km<\/p>\n<p>Koniec sezonu: koniec kwietnia\/pocz\u0105tek maja<\/p>\n<p>Dwa koncerty &#8222;Top of the Mountain&#8221; tylko pod koniec sezonu sprawiaj\u0105, \u017ce <a href=\"https:\/\/www.snowtrex.pl\/austria\/ischgl\/teren-narciarski.html\" target=\"_blank\" rel=\"noopener noreferrer\">Silvretta Arena<\/a> w Ischgl jest ulubionym miejscem mi\u0142o\u015bnik\u00f3w sport\u00f3w zimowych w kwietniu i maju. Wiele mi\u0119dzynarodowych gwiazd, takich jak Sir Elton John, Robbie Williams i James Blunt, wyst\u0105pi\u0142o ju\u017c na popularnych imprezach muzycznych. Silvretta Arena \u0142\u0105czy austriackie miasto Ischgl z (bezc\u0142owym) szwajcarskim miastem Samnaun.<\/p>\n<h2 id=\"teren-narciarski-w-arlberg-(austria)\">Teren narciarski w Arlberg (Austria)<\/h2>\n<p>Wysoko\u015b\u0107: 1 270 &#8211; 2 811 m<\/p>\n<p>Ilo\u015b\u0107 tras: 306 km<\/p>\n<p>Koniec sezonu: koniec kwietnia<\/p>\n<p>Teren narciarski w <a href=\"https:\/\/www.snowtrex.pl\/austria\/st._anton\/teren-narciarski.html\" target=\"_blank\" rel=\"noopener noreferrer\">Arlberg<\/a> ko\u0142o St. Anton sta\u0142 si\u0119 wyj\u0105tkowo popularny, r\u00f3wnie\u017c dzi\u0119ki po\u0142\u0105czeniu z Warth-Schr\u00f6cken. I nie tylko to: St. Anton jest r\u00f3wnie\u017c znany jako jeden z absolutnych hotspot\u00f3w apr\u00e8s-ski w Alpach.<\/p>\n<h2 id=\"teren-narciarski-la-f\u00f4ret-blanche-vars-risoul-(francja)\">Teren narciarski La F\u00f4ret Blanche, Vars-Risoul (Francja)<\/h2>\n<p>Wysoko\u015b\u0107: 1 650 \u2013 2 750 m<\/p>\n<p>Ilo\u015b\u0107 tras: 185 km<\/p>\n<p>Koniec sezonu: koniec kwietnia<\/p>\n<p>O\u015brodek narciarski <a href=\"https:\/\/www.snowtrex.pl\/francja\/vars-risoul\/teren-narciarski.html\" target=\"_blank\" rel=\"noopener noreferrer\">La F\u00f4ret Blanche<\/a> jest prawdziwym rajem dla mi\u0142o\u015bnik\u00f3w snowpark\u00f3w. W o\u015brodku narciarskim znajduje si\u0119 8 snowpark\u00f3w, w tym specjalne parki dla dzieci i jeden o indyjskim wygl\u0105dzie. Nazwa &#8222;For\u00eat Blanche&#8221; ju\u017c teraz ujawnia, \u017ce jeste\u015b otoczony pi\u0119knymi, pokrytymi \u015bniegiem lasami.<\/p>\n<h2 id=\"teren-narciarski-ankogel-mallnitz-(austria)\">Teren narciarski Ankogel, Mallnitz (Austria)<\/h2>\n<p>Wysoko\u015b\u0107: 1 267 \u2013 2 637 m<\/p>\n<p>Ilo\u015b\u0107 tras: 13 km<\/p>\n<p>Koniec sezonu: w po\u0142owie maja<\/p>\n<p>Mallnitz znany jest r\u00f3wnie\u017c jako &#8222;Per\u0142a Parku Narodowego Hohe Tauern&#8221;. Pi\u0119kna miejscowo\u015b\u0107 le\u017cy u podn\u00f3\u017ca terenu narciarskiego <a href=\"https:\/\/www.snowtrex.pl\/austria\/mallnitz\/teren-narciarski.html\" target=\"_blank\" rel=\"noopener noreferrer\">Ankogel<\/a>, zaledwie 15 km od lodowca M\u00f6lltal. Na mi\u0142o\u015bnik\u00f3w sport\u00f3w zimowych czeka 17 km tras zjazdowych na wysoko\u015bci od 2 200 do 3 120 m.<\/p>\n<h2 id=\"portes-du-soleil-ski-region-(francja)\">Portes du Soleil ski region (Francja)<\/h2>\n<p>Wysoko\u015b\u0107: 1 000 \u2013 2 466 m<\/p>\n<p>Ilo\u015b\u0107 tras: 580 km<\/p>\n<p>Koniec sezonu: koniec kwietnia<\/p>\n<p>Dwana\u015bcie francuskich i szwajcarskich o\u015brodk\u00f3w narciarskich po\u0142\u0105czy\u0142o si\u0142y w regionie narciarskim <a href=\"https:\/\/www.snowtrex.pl\/francja\/portes_du_soleil\/region_narciarski.html\" target=\"_blank\" rel=\"noopener noreferrer\">Portes du Soleil<\/a>. Sam Avoriaz dysponuje 72 km tras narciarskich (960 &#8211; 2460 m), natomiast w Ch\u00e2tel dost\u0119pne s\u0105 83 km tras zjazdowych (1000 &#8211; 2200 m).<\/p>\n<div class=\"tt-post-image-wrapper tt-post-image-wrapper-full\">\n            <div class=\"tt-image-copyright-container\">\n                <a href=\"https:\/\/www.snowtrex.pl\/magazyn\/files\/2020\/01\/RS4776_shutterstock_254389753-scr.jpg\" target=\"_blank\" rel=\"noopener\"><img loading=\"lazy\" decoding=\"async\" data-wrapped=\"true\" class=\"wp-image-55497 size-Artikelbild_gro\u00df\" title=\"Panorama g\u00f3rska z wyci\u0105gu krzese\u0142kowego ponad chmurami w Portes du Soleil.\" src=\"https:\/\/www.snowtrex.pl\/magazyn\/files\/2020\/01\/RS4776_shutterstock_254389753-scr-729x486.jpg\" alt=\"Panorama g\u00f3rska z wyci\u0105gu krzese\u0142kowego ponad chmurami w Portes du Soleil.\" width=\"729\" height=\"486\" srcset=\"https:\/\/www.snowtrex.pl\/magazyn\/files\/2020\/01\/RS4776_shutterstock_254389753-scr-729x486.jpg 729w, https:\/\/www.snowtrex.pl\/magazyn\/files\/2020\/01\/RS4776_shutterstock_254389753-scr-300x200.jpg 300w, https:\/\/www.snowtrex.pl\/magazyn\/files\/2020\/01\/RS4776_shutterstock_254389753-scr-1024x683.jpg 1024w, https:\/\/www.snowtrex.pl\/magazyn\/files\/2020\/01\/RS4776_shutterstock_254389753-scr-600x400.jpg 600w, https:\/\/www.snowtrex.pl\/magazyn\/files\/2020\/01\/RS4776_shutterstock_254389753-scr-468x312.jpg 468w, https:\/\/www.snowtrex.pl\/magazyn\/files\/2020\/01\/RS4776_shutterstock_254389753-scr-999x666.jpg 999w, https:\/\/www.snowtrex.pl\/magazyn\/files\/2020\/01\/RS4776_shutterstock_254389753-scr-645x430.jpg 645w, https:\/\/www.snowtrex.pl\/magazyn\/files\/2020\/01\/RS4776_shutterstock_254389753-scr-552x368.jpg 552w, https:\/\/www.snowtrex.pl\/magazyn\/files\/2020\/01\/RS4776_shutterstock_254389753-scr-405x270.jpg 405w, https:\/\/www.snowtrex.pl\/magazyn\/files\/2020\/01\/RS4776_shutterstock_254389753-scr-336x224.jpg 336w, https:\/\/www.snowtrex.pl\/magazyn\/files\/2020\/01\/RS4776_shutterstock_254389753-scr-276x184.jpg 276w, https:\/\/www.snowtrex.pl\/magazyn\/files\/2020\/01\/RS4776_shutterstock_254389753-scr-234x156.jpg 234w, https:\/\/www.snowtrex.pl\/magazyn\/files\/2020\/01\/RS4776_shutterstock_254389753-scr-192x128.jpg 192w, https:\/\/www.snowtrex.pl\/magazyn\/files\/2020\/01\/RS4776_shutterstock_254389753-scr-120x80.jpg 120w, https:\/\/www.snowtrex.pl\/magazyn\/files\/2020\/01\/RS4776_shutterstock_254389753-scr-30x20.jpg 30w, https:\/\/www.snowtrex.pl\/magazyn\/files\/2020\/01\/RS4776_shutterstock_254389753-scr.jpg 1440w\" sizes=\"(min-width: 1009px) 729px, (min-width: 819px) 594px, (min-width: 569px) 729px, (min-width: 449px) 468px, 348px\" \/><\/a><div class=\"tt-image-copyright\" data-image-id=\"55497\">\u00a9 antb\/shutterstock.de<\/div>\n            <\/div>\n            <div class=\"tt-post-caption\">Panorama g\u00f3rska z wyci\u0105gu krzese\u0142kowego ponad chmurami w Portes du Soleil.<\/div>\n         <\/div > \n<h2 id=\"teren-narciarski-obertauern-(austria)\">Teren narciarski Obertauern (Austria)<\/h2>\n<p>Wysoko\u015b\u0107: 1 630 \u2013 2 313 m<\/p>\n<p>Ilo\u015b\u0107 tras: 100 km<\/p>\n<p>Koniec sezonu: koniec kwietnia\/pocz\u0105tek maja<\/p>\n<p>Teren narciarski <a href=\"https:\/\/www.snowtrex.pl\/austria\/obertauern\/teren-narciarski.html\" target=\"_blank\" rel=\"noopener noreferrer\">Obertauern<\/a> znajduje si\u0119 90 km na po\u0142udnie od Salzburga i mo\u017cna do niego dotrze\u0107 z prawie ka\u017cdego punktu miejscowo\u015bci w kilka minut. Legendarna jest trasa &#8222;Gamsleiten 2&#8221;, jeden z najbardziej stromych nartostrad w Alpach.<\/p>\n","protected":false},"excerpt":{"rendered":"<p>Du\u017co \u015bniegu, s\u0142o\u0144ca, dobra widoczno\u015b\u0107, przyjemna temperatura: jazda na nartach wiosn\u0105 lub na Wielkanoc to zazwyczaj prawdziwa przyjemno\u015b\u0107. Chocia\u017c na stokach nale\u017cy by\u0107 do\u015b\u0107 wcze\u015bnie, zw\u0142aszcza w marcu i kwietniu, aby nie trzeba by\u0142o je\u017adzi\u0107 na nartach w najwi\u0119kszym \u015bniegu po po\u0142udniu. Dla wszystkich mi\u0142o\u015bnik\u00f3w sport\u00f3w zimowych, kt\u00f3rzy s\u0105 w nastroju na takie wakacje narciarskie w marcu, kwietniu lub w okresie \u015bwi\u0105t wielkanocnych, SnowTrex przygotowa\u0142 szereg teren\u00f3w narciarskich w Alpach, kt\u00f3re s\u0105 otwarte r\u00f3wnie\u017c wiosn\u0105.<\/p>\n","protected":false},"author":175,"featured_media":55491,"comment_status":"closed","ping_status":"closed","sticky":false,"template":"","format":"standard","meta":{"footnotes":""},"categories":[4],"tags":[5764,5814,242,52,5470,5471,5765,5742,5331,5472,95,128,5452,5741,5708,208,5756,144,5710,5453,5757,209,5823,5876,5666,243,74,38,5825,5352,5831,5678,10,5473,5280,247,5353,5474,5309,5667,5769,5827,5717,5850,5475,5736,5770,145,240,5771,5425,5476,5828,28,5773,211,5674,5389,5746,5760,5811,5834,96,192,5477,5681,5455,53,267,5675,101,252,5759],"class_list":["post-17856","post","type-post","status-publish","format-standard","has-post-thumbnail","hentry","category-osrodki-narciarskie","tag-alpe_dhuez","tag-alpy-wysokie","tag-arosa","tag-austria","tag-avoriaz","tag-chatel","tag-dolina-engelberg","tag-dolina-schanfigg","tag-engelberg","tag-flirsch","tag-francja","tag-fugen","tag-fulpmes","tag-gryzonia","tag-haute-savoie","tag-hintertux","tag-hippach_schwendau_ramsau","tag-ischgl","tag-isere","tag-jerzens","tag-kaltenbach_ried_stumm","tag-kaprun","tag-karyntia","tag-la-foret-blanche","tag-langenfeld","tag-lenzerheide","tag-les_2_alpes","tag-les_3_vallees","tag-lodowiec_molltaler_gletscher","tag-mallnitz","tag-maso_corto_niem-_kurzras","tag-matterhorn","tag-mayrhofen","tag-naturno_niem-_naturns","tag-neustift","tag-obertauern","tag-obervellach","tag-oisans","tag-orelle","tag-otztal","tag-paznauntal","tag-pitztal","tag-portes_du_soleil","tag-radstadter-tauern","tag-saas-fee","tag-saastal","tag-sabaudia","tag-solden","tag-st-_anton","tag-st-_anton_am_arlberg","tag-st-_leonhard","tag-strengen_am_arlberg","tag-stubaital","tag-szwajcaria","tag-szwajcaria-centralna","tag-tignes","tag-tignes-val-disere","tag-tux","tag-tyrol","tag-tyrol-poludniowy","tag-val_disere","tag-val_senales","tag-val_thorens","tag-vars","tag-vernago_niem-_vernagt","tag-wallis","tag-wenns","tag-wlochy","tag-zell_am_see","tag-zell_am_see-kaprun","tag-zell_am_ziller","tag-zermatt","tag-ziemia-salzburska"],"yoast_head":"<!-- This site is optimized with the Yoast SEO Premium plugin v27.3 (Yoast SEO v27.3) - https:\/\/yoast.com\/product\/yoast-seo-premium-wordpress\/ -->\n<title>Urlop narciarski na wiosn\u0119 - Gdzie je\u017adzi\u0107 na nartach w Wielkanoc?<\/title>\n<meta name=\"description\" content=\"Dla fan\u00f3w sport\u00f3w zimowych, kt\u00f3rzy maj\u0105 ochot\u0119 na urlop narciarski na wiosn\u0119 lub Wielkanoc, SnowTrex przygotowa\u0142 list\u0119 teren\u00f3w narciarskich z gwarancj\u0105 \u015bniegu.\" \/>\n<meta name=\"robots\" content=\"index, follow, max-snippet:-1, max-image-preview:large, max-video-preview:-1\" \/>\n<link rel=\"canonical\" href=\"https:\/\/www.snowtrex.pl\/magazyn\/osrodki-narciarskie\/jazda-na-nartach-wiosna-wielkanoc\/\" \/>\n<meta property=\"og:locale\" content=\"pl_PL\" \/>\n<meta property=\"og:type\" content=\"article\" \/>\n<meta property=\"og:title\" content=\"Najlepsze destynacje do jazdy na nartach na wiosn\u0119 i Wielkanoc\" \/>\n<meta property=\"og:description\" content=\"Du\u017co \u015bniegu, s\u0142o\u0144ca, dobra widoczno\u015b\u0107, przyjemna temperatura: jazda na nartach wiosn\u0105 lub na Wielkanoc to zazwyczaj prawdziwa przyjemno\u015b\u0107. Chocia\u017c na stokach nale\u017cy by\u0107 do\u015b\u0107 wcze\u015bnie, zw\u0142aszcza w marcu i kwietniu, aby nie trzeba by\u0142o je\u017adzi\u0107 na nartach w najwi\u0119kszym \u015bniegu po po\u0142udniu. Dla wszystkich mi\u0142o\u015bnik\u00f3w sport\u00f3w zimowych, kt\u00f3rzy s\u0105 w nastroju na takie wakacje narciarskie w marcu, kwietniu lub w okresie \u015bwi\u0105t wielkanocnych, SnowTrex przygotowa\u0142 szereg teren\u00f3w narciarskich w Alpach, kt\u00f3re s\u0105 otwarte r\u00f3wnie\u017c wiosn\u0105.\" \/>\n<meta property=\"og:url\" content=\"https:\/\/www.snowtrex.pl\/magazyn\/osrodki-narciarskie\/jazda-na-nartach-wiosna-wielkanoc\/\" \/>\n<meta property=\"og:site_name\" content=\"SnowTrex magazyn narciarski\" \/>\n<meta property=\"article:publisher\" content=\"https:\/\/www.facebook.com\/SnowTrex.de\/\" \/>\n<meta property=\"article:author\" content=\"https:\/\/www.facebook.com\/snowtrex\/\" \/>\n<meta property=\"article:published_time\" content=\"2026-02-10T00:00:00+00:00\" \/>\n<meta property=\"article:modified_time\" content=\"2026-02-10T11:00:54+00:00\" \/>\n<meta property=\"og:image\" content=\"https:\/\/www.snowtrex.pl\/magazyn\/files\/2020\/01\/RS12703_SNOW3924-scr.jpg\" \/>\n\t<meta property=\"og:image:width\" content=\"1440\" \/>\n\t<meta property=\"og:image:height\" content=\"960\" \/>\n\t<meta property=\"og:image:type\" content=\"image\/jpeg\" \/>\n<meta name=\"author\" content=\"SnowTrex\" \/>\n<meta name=\"twitter:label1\" content=\"Napisane przez\" \/>\n\t<meta name=\"twitter:data1\" content=\"SnowTrex\" \/>\n\t<meta name=\"twitter:label2\" content=\"Szacowany czas czytania\" \/>\n\t<meta name=\"twitter:data2\" content=\"10 minut\" \/>\n<script type=\"application\/ld+json\" class=\"yoast-schema-graph\">{\"@context\":\"https:\\\/\\\/schema.org\",\"@graph\":[{\"@type\":\"Article\",\"@id\":\"http:\\\/\\\/wp-magazin.snowtrex.pl\\\/osrodki-narciarskie\\\/jazda-na-nartach-wiosna-wielkanoc\\\/#article\",\"isPartOf\":{\"@id\":\"http:\\\/\\\/wp-magazin.snowtrex.pl\\\/osrodki-narciarskie\\\/jazda-na-nartach-wiosna-wielkanoc\\\/\"},\"author\":{\"name\":\"SnowTrex\",\"@id\":\"http:\\\/\\\/wp-magazin.snowtrex.pl\\\/#\\\/schema\\\/person\\\/8e389f383d57ca71d928d1ce1eebb566\"},\"headline\":\"Najlepsze destynacje do jazdy na nartach na wiosn\u0119 i Wielkanoc\",\"datePublished\":\"2026-02-10T00:00:00+00:00\",\"dateModified\":\"2026-02-10T11:00:54+00:00\",\"mainEntityOfPage\":{\"@id\":\"http:\\\/\\\/wp-magazin.snowtrex.pl\\\/osrodki-narciarskie\\\/jazda-na-nartach-wiosna-wielkanoc\\\/\"},\"wordCount\":1538,\"publisher\":{\"@id\":\"http:\\\/\\\/wp-magazin.snowtrex.pl\\\/#organization\"},\"image\":{\"@id\":\"http:\\\/\\\/wp-magazin.snowtrex.pl\\\/osrodki-narciarskie\\\/jazda-na-nartach-wiosna-wielkanoc\\\/#primaryimage\"},\"thumbnailUrl\":\"http:\\\/\\\/wp-magazin.snowtrex.pl\\\/files\\\/2020\\\/01\\\/RS12703_SNOW3924-scr.jpg\",\"keywords\":[\"Alpe d'Huez\",\"Alpy Wysokie\",\"Arosa\",\"Austria\",\"Avoriaz\",\"Chatel\",\"Dolina Engelberg\",\"Dolina Schanfigg\",\"Engelberg\",\"Flirsch\",\"Francja\",\"F\u00fcgen\",\"Fulpmes\",\"Gryzonia\",\"Haute-Savoie\",\"Hintertux\",\"Hippach - Schwendau - Ramsau\",\"Ischgl\",\"Is\u00e8re\",\"Jerzens\",\"Kaltenbach - Ried - Stumm\",\"Kaprun\",\"Karyntia\",\"La For\u00eat Blanche\",\"L\u00e4ngenfeld\",\"Lenzerheide\",\"Les 2 Alpes\",\"Les 3 Vall\u00e9es\",\"Lodowiec M\u00f6lltaler Gletscher\",\"Mallnitz\",\"Maso Corto (niem. Kurzras)\",\"Matterhorn\",\"Mayrhofen\",\"Naturno (niem. Naturns)\",\"Neustift\",\"Obertauern\",\"Obervellach\",\"Oisans\",\"Orelle\",\"\u00d6tztal\",\"Paznauntal\",\"Pitztal\",\"Portes du Soleil\",\"Radst\u00e4dter Tauern\",\"Saas-Fee\",\"Saastal\",\"Sabaudia\",\"S\u00f6lden\",\"St. Anton\",\"St. Anton am Arlberg\",\"St. Leonhard\",\"Strengen am Arlberg\",\"Stubaital\",\"Szwajcaria\",\"Szwajcaria Centralna\",\"Tignes\",\"Tignes \u2013 Val d\u2019Is\u00e8re\",\"Tux\",\"Tyrol\",\"Tyrol Po\u0142udniowy\",\"Val d'Is\u00e8re\",\"Val Senales\",\"Val Thorens\",\"Vars\",\"Vernago (niem. Vernagt)\",\"Wallis\",\"Wenns\",\"W\u0142ochy\",\"Zell am See\",\"Zell am See-Kaprun\",\"Zell am Ziller\",\"Zermatt\",\"Ziemia Salzburska\"],\"articleSection\":[\"O\u015brodki narciarskie\"],\"inLanguage\":\"pl-PL\"},{\"@type\":\"WebPage\",\"@id\":\"http:\\\/\\\/wp-magazin.snowtrex.pl\\\/osrodki-narciarskie\\\/jazda-na-nartach-wiosna-wielkanoc\\\/\",\"url\":\"http:\\\/\\\/wp-magazin.snowtrex.pl\\\/osrodki-narciarskie\\\/jazda-na-nartach-wiosna-wielkanoc\\\/\",\"name\":\"Urlop narciarski na wiosn\u0119 - Gdzie je\u017adzi\u0107 na nartach w Wielkanoc?\",\"primaryImageOfPage\":{\"@id\":\"http:\\\/\\\/wp-magazin.snowtrex.pl\\\/osrodki-narciarskie\\\/jazda-na-nartach-wiosna-wielkanoc\\\/#primaryimage\"},\"image\":{\"@id\":\"http:\\\/\\\/wp-magazin.snowtrex.pl\\\/osrodki-narciarskie\\\/jazda-na-nartach-wiosna-wielkanoc\\\/#primaryimage\"},\"thumbnailUrl\":\"http:\\\/\\\/wp-magazin.snowtrex.pl\\\/files\\\/2020\\\/01\\\/RS12703_SNOW3924-scr.jpg\",\"datePublished\":\"2026-02-10T00:00:00+00:00\",\"dateModified\":\"2026-02-10T11:00:54+00:00\",\"description\":\"Dla fan\u00f3w sport\u00f3w zimowych, kt\u00f3rzy maj\u0105 ochot\u0119 na urlop narciarski na wiosn\u0119 lub Wielkanoc, SnowTrex przygotowa\u0142 list\u0119 teren\u00f3w narciarskich z gwarancj\u0105 \u015bniegu.\",\"inLanguage\":\"pl-PL\"},{\"@type\":\"ImageObject\",\"inLanguage\":\"pl-PL\",\"@id\":\"http:\\\/\\\/wp-magazin.snowtrex.pl\\\/osrodki-narciarskie\\\/jazda-na-nartach-wiosna-wielkanoc\\\/#primaryimage\",\"url\":\"http:\\\/\\\/wp-magazin.snowtrex.pl\\\/files\\\/2020\\\/01\\\/RS12703_SNOW3924-scr.jpg\",\"contentUrl\":\"http:\\\/\\\/wp-magazin.snowtrex.pl\\\/files\\\/2020\\\/01\\\/RS12703_SNOW3924-scr.jpg\",\"width\":1440,\"height\":960},{\"@type\":\"WebSite\",\"@id\":\"http:\\\/\\\/wp-magazin.snowtrex.pl\\\/#website\",\"url\":\"http:\\\/\\\/wp-magazin.snowtrex.pl\\\/\",\"name\":\"SnowTrex magazyn narciarski\",\"description\":\"wszystko na temat narciarstwa, snowboardu i urlopu zimowego!\",\"publisher\":{\"@id\":\"http:\\\/\\\/wp-magazin.snowtrex.pl\\\/#organization\"},\"inLanguage\":\"pl-PL\"},{\"@type\":\"Organization\",\"@id\":\"http:\\\/\\\/wp-magazin.snowtrex.pl\\\/#organization\",\"name\":\"TravelTrex GmbH\",\"url\":\"http:\\\/\\\/wp-magazin.snowtrex.pl\\\/\",\"logo\":{\"@type\":\"ImageObject\",\"inLanguage\":\"pl-PL\",\"@id\":\"http:\\\/\\\/wp-magazin.snowtrex.pl\\\/#\\\/schema\\\/logo\\\/image\\\/\",\"url\":\"\",\"contentUrl\":\"\",\"caption\":\"TravelTrex GmbH\"},\"image\":{\"@id\":\"http:\\\/\\\/wp-magazin.snowtrex.pl\\\/#\\\/schema\\\/logo\\\/image\\\/\"},\"sameAs\":[\"https:\\\/\\\/www.facebook.com\\\/SnowTrex.de\\\/\",\"https:\\\/\\\/www.instagram.com\\\/snowtrex_ski\\\/\"],\"description\":\"Od 1999 roku SnowTrex jest wiod\u0105cym niemieckim organizatorem wyjazd\u00f3w narciarskich. Firma oferuje swoje us\u0142ugi w 13 j\u0119zykach i co roku zabiera ponad 100 000 go\u015bci do popularnych miejsc, takich jak Austria, Francja, W\u0142ochy, Szwajcaria i Niemcy.\",\"email\":\"info-pl@snowtrex.com\",\"telephone\":\"22 380 39 00\",\"legalName\":\"TravelTrex GmbH\",\"foundingDate\":\"1999-07-01\",\"vatID\":\"DE 813 076 768\",\"numberOfEmployees\":{\"@type\":\"QuantitativeValue\",\"minValue\":\"51\",\"maxValue\":\"200\"}},{\"@type\":\"Person\",\"@id\":\"http:\\\/\\\/wp-magazin.snowtrex.pl\\\/#\\\/schema\\\/person\\\/8e389f383d57ca71d928d1ce1eebb566\",\"name\":\"SnowTrex\",\"description\":\"Redakcja magazynu SnowTrex sk\u0142ada si\u0119 z do\u015bwiadczonych mi\u0142o\u015bnik\u00f3w sport\u00f3w zimowych i ekspert\u00f3w turystycznych, kt\u00f3rzy dziel\u0105 si\u0119 swoj\u0105 pasj\u0105 w merytorycznych artyku\u0142ach na temat o\u015brodk\u00f3w narciarskich, sprz\u0119tu i wskaz\u00f3wek dotycz\u0105cych podr\u00f3\u017cy. Od 1999 roku SnowTrex jest wiod\u0105cym niemieckim organizatorem wyjazd\u00f3w narciarskich. Firma oferuje swoje us\u0142ugi w 13 j\u0119zykach i co roku zabiera ponad 100 000 go\u015bci do popularnych miejsc, takich jak Austria, Francja, W\u0142ochy, Szwajcaria i Niemcy.\",\"sameAs\":[\"https:\\\/\\\/www.snowtrex.pl\\\/\",\"https:\\\/\\\/www.facebook.com\\\/snowtrex\\\/\",\"https:\\\/\\\/www.instagram.com\\\/snowtrex_ski\\\/\",\"https:\\\/\\\/www.youtube.com\\\/c\\\/SnowTrex\"]}]}<\/script>\n<!-- \/ Yoast SEO Premium plugin. -->","yoast_head_json":{"title":"Urlop narciarski na wiosn\u0119 - Gdzie je\u017adzi\u0107 na nartach w Wielkanoc?","description":"Dla fan\u00f3w sport\u00f3w zimowych, kt\u00f3rzy maj\u0105 ochot\u0119 na urlop narciarski na wiosn\u0119 lub Wielkanoc, SnowTrex przygotowa\u0142 list\u0119 teren\u00f3w narciarskich z gwarancj\u0105 \u015bniegu.","robots":{"index":"index","follow":"follow","max-snippet":"max-snippet:-1","max-image-preview":"max-image-preview:large","max-video-preview":"max-video-preview:-1"},"canonical":"https:\/\/www.snowtrex.pl\/magazyn\/osrodki-narciarskie\/jazda-na-nartach-wiosna-wielkanoc\/","og_locale":"pl_PL","og_type":"article","og_title":"Najlepsze destynacje do jazdy na nartach na wiosn\u0119 i Wielkanoc","og_description":"Du\u017co \u015bniegu, s\u0142o\u0144ca, dobra widoczno\u015b\u0107, przyjemna temperatura: jazda na nartach wiosn\u0105 lub na Wielkanoc to zazwyczaj prawdziwa przyjemno\u015b\u0107. Chocia\u017c na stokach nale\u017cy by\u0107 do\u015b\u0107 wcze\u015bnie, zw\u0142aszcza w marcu i kwietniu, aby nie trzeba by\u0142o je\u017adzi\u0107 na nartach w najwi\u0119kszym \u015bniegu po po\u0142udniu. Dla wszystkich mi\u0142o\u015bnik\u00f3w sport\u00f3w zimowych, kt\u00f3rzy s\u0105 w nastroju na takie wakacje narciarskie w marcu, kwietniu lub w okresie \u015bwi\u0105t wielkanocnych, SnowTrex przygotowa\u0142 szereg teren\u00f3w narciarskich w Alpach, kt\u00f3re s\u0105 otwarte r\u00f3wnie\u017c wiosn\u0105.","og_url":"https:\/\/www.snowtrex.pl\/magazyn\/osrodki-narciarskie\/jazda-na-nartach-wiosna-wielkanoc\/","og_site_name":"SnowTrex magazyn narciarski","article_publisher":"https:\/\/www.facebook.com\/SnowTrex.de\/","article_author":"https:\/\/www.facebook.com\/snowtrex\/","article_published_time":"2026-02-10T00:00:00+00:00","article_modified_time":"2026-02-10T11:00:54+00:00","og_image":[{"width":1440,"height":960,"url":"https:\/\/www.snowtrex.pl\/magazyn\/files\/2020\/01\/RS12703_SNOW3924-scr.jpg","type":"image\/jpeg"}],"author":"SnowTrex","twitter_misc":{"Napisane przez":"SnowTrex","Szacowany czas czytania":"10 minut"},"schema":{"@context":"https:\/\/schema.org","@graph":[{"@type":"Article","@id":"https:\/\/www.snowtrex.pl\/magazyn\/osrodki-narciarskie\/jazda-na-nartach-wiosna-wielkanoc\/#article","isPartOf":{"@id":"https:\/\/www.snowtrex.pl\/magazyn\/osrodki-narciarskie\/jazda-na-nartach-wiosna-wielkanoc\/"},"author":{"name":"SnowTrex","@id":"https:\/\/www.snowtrex.pl\/magazyn\/#\/schema\/person\/8e389f383d57ca71d928d1ce1eebb566"},"headline":"Najlepsze destynacje do jazdy na nartach na wiosn\u0119 i Wielkanoc","datePublished":"2026-02-10T00:00:00+00:00","dateModified":"2026-02-10T11:00:54+00:00","mainEntityOfPage":{"@id":"https:\/\/www.snowtrex.pl\/magazyn\/osrodki-narciarskie\/jazda-na-nartach-wiosna-wielkanoc\/"},"wordCount":1538,"publisher":{"@id":"https:\/\/www.snowtrex.pl\/magazyn\/#organization"},"image":{"@id":"https:\/\/www.snowtrex.pl\/magazyn\/osrodki-narciarskie\/jazda-na-nartach-wiosna-wielkanoc\/#primaryimage"},"thumbnailUrl":"https:\/\/www.snowtrex.pl\/magazyn\/files\/2020\/01\/RS12703_SNOW3924-scr.jpg","keywords":["Alpe d'Huez","Alpy Wysokie","Arosa","Austria","Avoriaz","Chatel","Dolina Engelberg","Dolina Schanfigg","Engelberg","Flirsch","Francja","F\u00fcgen","Fulpmes","Gryzonia","Haute-Savoie","Hintertux","Hippach - Schwendau - Ramsau","Ischgl","Is\u00e8re","Jerzens","Kaltenbach - Ried - Stumm","Kaprun","Karyntia","La For\u00eat Blanche","L\u00e4ngenfeld","Lenzerheide","Les 2 Alpes","Les 3 Vall\u00e9es","Lodowiec M\u00f6lltaler Gletscher","Mallnitz","Maso Corto (niem. Kurzras)","Matterhorn","Mayrhofen","Naturno (niem. Naturns)","Neustift","Obertauern","Obervellach","Oisans","Orelle","\u00d6tztal","Paznauntal","Pitztal","Portes du Soleil","Radst\u00e4dter Tauern","Saas-Fee","Saastal","Sabaudia","S\u00f6lden","St. Anton","St. Anton am Arlberg","St. Leonhard","Strengen am Arlberg","Stubaital","Szwajcaria","Szwajcaria Centralna","Tignes","Tignes \u2013 Val d\u2019Is\u00e8re","Tux","Tyrol","Tyrol Po\u0142udniowy","Val d'Is\u00e8re","Val Senales","Val Thorens","Vars","Vernago (niem. Vernagt)","Wallis","Wenns","W\u0142ochy","Zell am See","Zell am See-Kaprun","Zell am Ziller","Zermatt","Ziemia Salzburska"],"articleSection":["O\u015brodki narciarskie"],"inLanguage":"pl-PL"},{"@type":"WebPage","@id":"https:\/\/www.snowtrex.pl\/magazyn\/osrodki-narciarskie\/jazda-na-nartach-wiosna-wielkanoc\/","url":"https:\/\/www.snowtrex.pl\/magazyn\/osrodki-narciarskie\/jazda-na-nartach-wiosna-wielkanoc\/","name":"Urlop narciarski na wiosn\u0119 - Gdzie je\u017adzi\u0107 na nartach w Wielkanoc?","primaryImageOfPage":{"@id":"https:\/\/www.snowtrex.pl\/magazyn\/osrodki-narciarskie\/jazda-na-nartach-wiosna-wielkanoc\/#primaryimage"},"image":{"@id":"https:\/\/www.snowtrex.pl\/magazyn\/osrodki-narciarskie\/jazda-na-nartach-wiosna-wielkanoc\/#primaryimage"},"thumbnailUrl":"https:\/\/www.snowtrex.pl\/magazyn\/files\/2020\/01\/RS12703_SNOW3924-scr.jpg","datePublished":"2026-02-10T00:00:00+00:00","dateModified":"2026-02-10T11:00:54+00:00","description":"Dla fan\u00f3w sport\u00f3w zimowych, kt\u00f3rzy maj\u0105 ochot\u0119 na urlop narciarski na wiosn\u0119 lub Wielkanoc, SnowTrex przygotowa\u0142 list\u0119 teren\u00f3w narciarskich z gwarancj\u0105 \u015bniegu.","inLanguage":"pl-PL"},{"@type":"ImageObject","inLanguage":"pl-PL","@id":"https:\/\/www.snowtrex.pl\/magazyn\/osrodki-narciarskie\/jazda-na-nartach-wiosna-wielkanoc\/#primaryimage","url":"https:\/\/www.snowtrex.pl\/magazyn\/files\/2020\/01\/RS12703_SNOW3924-scr.jpg","contentUrl":"https:\/\/www.snowtrex.pl\/magazyn\/files\/2020\/01\/RS12703_SNOW3924-scr.jpg","width":1440,"height":960},{"@type":"WebSite","@id":"https:\/\/www.snowtrex.pl\/magazyn\/#website","url":"https:\/\/www.snowtrex.pl\/magazyn\/","name":"SnowTrex magazyn narciarski","description":"wszystko na temat narciarstwa, snowboardu i urlopu zimowego!","publisher":{"@id":"https:\/\/www.snowtrex.pl\/magazyn\/#organization"},"inLanguage":"pl-PL"},{"@type":"Organization","@id":"https:\/\/www.snowtrex.pl\/magazyn\/#organization","name":"TravelTrex GmbH","url":"https:\/\/www.snowtrex.pl\/magazyn\/","logo":{"@type":"ImageObject","inLanguage":"pl-PL","@id":"https:\/\/www.snowtrex.pl\/magazyn\/#\/schema\/logo\/image\/","url":"","contentUrl":"","caption":"TravelTrex GmbH"},"image":{"@id":"https:\/\/www.snowtrex.pl\/magazyn\/#\/schema\/logo\/image\/"},"sameAs":["https:\/\/www.facebook.com\/SnowTrex.de\/","https:\/\/www.instagram.com\/snowtrex_ski\/"],"description":"Od 1999 roku SnowTrex jest wiod\u0105cym niemieckim organizatorem wyjazd\u00f3w narciarskich. Firma oferuje swoje us\u0142ugi w 13 j\u0119zykach i co roku zabiera ponad 100 000 go\u015bci do popularnych miejsc, takich jak Austria, Francja, W\u0142ochy, Szwajcaria i Niemcy.","email":"info-pl@snowtrex.com","telephone":"22 380 39 00","legalName":"TravelTrex GmbH","foundingDate":"1999-07-01","vatID":"DE 813 076 768","numberOfEmployees":{"@type":"QuantitativeValue","minValue":"51","maxValue":"200"}},{"@type":"Person","@id":"https:\/\/www.snowtrex.pl\/magazyn\/#\/schema\/person\/8e389f383d57ca71d928d1ce1eebb566","name":"SnowTrex","description":"Redakcja magazynu SnowTrex sk\u0142ada si\u0119 z do\u015bwiadczonych mi\u0142o\u015bnik\u00f3w sport\u00f3w zimowych i ekspert\u00f3w turystycznych, kt\u00f3rzy dziel\u0105 si\u0119 swoj\u0105 pasj\u0105 w merytorycznych artyku\u0142ach na temat o\u015brodk\u00f3w narciarskich, sprz\u0119tu i wskaz\u00f3wek dotycz\u0105cych podr\u00f3\u017cy. Od 1999 roku SnowTrex jest wiod\u0105cym niemieckim organizatorem wyjazd\u00f3w narciarskich. Firma oferuje swoje us\u0142ugi w 13 j\u0119zykach i co roku zabiera ponad 100 000 go\u015bci do popularnych miejsc, takich jak Austria, Francja, W\u0142ochy, Szwajcaria i Niemcy.","sameAs":["https:\/\/www.snowtrex.pl\/","https:\/\/www.facebook.com\/snowtrex\/","https:\/\/www.instagram.com\/snowtrex_ski\/","https:\/\/www.youtube.com\/c\/SnowTrex"]}]}},"wp-worthy-pixel":{"ignored":false,"public":null,"server":null,"url":null},"wp-worthy-type":"normal","_links":{"self":[{"href":"https:\/\/www.snowtrex.pl\/magazyn\/wp-json\/wp\/v2\/posts\/17856","targetHints":{"allow":["GET"]}}],"collection":[{"href":"https:\/\/www.snowtrex.pl\/magazyn\/wp-json\/wp\/v2\/posts"}],"about":[{"href":"https:\/\/www.snowtrex.pl\/magazyn\/wp-json\/wp\/v2\/types\/post"}],"author":[{"embeddable":true,"href":"https:\/\/www.snowtrex.pl\/magazyn\/wp-json\/wp\/v2\/users\/175"}],"replies":[{"embeddable":true,"href":"https:\/\/www.snowtrex.pl\/magazyn\/wp-json\/wp\/v2\/comments?post=17856"}],"version-history":[{"count":9,"href":"https:\/\/www.snowtrex.pl\/magazyn\/wp-json\/wp\/v2\/posts\/17856\/revisions"}],"predecessor-version":[{"id":55498,"href":"https:\/\/www.snowtrex.pl\/magazyn\/wp-json\/wp\/v2\/posts\/17856\/revisions\/55498"}],"wp:featuredmedia":[{"embeddable":true,"href":"https:\/\/www.snowtrex.pl\/magazyn\/wp-json\/wp\/v2\/media\/55491"}],"wp:attachment":[{"href":"https:\/\/www.snowtrex.pl\/magazyn\/wp-json\/wp\/v2\/media?parent=17856"}],"wp:term":[{"taxonomy":"category","embeddable":true,"href":"https:\/\/www.snowtrex.pl\/magazyn\/wp-json\/wp\/v2\/categories?post=17856"},{"taxonomy":"post_tag","embeddable":true,"href":"https:\/\/www.snowtrex.pl\/magazyn\/wp-json\/wp\/v2\/tags?post=17856"}],"curies":[{"name":"wp","href":"https:\/\/api.w.org\/{rel}","templated":true}]}}