{"id":17950,"date":"2025-07-29T01:00:00","date_gmt":"2025-07-28T23:00:00","guid":{"rendered":"https:\/\/www.snowtrex.pl\/magazyn\/?p=17950"},"modified":"2025-07-29T12:00:13","modified_gmt":"2025-07-29T10:00:13","slug":"rekordy-w-alpach","status":"publish","type":"post","link":"https:\/\/www.snowtrex.pl\/magazyn\/top-10\/rekordy-w-alpach\/","title":{"rendered":"Najwy\u017cej, najd\u0142u\u017cej, najbardziej stromo: 20 spektakularnych rekord\u00f3w w Alpach"},"content":{"rendered":"<p><strong>Najwy\u017csza g\u00f3ra, najbardziej stromy stok lub najwy\u017cej po\u0142o\u017cony hotel w Alpach &#8211; <a href=\"https:\/\/www.snowtrex.pl\/\" target=\"_blank\" rel=\"noopener\">SnowTrex<\/a> przedstawia najbardziej spektakularne rekordy w Alpach z okazji 20. urodzin!<\/strong><\/p>\n<div class=\"tt-post-image-wrapper tt-post-image-wrapper-full\">\n            <div class=\"tt-image-copyright-container\">\n                <a href=\"https:\/\/www.snowtrex.pl\/magazyn\/files\/2019\/07\/shutterstock_233176468-1.jpg\"><img loading=\"lazy\" decoding=\"async\" data-wrapped=\"true\" class=\"wp-image-21179 size-Artikelbild_gro\u00df\" title=\"Osza\u0142amiaj\u0105cy widok po wyj\u015bciu z najwy\u017cej po\u0142o\u017conej w Europie kolejki g\u00f3rskiej.\" src=\"https:\/\/www.snowtrex.pl\/magazyn\/files\/2019\/07\/shutterstock_233176468-1-729x486.jpg\" alt=\"Osza\u0142amiaj\u0105cy widok po wyj\u015bciu z najwy\u017cej po\u0142o\u017conej w Europie kolejki g\u00f3rskiej.\" width=\"729\" height=\"486\" srcset=\"https:\/\/www.snowtrex.pl\/magazyn\/files\/2019\/07\/shutterstock_233176468-1-729x486.jpg 729w, https:\/\/www.snowtrex.pl\/magazyn\/files\/2019\/07\/shutterstock_233176468-1-300x200.jpg 300w, https:\/\/www.snowtrex.pl\/magazyn\/files\/2019\/07\/shutterstock_233176468-1-1024x683.jpg 1024w, https:\/\/www.snowtrex.pl\/magazyn\/files\/2019\/07\/shutterstock_233176468-1-600x400.jpg 600w, https:\/\/www.snowtrex.pl\/magazyn\/files\/2019\/07\/shutterstock_233176468-1-468x312.jpg 468w, https:\/\/www.snowtrex.pl\/magazyn\/files\/2019\/07\/shutterstock_233176468-1-999x666.jpg 999w, https:\/\/www.snowtrex.pl\/magazyn\/files\/2019\/07\/shutterstock_233176468-1-645x430.jpg 645w, https:\/\/www.snowtrex.pl\/magazyn\/files\/2019\/07\/shutterstock_233176468-1-552x368.jpg 552w, https:\/\/www.snowtrex.pl\/magazyn\/files\/2019\/07\/shutterstock_233176468-1-405x270.jpg 405w, https:\/\/www.snowtrex.pl\/magazyn\/files\/2019\/07\/shutterstock_233176468-1-336x224.jpg 336w, https:\/\/www.snowtrex.pl\/magazyn\/files\/2019\/07\/shutterstock_233176468-1-276x184.jpg 276w, https:\/\/www.snowtrex.pl\/magazyn\/files\/2019\/07\/shutterstock_233176468-1-234x156.jpg 234w, https:\/\/www.snowtrex.pl\/magazyn\/files\/2019\/07\/shutterstock_233176468-1-192x128.jpg 192w, https:\/\/www.snowtrex.pl\/magazyn\/files\/2019\/07\/shutterstock_233176468-1-120x80.jpg 120w, https:\/\/www.snowtrex.pl\/magazyn\/files\/2019\/07\/shutterstock_233176468-1-30x20.jpg 30w, https:\/\/www.snowtrex.pl\/magazyn\/files\/2019\/07\/shutterstock_233176468-1.jpg 1200w\" sizes=\"(min-width: 1009px) 729px, (min-width: 819px) 594px, (min-width: 569px) 729px, (min-width: 449px) 468px, 348px\" \/><\/a><div class=\"tt-image-copyright\" data-image-id=\"21179\">\u00a9 Krissanapong Wongsawarng\/shutterstock.de<\/div>\n            <\/div>\n            <div class=\"tt-post-caption\">Osza\u0142amiaj\u0105cy widok po wyj\u015bciu z najwy\u017cej po\u0142o\u017conej w Europie kolejki g\u00f3rskiej.<\/div>\n         <\/div > \n<div class=\"tt-table-of-content\">\n                <span class=\"tt-icon-circle-up tt-table-of-content-button\"><\/span><\/p>\n<div class=\"tt-table-of-content-caption\">\n                    Spis tre\u015bci\n                <\/div>\n<div class=\"tt-table-of-content-body\">\n                    <a href=\"#1-najwy\u017csza-szczyt\"><span class=\"layer-0\">1. Najwy\u017csza szczyt<\/span><\/a><a href=\"#2-najwi\u0119kszy-po\u0142\u0105czony-teren-narciarski\"><span class=\"layer-0\">2. Najwi\u0119kszy po\u0142\u0105czony teren narciarski<\/span><\/a><a href=\"#3-najwy\u017cej-po\u0142o\u017cona-g\u00f3rska-stacja-kolejowa\"><span class=\"layer-0\">3. Najwy\u017cej po\u0142o\u017cona g\u00f3rska stacja kolejowa<\/span><\/a><a href=\"#4-najwy\u017cej-po\u0142o\u017cona-trasa-narciarska\"><span class=\"layer-0\">4. Najwy\u017cej po\u0142o\u017cona trasa narciarska<\/span><\/a><a href=\"#5-najwy\u017cej-po\u0142o\u017cony-hotel\"><span class=\"layer-0\">5. Najwy\u017cej po\u0142o\u017cony hotel<\/span><\/a><a href=\"#6-najstarszy-o\u015brodek-narciarski\"><span class=\"layer-0\">6. Najstarszy o\u015brodek narciarski<\/span><\/a><a href=\"#7-najd\u0142u\u017csza-trasa-narciarska\"><span class=\"layer-0\">7. Najd\u0142u\u017csza trasa narciarska<\/span><\/a><a href=\"#8-najbardziej-stroma-kolejka-linowa\"><span class=\"layer-0\">8. Najbardziej stroma kolejka linowa<\/span><\/a><a href=\"#9-najwy\u017csza-podpora-dla-kolejek-linowych\"><span class=\"layer-0\">9. Najwy\u017csza podpora dla kolejek linowych<\/span><\/a><a href=\"#10-najd\u0142u\u017csze-schody-kolejki-linowej\"><span class=\"layer-0\">10. Najd\u0142u\u017csze schody kolejki linowej<\/span><\/a><a href=\"#11-najwy\u017cej-po\u0142o\u017cona-stacja-na-\u015bwiecie\"><span class=\"layer-0\">11. Najwy\u017cej po\u0142o\u017cona stacja na \u015bwiecie<\/span><\/a><a href=\"#12-najwy\u017cej-po\u0142o\u017cona-chatka-g\u00f3rska-w-alpach\"><span class=\"layer-0\">12. Najwy\u017cej po\u0142o\u017cona chatka g\u00f3rska w Alpach<\/span><\/a><a href=\"#13-najwi\u0119ksza-dwukondygnacyjna-kolejka-linowa\"><span class=\"layer-0\">13. Najwi\u0119ksza dwukondygnacyjna kolejka linowa<\/span><\/a><a href=\"#14-najd\u0142u\u017cszy-tor-saneczkowy\"><span class=\"layer-0\">14. Najd\u0142u\u017cszy tor saneczkowy<\/span><\/a><a href=\"#15-najwy\u017cej-po\u0142o\u017cona-restauracja-na-\u015bwiecie\"><span class=\"layer-0\">15. Najwy\u017cej po\u0142o\u017cona restauracja na \u015bwiecie<\/span><\/a><a href=\"#16-najwy\u017cej-po\u0142o\u017cony-basen-zewn\u0119trzny\"><span class=\"layer-0\">16. Najwy\u017cej po\u0142o\u017cony basen zewn\u0119trzny<\/span><\/a><a href=\"#17-najwy\u017cej-po\u0142o\u017cona-kawiarnia\"><span class=\"layer-0\">17. Najwy\u017cej po\u0142o\u017cona kawiarnia<\/span><\/a><a href=\"#18-najwy\u017cej-po\u0142o\u017cona-sala-koncertowa\"><span class=\"layer-0\">18. Najwy\u017cej po\u0142o\u017cona sala koncertowa<\/span><\/a><a href=\"#19-najwy\u017csza-prze\u0142\u0119cz-g\u00f3rska-w-alpach\"><span class=\"layer-0\">19. Najwy\u017csza prze\u0142\u0119cz g\u00f3rska w Alpach<\/span><\/a><a href=\"#20-najwy\u017cej-po\u0142o\u017cony-browar-na-\u015bwiecie\"><span class=\"layer-0\">20. Najwy\u017cej po\u0142o\u017cony browar na \u015bwiecie<\/span><\/a>\n                 <\/div>\n<\/p><\/div>\n<hr>\n<h2 id=\"1-najwy\u017csza-szczyt\">1. Najwy\u017csza szczyt<\/h2>\n<p>Najwy\u017csz\u0105 g\u00f3r\u0105 Alp jest pot\u0119\u017cny Mont Blanc, kt\u00f3ry wznosi si\u0119 na wysoko\u015b\u0107 4810 m mi\u0119dzy Francj\u0105 a W\u0142ochami. Jest to popularne miejsce dla wszystkich entuzjast\u00f3w sport\u00f3w zimowych, kt\u00f3rzy b\u0119d\u0105 zachwyceni ofert\u0105 na <a href=\"https:\/\/www.snowtrex.pl\/francja\/chamonix\/narty.html\" target=\"_blank\" rel=\"noopener noreferrer\">terenie narciarskim Chamonix Mont-Blanc<\/a>.<\/p>\n<div class=\"tt-post-image-wrapper tt-post-image-wrapper-full\">\n            <div class=\"tt-image-copyright-container\">\n                <a href=\"https:\/\/www.snowtrex.pl\/magazyn\/files\/2019\/07\/shutterstock_174010418-729x487.jpg\"><img loading=\"lazy\" decoding=\"async\" data-wrapped=\"true\" class=\"wp-image-17952 size-Artikelbild_gro\u00df\" title=\"Widok na Mont Blanc, najwy\u017cszym szczycie Europy, robi wra\u017cenie. \" src=\"https:\/\/www.snowtrex.pl\/magazyn\/files\/2019\/07\/shutterstock_174010418-729x487-729x486.jpg\" alt=\"Widok na Mont Blanc, najwy\u017cszym szczycie Europy, robi wra\u017cenie. \" width=\"729\" height=\"486\" srcset=\"https:\/\/www.snowtrex.pl\/magazyn\/files\/2019\/07\/shutterstock_174010418-729x487.jpg 729w, https:\/\/www.snowtrex.pl\/magazyn\/files\/2019\/07\/shutterstock_174010418-729x487-300x200.jpg 300w, https:\/\/www.snowtrex.pl\/magazyn\/files\/2019\/07\/shutterstock_174010418-729x487-600x401.jpg 600w, https:\/\/www.snowtrex.pl\/magazyn\/files\/2019\/07\/shutterstock_174010418-729x487-468x312.jpg 468w, https:\/\/www.snowtrex.pl\/magazyn\/files\/2019\/07\/shutterstock_174010418-729x487-645x430.jpg 645w, https:\/\/www.snowtrex.pl\/magazyn\/files\/2019\/07\/shutterstock_174010418-729x487-552x368.jpg 552w, https:\/\/www.snowtrex.pl\/magazyn\/files\/2019\/07\/shutterstock_174010418-729x487-405x270.jpg 405w, https:\/\/www.snowtrex.pl\/magazyn\/files\/2019\/07\/shutterstock_174010418-729x487-336x224.jpg 336w, https:\/\/www.snowtrex.pl\/magazyn\/files\/2019\/07\/shutterstock_174010418-729x487-276x184.jpg 276w, https:\/\/www.snowtrex.pl\/magazyn\/files\/2019\/07\/shutterstock_174010418-729x487-234x156.jpg 234w, https:\/\/www.snowtrex.pl\/magazyn\/files\/2019\/07\/shutterstock_174010418-729x487-192x128.jpg 192w, https:\/\/www.snowtrex.pl\/magazyn\/files\/2019\/07\/shutterstock_174010418-729x487-120x80.jpg 120w, https:\/\/www.snowtrex.pl\/magazyn\/files\/2019\/07\/shutterstock_174010418-729x487-30x20.jpg 30w\" sizes=\"(min-width: 1009px) 729px, (min-width: 819px) 594px, (min-width: 569px) 729px, (min-width: 449px) 468px, 348px\" \/><\/a><div class=\"tt-image-copyright\" data-image-id=\"17952\">\u00a9 N.Sritawat\/shutterstock.de<\/div>\n            <\/div>\n            <div class=\"tt-post-caption\">Widok na Mont Blanc, najwy\u017cszym szczycie Europy, robi wra\u017cenie.<\/div>\n         <\/div > \n<h2 id=\"2-najwi\u0119kszy-po\u0142\u0105czony-teren-narciarski\">2. Najwi\u0119kszy po\u0142\u0105czony teren narciarski<\/h2>\n<p>Nie tylko rekord w Alpach, ale nawet rekord \u015bwiata: <a href=\"https:\/\/www.snowtrex.pl\/francja\/les_3_vallees\/narty.html\" target=\"_blank\" rel=\"noopener noreferrer\">3 Vall\u00e9es<\/a> we Francji to najwi\u0119kszy po\u0142\u0105czony teren narciarski na \u015bwiecie! Teren ten sk\u0142ada si\u0119 z 600 km nartostrad i 180 wyci\u0105g\u00f3w. Tutaj znajdziesz odpowiedni stok dla ka\u017cdego &#8211; tylko poszukiwanie mo\u017ce zaj\u0105\u0107 troch\u0119 czasu&#8230;<\/p>\n<div class=\"tt-post-image-wrapper tt-post-image-wrapper-full\">\n            <div class=\"tt-image-copyright-container\">\n                <a href=\"https:\/\/www.snowtrex.pl\/magazyn\/files\/2019\/07\/Les-3-Vall\u00e9es_Cime-de-Caron-3200-m_\u00a9-nrg123-shutterstock.de_-729x486.jpg\"><img loading=\"lazy\" decoding=\"async\" data-wrapped=\"true\" class=\"wp-image-17954 size-Artikelbild_gro\u00df_flexibel\" title=\"Widok z Cime de Caron na francuskim terenie Les 3 Vall\u00e9es - najwi\u0119kszym po\u0142\u0105czonym terenie narciarskim na \u015bwiecie. \" src=\"https:\/\/www.snowtrex.pl\/magazyn\/files\/2019\/07\/Les-3-Vall\u00e9es_Cime-de-Caron-3200-m_\u00a9-nrg123-shutterstock.de_-729x486-729x486.jpg\" alt=\"Widok z Cime de Caron na francuskim terenie Les 3 Vall\u00e9es - najwi\u0119kszym po\u0142\u0105czonym terenie narciarskim na \u015bwiecie. \" width=\"729\" height=\"486\" srcset=\"https:\/\/www.snowtrex.pl\/magazyn\/files\/2019\/07\/Les-3-Vall\u00e9es_Cime-de-Caron-3200-m_\u00a9-nrg123-shutterstock.de_-729x486.jpg 729w, https:\/\/www.snowtrex.pl\/magazyn\/files\/2019\/07\/Les-3-Vall\u00e9es_Cime-de-Caron-3200-m_\u00a9-nrg123-shutterstock.de_-729x486-300x200.jpg 300w, https:\/\/www.snowtrex.pl\/magazyn\/files\/2019\/07\/Les-3-Vall\u00e9es_Cime-de-Caron-3200-m_\u00a9-nrg123-shutterstock.de_-729x486-600x400.jpg 600w, https:\/\/www.snowtrex.pl\/magazyn\/files\/2019\/07\/Les-3-Vall\u00e9es_Cime-de-Caron-3200-m_\u00a9-nrg123-shutterstock.de_-729x486-468x312.jpg 468w, https:\/\/www.snowtrex.pl\/magazyn\/files\/2019\/07\/Les-3-Vall\u00e9es_Cime-de-Caron-3200-m_\u00a9-nrg123-shutterstock.de_-729x486-645x430.jpg 645w, https:\/\/www.snowtrex.pl\/magazyn\/files\/2019\/07\/Les-3-Vall\u00e9es_Cime-de-Caron-3200-m_\u00a9-nrg123-shutterstock.de_-729x486-552x368.jpg 552w, https:\/\/www.snowtrex.pl\/magazyn\/files\/2019\/07\/Les-3-Vall\u00e9es_Cime-de-Caron-3200-m_\u00a9-nrg123-shutterstock.de_-729x486-405x270.jpg 405w, https:\/\/www.snowtrex.pl\/magazyn\/files\/2019\/07\/Les-3-Vall\u00e9es_Cime-de-Caron-3200-m_\u00a9-nrg123-shutterstock.de_-729x486-336x224.jpg 336w, https:\/\/www.snowtrex.pl\/magazyn\/files\/2019\/07\/Les-3-Vall\u00e9es_Cime-de-Caron-3200-m_\u00a9-nrg123-shutterstock.de_-729x486-276x184.jpg 276w, https:\/\/www.snowtrex.pl\/magazyn\/files\/2019\/07\/Les-3-Vall\u00e9es_Cime-de-Caron-3200-m_\u00a9-nrg123-shutterstock.de_-729x486-234x156.jpg 234w, https:\/\/www.snowtrex.pl\/magazyn\/files\/2019\/07\/Les-3-Vall\u00e9es_Cime-de-Caron-3200-m_\u00a9-nrg123-shutterstock.de_-729x486-192x128.jpg 192w, https:\/\/www.snowtrex.pl\/magazyn\/files\/2019\/07\/Les-3-Vall\u00e9es_Cime-de-Caron-3200-m_\u00a9-nrg123-shutterstock.de_-729x486-120x80.jpg 120w, https:\/\/www.snowtrex.pl\/magazyn\/files\/2019\/07\/Les-3-Vall\u00e9es_Cime-de-Caron-3200-m_\u00a9-nrg123-shutterstock.de_-729x486-30x20.jpg 30w\" sizes=\"(min-width: 1009px) 729px, (min-width: 819px) 594px, (min-width: 569px) 729px, (min-width: 449px) 468px, 348px\" \/><\/a><div class=\"tt-image-copyright\" data-image-id=\"17954\">\u00a9 nrg123\/shutterstock.de<\/div>\n            <\/div>\n            <div class=\"tt-post-caption\">Widok z Cime de Caron na francuskim terenie Les 3 Vall\u00e9es &#8211; najwi\u0119kszym po\u0142\u0105czonym terenie narciarskim na \u015bwiecie.<\/div>\n         <\/div > \n<h2 id=\"3-najwy\u017cej-po\u0142o\u017cona-g\u00f3rska-stacja-kolejowa\">3. Najwy\u017cej po\u0142o\u017cona g\u00f3rska stacja kolejowa<\/h2>\n<p>Najwy\u017csza stacja kolejki g\u00f3rskiej w Europie znajduje si\u0119 na wysoko\u015bci 3 883 m. Gdzie? W Szwajcarii, a dok\u0142adniej w <a href=\"https:\/\/www.snowtrex.pl\/szwajcaria\/zermatt\/narty.html\" target=\"_blank\" rel=\"noopener noreferrer\">Zermatt<\/a> na Klein Matterhorn na <a href=\"https:\/\/www.snowtrex.pl\/szwajcaria\/zermatt\/teren-narciarski.html\" target=\"_blank\" rel=\"noopener noreferrer\">terenie Matterhorn glacier paradise<\/a>. Tutaj gwarantowane s\u0105 zapieraj\u0105ce dech w piersiach widoki na szwajcarskie g\u00f3ry! Kolejny rekord w Alpach w historii kolejki linowej: jest to najwy\u017csza kolejka linowa na \u015bwiecie!<\/p>\n<div class=\"tt-post-image-wrapper tt-post-image-wrapper-full\">\n            <div class=\"tt-image-copyright-container\">\n                <a href=\"https:\/\/www.snowtrex.pl\/magazyn\/files\/2019\/09\/Crystal_ride-19-729x486.jpg\" target=\"_blank\" rel=\"noopener\"><img loading=\"lazy\" decoding=\"async\" data-wrapped=\"true\" class=\"wp-image-18342 size-Artikelbild_gro\u00df_flexibel\" title=\"Najwy\u017cej po\u0142o\u017cona stacja g\u00f3rska w Alpach na terenie Matterhorn glacier paradise. \" src=\"https:\/\/www.snowtrex.pl\/magazyn\/files\/2019\/09\/Crystal_ride-19-729x486-729x486.jpg\" alt=\"Najwy\u017cej po\u0142o\u017cona stacja g\u00f3rska w Alpach na terenie Matterhorn glacier paradise. \" width=\"729\" height=\"486\" srcset=\"https:\/\/www.snowtrex.pl\/magazyn\/files\/2019\/09\/Crystal_ride-19-729x486.jpg 729w, https:\/\/www.snowtrex.pl\/magazyn\/files\/2019\/09\/Crystal_ride-19-729x486-300x200.jpg 300w, https:\/\/www.snowtrex.pl\/magazyn\/files\/2019\/09\/Crystal_ride-19-729x486-600x400.jpg 600w, https:\/\/www.snowtrex.pl\/magazyn\/files\/2019\/09\/Crystal_ride-19-729x486-468x312.jpg 468w, https:\/\/www.snowtrex.pl\/magazyn\/files\/2019\/09\/Crystal_ride-19-729x486-645x430.jpg 645w, https:\/\/www.snowtrex.pl\/magazyn\/files\/2019\/09\/Crystal_ride-19-729x486-552x368.jpg 552w, https:\/\/www.snowtrex.pl\/magazyn\/files\/2019\/09\/Crystal_ride-19-729x486-405x270.jpg 405w, https:\/\/www.snowtrex.pl\/magazyn\/files\/2019\/09\/Crystal_ride-19-729x486-336x224.jpg 336w, https:\/\/www.snowtrex.pl\/magazyn\/files\/2019\/09\/Crystal_ride-19-729x486-276x184.jpg 276w, https:\/\/www.snowtrex.pl\/magazyn\/files\/2019\/09\/Crystal_ride-19-729x486-234x156.jpg 234w, https:\/\/www.snowtrex.pl\/magazyn\/files\/2019\/09\/Crystal_ride-19-729x486-192x128.jpg 192w, https:\/\/www.snowtrex.pl\/magazyn\/files\/2019\/09\/Crystal_ride-19-729x486-120x80.jpg 120w, https:\/\/www.snowtrex.pl\/magazyn\/files\/2019\/09\/Crystal_ride-19-729x486-30x20.jpg 30w\" sizes=\"(min-width: 1009px) 729px, (min-width: 819px) 594px, (min-width: 569px) 729px, (min-width: 449px) 468px, 348px\" \/><\/a><div class=\"tt-image-copyright\" data-image-id=\"18342\">\u00a9 Zermatt \/ Pedro Rodrigues<\/div>\n            <\/div>\n            <div class=\"tt-post-caption\">Najwy\u017cej po\u0142o\u017cona stacja g\u00f3rska w Alpach na terenie Matterhorn glacier paradise.<\/div>\n         <\/div > \n<h2 id=\"4-najwy\u017cej-po\u0142o\u017cona-trasa-narciarska\">4. Najwy\u017cej po\u0142o\u017cona trasa narciarska<\/h2>\n<p>Na Klein Matterhorn na <a href=\"https:\/\/www.snowtrex.pl\/szwajcaria\/zermatt\/teren-narciarski.html\" target=\"_blank\" rel=\"noopener noreferrer\">terenie narciarskim Matterhorn glacier paradise<\/a> znajduje si\u0119 najwy\u017cszy w Europie stok narciarski. Narciarze i snowboardzi\u015bci docieraj\u0105 na wysoko\u015b\u0107 3 883 m, gdzie czeka na nich najwi\u0119ksza przyjemno\u015b\u0107 z jazdy na nartach.<\/p>\n<div class=\"tt-post-image-wrapper tt-post-image-wrapper-full\">\n            <div class=\"tt-image-copyright-container\">\n                <a href=\"https:\/\/www.snowtrex.pl\/magazyn\/files\/2019\/07\/Sommerski-8-729x486.jpg\"><img loading=\"lazy\" decoding=\"async\" data-wrapped=\"true\" class=\"wp-image-17956 size-Artikelbild_gro\u00df_flexibel\" title=\"Najwy\u017cej po\u0142o\u017cona trasa w Alpach znajduje si\u0119 w Zermatt. \" src=\"https:\/\/www.snowtrex.pl\/magazyn\/files\/2019\/07\/Sommerski-8-729x486-729x486.jpg\" alt=\"Najwy\u017cej po\u0142o\u017cona trasa w Alpach znajduje si\u0119 w Zermatt. \" width=\"729\" height=\"486\" srcset=\"https:\/\/www.snowtrex.pl\/magazyn\/files\/2019\/07\/Sommerski-8-729x486.jpg 729w, https:\/\/www.snowtrex.pl\/magazyn\/files\/2019\/07\/Sommerski-8-729x486-300x200.jpg 300w, https:\/\/www.snowtrex.pl\/magazyn\/files\/2019\/07\/Sommerski-8-729x486-600x400.jpg 600w, https:\/\/www.snowtrex.pl\/magazyn\/files\/2019\/07\/Sommerski-8-729x486-468x312.jpg 468w, https:\/\/www.snowtrex.pl\/magazyn\/files\/2019\/07\/Sommerski-8-729x486-645x430.jpg 645w, https:\/\/www.snowtrex.pl\/magazyn\/files\/2019\/07\/Sommerski-8-729x486-552x368.jpg 552w, https:\/\/www.snowtrex.pl\/magazyn\/files\/2019\/07\/Sommerski-8-729x486-405x270.jpg 405w, https:\/\/www.snowtrex.pl\/magazyn\/files\/2019\/07\/Sommerski-8-729x486-336x224.jpg 336w, https:\/\/www.snowtrex.pl\/magazyn\/files\/2019\/07\/Sommerski-8-729x486-276x184.jpg 276w, https:\/\/www.snowtrex.pl\/magazyn\/files\/2019\/07\/Sommerski-8-729x486-234x156.jpg 234w, https:\/\/www.snowtrex.pl\/magazyn\/files\/2019\/07\/Sommerski-8-729x486-192x128.jpg 192w, https:\/\/www.snowtrex.pl\/magazyn\/files\/2019\/07\/Sommerski-8-729x486-120x80.jpg 120w, https:\/\/www.snowtrex.pl\/magazyn\/files\/2019\/07\/Sommerski-8-729x486-30x20.jpg 30w\" sizes=\"(min-width: 1009px) 729px, (min-width: 819px) 594px, (min-width: 569px) 729px, (min-width: 449px) 468px, 348px\" \/><\/a><div class=\"tt-image-copyright\" data-image-id=\"17956\">\u00a9 Zermatt \/ Michael Portmann<\/div>\n            <\/div>\n            <div class=\"tt-post-caption\">Najwy\u017cej po\u0142o\u017cona trasa w Alpach znajduje si\u0119 w Zermatt.<\/div>\n         <\/div > \n<h2 id=\"5-najwy\u017cej-po\u0142o\u017cony-hotel\">5. Najwy\u017cej po\u0142o\u017cony hotel<\/h2>\n<p>Ci, kt\u00f3rzy naprawd\u0119 wysoko mierz\u0105, powinni zarezerwowa\u0107 nocleg w <a href=\"https:\/\/www.snowtrex.pl\/wlochy\/maso_corto\/glacier_hotel_grawand\/obiekt.html\" target=\"_blank\" rel=\"noopener noreferrer\">Berghotel Grawand<\/a> w Po\u0142udniowym Tyrolu. Do hotelu mo\u017cna dojecha\u0107 tylko kolejk\u0105 linow\u0105 i znajduje si\u0119 on na wysoko\u015bci 3212 m. Przy dobrej pogodzie jest nawet widok na jezioro Garda.<\/p>\n<div class=\"tt-post-image-wrapper tt-post-image-wrapper-full\">\n            <div class=\"tt-image-copyright-container\">\n                <a href=\"https:\/\/www.snowtrex.pl\/magazyn\/files\/2020\/07\/KURZ_-Grawand_Aussen-Luftansicht_ET_Grawand-Schnalstal_bearbeitet-e1511795639834-999x666-1.jpg\"><img loading=\"lazy\" decoding=\"async\" data-wrapped=\"true\" class=\"wp-image-19735 size-Artikelbild_gro\u00df\" title=\"Nocleg na spektakularnej wysoko\u015bci: Hotel Grawand.\" src=\"https:\/\/www.snowtrex.pl\/magazyn\/files\/2020\/07\/KURZ_-Grawand_Aussen-Luftansicht_ET_Grawand-Schnalstal_bearbeitet-e1511795639834-999x666-1-729x486.jpg\" alt=\"Nocleg na spektakularnej wysoko\u015bci: Hotel Grawand.\" width=\"729\" height=\"486\" srcset=\"https:\/\/www.snowtrex.pl\/magazyn\/files\/2020\/07\/KURZ_-Grawand_Aussen-Luftansicht_ET_Grawand-Schnalstal_bearbeitet-e1511795639834-999x666-1-729x486.jpg 729w, https:\/\/www.snowtrex.pl\/magazyn\/files\/2020\/07\/KURZ_-Grawand_Aussen-Luftansicht_ET_Grawand-Schnalstal_bearbeitet-e1511795639834-999x666-1-300x200.jpg 300w, https:\/\/www.snowtrex.pl\/magazyn\/files\/2020\/07\/KURZ_-Grawand_Aussen-Luftansicht_ET_Grawand-Schnalstal_bearbeitet-e1511795639834-999x666-1-600x400.jpg 600w, https:\/\/www.snowtrex.pl\/magazyn\/files\/2020\/07\/KURZ_-Grawand_Aussen-Luftansicht_ET_Grawand-Schnalstal_bearbeitet-e1511795639834-999x666-1-468x312.jpg 468w, https:\/\/www.snowtrex.pl\/magazyn\/files\/2020\/07\/KURZ_-Grawand_Aussen-Luftansicht_ET_Grawand-Schnalstal_bearbeitet-e1511795639834-999x666-1.jpg 999w, https:\/\/www.snowtrex.pl\/magazyn\/files\/2020\/07\/KURZ_-Grawand_Aussen-Luftansicht_ET_Grawand-Schnalstal_bearbeitet-e1511795639834-999x666-1-645x430.jpg 645w, https:\/\/www.snowtrex.pl\/magazyn\/files\/2020\/07\/KURZ_-Grawand_Aussen-Luftansicht_ET_Grawand-Schnalstal_bearbeitet-e1511795639834-999x666-1-552x368.jpg 552w, https:\/\/www.snowtrex.pl\/magazyn\/files\/2020\/07\/KURZ_-Grawand_Aussen-Luftansicht_ET_Grawand-Schnalstal_bearbeitet-e1511795639834-999x666-1-405x270.jpg 405w, https:\/\/www.snowtrex.pl\/magazyn\/files\/2020\/07\/KURZ_-Grawand_Aussen-Luftansicht_ET_Grawand-Schnalstal_bearbeitet-e1511795639834-999x666-1-336x224.jpg 336w, https:\/\/www.snowtrex.pl\/magazyn\/files\/2020\/07\/KURZ_-Grawand_Aussen-Luftansicht_ET_Grawand-Schnalstal_bearbeitet-e1511795639834-999x666-1-276x184.jpg 276w, https:\/\/www.snowtrex.pl\/magazyn\/files\/2020\/07\/KURZ_-Grawand_Aussen-Luftansicht_ET_Grawand-Schnalstal_bearbeitet-e1511795639834-999x666-1-234x156.jpg 234w, https:\/\/www.snowtrex.pl\/magazyn\/files\/2020\/07\/KURZ_-Grawand_Aussen-Luftansicht_ET_Grawand-Schnalstal_bearbeitet-e1511795639834-999x666-1-192x128.jpg 192w, https:\/\/www.snowtrex.pl\/magazyn\/files\/2020\/07\/KURZ_-Grawand_Aussen-Luftansicht_ET_Grawand-Schnalstal_bearbeitet-e1511795639834-999x666-1-120x80.jpg 120w, https:\/\/www.snowtrex.pl\/magazyn\/files\/2020\/07\/KURZ_-Grawand_Aussen-Luftansicht_ET_Grawand-Schnalstal_bearbeitet-e1511795639834-999x666-1-30x20.jpg 30w\" sizes=\"(min-width: 1009px) 729px, (min-width: 819px) 594px, (min-width: 569px) 729px, (min-width: 449px) 468px, 348px\" \/><\/a><div class=\"tt-image-copyright\" data-image-id=\"19735\">\u00a9 Grawand\/Schnalstal<\/div>\n            <\/div>\n            <div class=\"tt-post-caption\">Nocleg na spektakularnej wysoko\u015bci: Hotel Grawand.<\/div>\n         <\/div > \n<h2 id=\"6-najstarszy-o\u015brodek-narciarski\">6. Najstarszy o\u015brodek narciarski<\/h2>\n<p>Szwajcarski o\u015brodek narciarski St. Moritz szczyci si\u0119 tym, \u017ce jest najstarszym o\u015brodkiem narciarskim na \u015bwiecie i tym samym kolebk\u0105 turystyki zimowej. Powsta\u0142 on w 1864 r., kiedy szwajcarski hotelarz obieca\u0142 swoim angielskim letnikom, \u017ce r\u00f3wnie\u017c w zimie b\u0119d\u0105 si\u0119 mogli cieszy\u0107 s\u0142o\u0144cem w <a href=\"https:\/\/www.snowtrex.pl\/szwajcaria\/st._moritz\/narty.html\" target=\"_blank\" rel=\"noopener noreferrer\">St. Moritz<\/a>. Dzi\u015b St. Moritz jest jednym z najbardziej renomowanych o\u015brodk\u00f3w narciarskich na \u015bwiecie.<\/p>\n<div class=\"tt-post-image-wrapper tt-post-image-wrapper-full\">\n            <div class=\"tt-image-copyright-container\">\n                <a href=\"https:\/\/www.snowtrex.pl\/magazyn\/files\/2019\/07\/St-Moritz_-swiss-image.ch-Jan-Geerk-729x486.jpg\"><img loading=\"lazy\" decoding=\"async\" data-wrapped=\"true\" class=\"wp-image-17958 size-Artikelbild_gro\u00df_flexibel\" title=\"Widok na zimowe St. Moritz po zmroku. \" src=\"https:\/\/www.snowtrex.pl\/magazyn\/files\/2019\/07\/St-Moritz_-swiss-image.ch-Jan-Geerk-729x486-729x486.jpg\" alt=\"Widok na zimowe St. Moritz po zmroku. \" width=\"729\" height=\"486\" srcset=\"https:\/\/www.snowtrex.pl\/magazyn\/files\/2019\/07\/St-Moritz_-swiss-image.ch-Jan-Geerk-729x486.jpg 729w, https:\/\/www.snowtrex.pl\/magazyn\/files\/2019\/07\/St-Moritz_-swiss-image.ch-Jan-Geerk-729x486-300x200.jpg 300w, https:\/\/www.snowtrex.pl\/magazyn\/files\/2019\/07\/St-Moritz_-swiss-image.ch-Jan-Geerk-729x486-600x400.jpg 600w, https:\/\/www.snowtrex.pl\/magazyn\/files\/2019\/07\/St-Moritz_-swiss-image.ch-Jan-Geerk-729x486-468x312.jpg 468w, https:\/\/www.snowtrex.pl\/magazyn\/files\/2019\/07\/St-Moritz_-swiss-image.ch-Jan-Geerk-729x486-645x430.jpg 645w, https:\/\/www.snowtrex.pl\/magazyn\/files\/2019\/07\/St-Moritz_-swiss-image.ch-Jan-Geerk-729x486-552x368.jpg 552w, https:\/\/www.snowtrex.pl\/magazyn\/files\/2019\/07\/St-Moritz_-swiss-image.ch-Jan-Geerk-729x486-405x270.jpg 405w, https:\/\/www.snowtrex.pl\/magazyn\/files\/2019\/07\/St-Moritz_-swiss-image.ch-Jan-Geerk-729x486-336x224.jpg 336w, https:\/\/www.snowtrex.pl\/magazyn\/files\/2019\/07\/St-Moritz_-swiss-image.ch-Jan-Geerk-729x486-276x184.jpg 276w, https:\/\/www.snowtrex.pl\/magazyn\/files\/2019\/07\/St-Moritz_-swiss-image.ch-Jan-Geerk-729x486-234x156.jpg 234w, https:\/\/www.snowtrex.pl\/magazyn\/files\/2019\/07\/St-Moritz_-swiss-image.ch-Jan-Geerk-729x486-192x128.jpg 192w, https:\/\/www.snowtrex.pl\/magazyn\/files\/2019\/07\/St-Moritz_-swiss-image.ch-Jan-Geerk-729x486-120x80.jpg 120w, https:\/\/www.snowtrex.pl\/magazyn\/files\/2019\/07\/St-Moritz_-swiss-image.ch-Jan-Geerk-729x486-30x20.jpg 30w\" sizes=\"(min-width: 1009px) 729px, (min-width: 819px) 594px, (min-width: 569px) 729px, (min-width: 449px) 468px, 348px\" \/><\/a><div class=\"tt-image-copyright\" data-image-id=\"17958\">\u00a9 swiss-image.ch\/Jan Geerk<\/div>\n            <\/div>\n            <div class=\"tt-post-caption\">Widok na zimowe St. Moritz po zmroku.<\/div>\n         <\/div > \n<h2 id=\"7-najd\u0142u\u017csza-trasa-narciarska\">7. Najd\u0142u\u017csza trasa narciarska<\/h2>\n<p>Na najd\u0142u\u017cszej, wysokog\u00f3rskiej i niespreparowanej trasie narciarskiej mi\u0142o\u015bnicy sport\u00f3w zimowych pokonuj\u0105 ponad 20 km i r\u00f3\u017cnic\u0119 wysoko\u015bci oko\u0142o 2800 metr\u00f3w. M\u00f3wimy o &#8222;Vall\u00e9e Blanche&#8221;, kt\u00f3ra prowadzi przez obszar o tej samej nazwie do <a href=\"https:\/\/www.snowtrex.pl\/francja\/chamonix\/narty.html\" target=\"_blank\" rel=\"noopener noreferrer\">Chamonix<\/a>. Z uwagi na niekt\u00f3re szczeliny w lodowcach, przewodnik g\u00f3rski jest niezb\u0119dny podczas podr\u00f3\u017cy t\u0105 tras\u0105.<\/p>\n<div class=\"tt-post-image-wrapper tt-post-image-wrapper-full\">\n            <div class=\"tt-image-copyright-container\">\n                <a href=\"https:\/\/www.snowtrex.pl\/magazyn\/files\/2019\/07\/Vallee-Blanche_skiresort-729x486.jpg\"><img loading=\"lazy\" decoding=\"async\" data-wrapped=\"true\" class=\"wp-image-17959 size-Artikelbild_gro\u00df_flexibel\" title=\"Na Vall\u00e9e Blanche potrzebne s\u0105 mocne nerwy!\" src=\"https:\/\/www.snowtrex.pl\/magazyn\/files\/2019\/07\/Vallee-Blanche_skiresort-729x486-729x486.jpg\" alt=\"Na Vall\u00e9e Blanche potrzebne s\u0105 mocne nerwy!\" width=\"729\" height=\"486\" srcset=\"https:\/\/www.snowtrex.pl\/magazyn\/files\/2019\/07\/Vallee-Blanche_skiresort-729x486.jpg 729w, https:\/\/www.snowtrex.pl\/magazyn\/files\/2019\/07\/Vallee-Blanche_skiresort-729x486-300x200.jpg 300w, https:\/\/www.snowtrex.pl\/magazyn\/files\/2019\/07\/Vallee-Blanche_skiresort-729x486-600x400.jpg 600w, https:\/\/www.snowtrex.pl\/magazyn\/files\/2019\/07\/Vallee-Blanche_skiresort-729x486-468x312.jpg 468w, https:\/\/www.snowtrex.pl\/magazyn\/files\/2019\/07\/Vallee-Blanche_skiresort-729x486-645x430.jpg 645w, https:\/\/www.snowtrex.pl\/magazyn\/files\/2019\/07\/Vallee-Blanche_skiresort-729x486-552x368.jpg 552w, https:\/\/www.snowtrex.pl\/magazyn\/files\/2019\/07\/Vallee-Blanche_skiresort-729x486-405x270.jpg 405w, https:\/\/www.snowtrex.pl\/magazyn\/files\/2019\/07\/Vallee-Blanche_skiresort-729x486-336x224.jpg 336w, https:\/\/www.snowtrex.pl\/magazyn\/files\/2019\/07\/Vallee-Blanche_skiresort-729x486-276x184.jpg 276w, https:\/\/www.snowtrex.pl\/magazyn\/files\/2019\/07\/Vallee-Blanche_skiresort-729x486-234x156.jpg 234w, https:\/\/www.snowtrex.pl\/magazyn\/files\/2019\/07\/Vallee-Blanche_skiresort-729x486-192x128.jpg 192w, https:\/\/www.snowtrex.pl\/magazyn\/files\/2019\/07\/Vallee-Blanche_skiresort-729x486-120x80.jpg 120w, https:\/\/www.snowtrex.pl\/magazyn\/files\/2019\/07\/Vallee-Blanche_skiresort-729x486-30x20.jpg 30w\" sizes=\"(min-width: 1009px) 729px, (min-width: 819px) 594px, (min-width: 569px) 729px, (min-width: 449px) 468px, 348px\" \/><\/a><div class=\"tt-image-copyright\" data-image-id=\"17959\">\u00a9 skiresort<\/div>\n            <\/div>\n            <div class=\"tt-post-caption\">Na Vall\u00e9e Blanche potrzebne s\u0105 mocne nerwy!<\/div>\n         <\/div > \n<h2 id=\"8-najbardziej-stroma-kolejka-linowa\">8. Najbardziej stroma kolejka linowa<\/h2>\n<p>W przypadku kolejek linowych &#8211; tj. kolejek na szynach \u2013 wjazd mo\u017ce by\u0107 dosy\u0107 stromy. Ale nigdzie w Alpach nie jest tak stromo jak w szwajcarskim Stoosbahn w Stoos. Od grudnia 2017 r. ta kolejka linowa przewozi mi\u0142o\u015bnik\u00f3w g\u00f3r z nachyleniem do 110%. To 47 stopni &#8211; trzymaj si\u0119 mocno!<\/p>\n<div class=\"tt-post-image-wrapper tt-post-image-wrapper-full\">\n            <div class=\"tt-image-copyright-container\">\n                <a href=\"https:\/\/www.snowtrex.pl\/magazyn\/files\/2019\/07\/2018_05_Stoosbahn-GM-2-729x486.jpg\"><img loading=\"lazy\" decoding=\"async\" data-wrapped=\"true\" class=\"wp-image-17960 size-Artikelbild_gro\u00df_flexibel\" title=\"Najbardziej stroma kolejka w Alpach - Stoosbahn. \" src=\"https:\/\/www.snowtrex.pl\/magazyn\/files\/2019\/07\/2018_05_Stoosbahn-GM-2-729x486-729x486.jpg\" alt=\"Najbardziej stroma kolejka w Alpach - Stoosbahn. \" width=\"729\" height=\"486\" srcset=\"https:\/\/www.snowtrex.pl\/magazyn\/files\/2019\/07\/2018_05_Stoosbahn-GM-2-729x486.jpg 729w, https:\/\/www.snowtrex.pl\/magazyn\/files\/2019\/07\/2018_05_Stoosbahn-GM-2-729x486-300x200.jpg 300w, https:\/\/www.snowtrex.pl\/magazyn\/files\/2019\/07\/2018_05_Stoosbahn-GM-2-729x486-600x400.jpg 600w, https:\/\/www.snowtrex.pl\/magazyn\/files\/2019\/07\/2018_05_Stoosbahn-GM-2-729x486-468x312.jpg 468w, https:\/\/www.snowtrex.pl\/magazyn\/files\/2019\/07\/2018_05_Stoosbahn-GM-2-729x486-645x430.jpg 645w, https:\/\/www.snowtrex.pl\/magazyn\/files\/2019\/07\/2018_05_Stoosbahn-GM-2-729x486-552x368.jpg 552w, https:\/\/www.snowtrex.pl\/magazyn\/files\/2019\/07\/2018_05_Stoosbahn-GM-2-729x486-405x270.jpg 405w, https:\/\/www.snowtrex.pl\/magazyn\/files\/2019\/07\/2018_05_Stoosbahn-GM-2-729x486-336x224.jpg 336w, https:\/\/www.snowtrex.pl\/magazyn\/files\/2019\/07\/2018_05_Stoosbahn-GM-2-729x486-276x184.jpg 276w, https:\/\/www.snowtrex.pl\/magazyn\/files\/2019\/07\/2018_05_Stoosbahn-GM-2-729x486-234x156.jpg 234w, https:\/\/www.snowtrex.pl\/magazyn\/files\/2019\/07\/2018_05_Stoosbahn-GM-2-729x486-192x128.jpg 192w, https:\/\/www.snowtrex.pl\/magazyn\/files\/2019\/07\/2018_05_Stoosbahn-GM-2-729x486-120x80.jpg 120w, https:\/\/www.snowtrex.pl\/magazyn\/files\/2019\/07\/2018_05_Stoosbahn-GM-2-729x486-30x20.jpg 30w\" sizes=\"(min-width: 1009px) 729px, (min-width: 819px) 594px, (min-width: 569px) 729px, (min-width: 449px) 468px, 348px\" \/><\/a><div class=\"tt-image-copyright\" data-image-id=\"17960\">\u00a9 Stoosbahnen AG<\/div>\n            <\/div>\n            <div class=\"tt-post-caption\">Najbardziej stroma kolejka w Alpach &#8211; Stoosbahn.<\/div>\n         <\/div > \n<h2 id=\"9-najwy\u017csza-podpora-dla-kolejek-linowych\">9. Najwy\u017csza podpora dla kolejek linowych<\/h2>\n<p>Otwarta w 2017 r. podpora kolejki linowej Zugspitze o wys. 127 m jest najwy\u017cszym na \u015bwiecie stalowym podparciem dla kolejek linowych. I to nie wszystko: na wysoko\u015bci 1.945 m kolejka linowa Zugspitze pokonuje jedn\u0105 z najwi\u0119kszych r\u00f3\u017cnic wysoko\u015bci na \u015bwiecie. Ponadto jego pole rozpi\u0119to\u015bci 3 213 m jest najd\u0142u\u017csze na \u015bwiecie. Je\u015bli wi\u0119c wybierzesz si\u0119 na <a href=\"https:\/\/www.snowtrex.pl\/niemcy\/garmisch-partenkirchen\/teren-narciarski.html\" target=\"_blank\" rel=\"noopener noreferrer\">teren narciarski Zugspitze<\/a>, ju\u017c podczas wspinaczki do\u015bwiadczysz absolutnej atrakcji.<\/p>\n<div class=\"tt-post-image-wrapper tt-post-image-wrapper-full\">\n            <div class=\"tt-image-copyright-container\">\n                <a href=\"https:\/\/www.snowtrex.pl\/magazyn\/files\/2020\/11\/Seilbahn-Zugspitze_Neue-Rekordseilbahn-zur-Zugspitze_\u00a9-Bayerische-Zugspitzbahn-Bergbahn-AG-Max-Prechtel-9.jpg\"><img loading=\"lazy\" decoding=\"async\" data-wrapped=\"true\" class=\"wp-image-20358 size-Artikelbild_gro\u00df\" title=\"Rekordowa kolejka na Zugspitze.\" src=\"https:\/\/www.snowtrex.pl\/magazyn\/files\/2020\/11\/Seilbahn-Zugspitze_Neue-Rekordseilbahn-zur-Zugspitze_\u00a9-Bayerische-Zugspitzbahn-Bergbahn-AG-Max-Prechtel-9-729x486.jpg\" alt=\"Rekordowa kolejka na Zugspitze.\" width=\"729\" height=\"486\" srcset=\"https:\/\/www.snowtrex.pl\/magazyn\/files\/2020\/11\/Seilbahn-Zugspitze_Neue-Rekordseilbahn-zur-Zugspitze_\u00a9-Bayerische-Zugspitzbahn-Bergbahn-AG-Max-Prechtel-9-729x486.jpg 729w, https:\/\/www.snowtrex.pl\/magazyn\/files\/2020\/11\/Seilbahn-Zugspitze_Neue-Rekordseilbahn-zur-Zugspitze_\u00a9-Bayerische-Zugspitzbahn-Bergbahn-AG-Max-Prechtel-9-468x312.jpg 468w, https:\/\/www.snowtrex.pl\/magazyn\/files\/2020\/11\/Seilbahn-Zugspitze_Neue-Rekordseilbahn-zur-Zugspitze_\u00a9-Bayerische-Zugspitzbahn-Bergbahn-AG-Max-Prechtel-9-300x200.jpg 300w, https:\/\/www.snowtrex.pl\/magazyn\/files\/2020\/11\/Seilbahn-Zugspitze_Neue-Rekordseilbahn-zur-Zugspitze_\u00a9-Bayerische-Zugspitzbahn-Bergbahn-AG-Max-Prechtel-9-999x666.jpg 999w, https:\/\/www.snowtrex.pl\/magazyn\/files\/2020\/11\/Seilbahn-Zugspitze_Neue-Rekordseilbahn-zur-Zugspitze_\u00a9-Bayerische-Zugspitzbahn-Bergbahn-AG-Max-Prechtel-9-645x430.jpg 645w, https:\/\/www.snowtrex.pl\/magazyn\/files\/2020\/11\/Seilbahn-Zugspitze_Neue-Rekordseilbahn-zur-Zugspitze_\u00a9-Bayerische-Zugspitzbahn-Bergbahn-AG-Max-Prechtel-9-552x368.jpg 552w, https:\/\/www.snowtrex.pl\/magazyn\/files\/2020\/11\/Seilbahn-Zugspitze_Neue-Rekordseilbahn-zur-Zugspitze_\u00a9-Bayerische-Zugspitzbahn-Bergbahn-AG-Max-Prechtel-9-405x270.jpg 405w, https:\/\/www.snowtrex.pl\/magazyn\/files\/2020\/11\/Seilbahn-Zugspitze_Neue-Rekordseilbahn-zur-Zugspitze_\u00a9-Bayerische-Zugspitzbahn-Bergbahn-AG-Max-Prechtel-9-336x224.jpg 336w, https:\/\/www.snowtrex.pl\/magazyn\/files\/2020\/11\/Seilbahn-Zugspitze_Neue-Rekordseilbahn-zur-Zugspitze_\u00a9-Bayerische-Zugspitzbahn-Bergbahn-AG-Max-Prechtel-9-276x184.jpg 276w, https:\/\/www.snowtrex.pl\/magazyn\/files\/2020\/11\/Seilbahn-Zugspitze_Neue-Rekordseilbahn-zur-Zugspitze_\u00a9-Bayerische-Zugspitzbahn-Bergbahn-AG-Max-Prechtel-9-234x156.jpg 234w, https:\/\/www.snowtrex.pl\/magazyn\/files\/2020\/11\/Seilbahn-Zugspitze_Neue-Rekordseilbahn-zur-Zugspitze_\u00a9-Bayerische-Zugspitzbahn-Bergbahn-AG-Max-Prechtel-9-192x128.jpg 192w, https:\/\/www.snowtrex.pl\/magazyn\/files\/2020\/11\/Seilbahn-Zugspitze_Neue-Rekordseilbahn-zur-Zugspitze_\u00a9-Bayerische-Zugspitzbahn-Bergbahn-AG-Max-Prechtel-9-120x80.jpg 120w, https:\/\/www.snowtrex.pl\/magazyn\/files\/2020\/11\/Seilbahn-Zugspitze_Neue-Rekordseilbahn-zur-Zugspitze_\u00a9-Bayerische-Zugspitzbahn-Bergbahn-AG-Max-Prechtel-9-30x20.jpg 30w\" sizes=\"(min-width: 1009px) 729px, (min-width: 819px) 594px, (min-width: 569px) 729px, (min-width: 449px) 468px, 348px\" \/><\/a><div class=\"tt-image-copyright\" data-image-id=\"20358\">\u00a9 Bayerische Zugspitzbahn Bergbahn AG\/Max Prechtel<\/div>\n            <\/div>\n            <div class=\"tt-post-caption\">Rekordowa kolejka na Zugspitze.<\/div>\n         <\/div > \n<h2 id=\"10-najd\u0142u\u017csze-schody-kolejki-linowej\">10. Najd\u0142u\u017csze schody kolejki linowej<\/h2>\n<p>Najwi\u0119cej schod\u00f3w w Alpach w jednym miejscu zosta\u0142o po\u0142o\u017conych wzd\u0142u\u017c tor\u00f3w szwajcarskiej kolejki linowej. \u0141\u0105cznie na schody (otwartej od kwietnia do listopada) kolejki Niesenbahn sk\u0142adaj\u0105 si\u0119 a\u017c 11 674 stopnie. Mi\u0142o\u015bnicy wspinaczki po schodach mog\u0105 tu dotrze\u0107 na wysoko\u015b\u0107 a\u017c 1642 m. Schody te s\u0105 otwarte dla og\u00f3\u0142u wy\u0142\u0105cznie raz w roku z okazji &#8222;Niesen-Treppenlauf&#8221; \u2013 rywalizacji dla mi\u0142o\u015bnik\u00f3w biegu po schodach.<\/p>\n<div class=\"tt-post-image-wrapper tt-post-image-wrapper-full\">\n            <div class=\"tt-image-copyright-container\">\n                <a href=\"https:\/\/www.snowtrex.pl\/magazyn\/files\/2019\/07\/Niesenbahn-obere-Sektion-Schwandegg-Niesen-e1558341931803-729x617.jpg\"><img loading=\"lazy\" decoding=\"async\" data-wrapped=\"true\" class=\"wp-image-17962 size-Artikelbild_gro\u00df\" title=\"Podczas pokonywania schod\u00f3w ratunkowych kolejki Niesenbahn wymagana jest kondycja. \" src=\"https:\/\/www.snowtrex.pl\/magazyn\/files\/2019\/07\/Niesenbahn-obere-Sektion-Schwandegg-Niesen-e1558341931803-729x617-729x486.jpg\" alt=\"Podczas pokonywania schod\u00f3w ratunkowych kolejki Niesenbahn wymagana jest kondycja. \" width=\"729\" height=\"486\" srcset=\"https:\/\/www.snowtrex.pl\/magazyn\/files\/2019\/07\/Niesenbahn-obere-Sektion-Schwandegg-Niesen-e1558341931803-729x617-729x486.jpg 729w, https:\/\/www.snowtrex.pl\/magazyn\/files\/2019\/07\/Niesenbahn-obere-Sektion-Schwandegg-Niesen-e1558341931803-729x617-468x312.jpg 468w, https:\/\/www.snowtrex.pl\/magazyn\/files\/2019\/07\/Niesenbahn-obere-Sektion-Schwandegg-Niesen-e1558341931803-729x617-300x200.jpg 300w, https:\/\/www.snowtrex.pl\/magazyn\/files\/2019\/07\/Niesenbahn-obere-Sektion-Schwandegg-Niesen-e1558341931803-729x617-645x430.jpg 645w, https:\/\/www.snowtrex.pl\/magazyn\/files\/2019\/07\/Niesenbahn-obere-Sektion-Schwandegg-Niesen-e1558341931803-729x617-552x368.jpg 552w, https:\/\/www.snowtrex.pl\/magazyn\/files\/2019\/07\/Niesenbahn-obere-Sektion-Schwandegg-Niesen-e1558341931803-729x617-405x270.jpg 405w, https:\/\/www.snowtrex.pl\/magazyn\/files\/2019\/07\/Niesenbahn-obere-Sektion-Schwandegg-Niesen-e1558341931803-729x617-336x224.jpg 336w, https:\/\/www.snowtrex.pl\/magazyn\/files\/2019\/07\/Niesenbahn-obere-Sektion-Schwandegg-Niesen-e1558341931803-729x617-276x184.jpg 276w, https:\/\/www.snowtrex.pl\/magazyn\/files\/2019\/07\/Niesenbahn-obere-Sektion-Schwandegg-Niesen-e1558341931803-729x617-234x156.jpg 234w, https:\/\/www.snowtrex.pl\/magazyn\/files\/2019\/07\/Niesenbahn-obere-Sektion-Schwandegg-Niesen-e1558341931803-729x617-192x128.jpg 192w, https:\/\/www.snowtrex.pl\/magazyn\/files\/2019\/07\/Niesenbahn-obere-Sektion-Schwandegg-Niesen-e1558341931803-729x617-120x80.jpg 120w\" sizes=\"(min-width: 1009px) 729px, (min-width: 819px) 594px, (min-width: 569px) 729px, (min-width: 449px) 468px, 348px\" \/><\/a><div class=\"tt-image-copyright\" data-image-id=\"17962\">\u00a9 Niesenbahn<\/div>\n            <\/div>\n            <div class=\"tt-post-caption\">Podczas pokonywania schod\u00f3w ratunkowych kolejki Niesenbahn wymagana jest kondycja.<\/div>\n         <\/div > \n<h2 id=\"11-najwy\u017cej-po\u0142o\u017cona-stacja-na-\u015bwiecie\">11. Najwy\u017cej po\u0142o\u017cona stacja na \u015bwiecie<\/h2>\n<p>Kiedy dotrzesz do ko\u0144ca kolejki Jungfraujoch, masz naprawd\u0119 fantastyczn\u0105 panoram\u0119 g\u00f3rsk\u0105. Po\u0142o\u017cona na wysoko\u015bci 3454 m w dolinie <a href=\"https:\/\/www.snowtrex.pl\/szwajcaria\/fiesch\/narty.html\" target=\"_blank\" rel=\"noopener noreferrer\">Fieschertal<\/a> stacja jest prawdopodobnie jedn\u0105 z najpi\u0119kniejszych stacji g\u00f3rskich na \u015bwiecie. Z platform widokowych mo\u017cna podziwia\u0107 okoliczne g\u00f3ry, przede wszystkim Eiger i M\u00f6nch.<\/p>\n<div class=\"tt-post-image-wrapper tt-post-image-wrapper-full\">\n            <div class=\"tt-image-copyright-container\">\n                <a href=\"https:\/\/www.snowtrex.pl\/magazyn\/files\/2019\/07\/jun1420.jpg\"><img loading=\"lazy\" decoding=\"async\" data-wrapped=\"true\" class=\"wp-image-17963 size-Artikelbild_gro\u00df\" title=\"Jungfraujoch to najwy\u017cej po\u0142o\u017cona g\u00f3rska stacja. \" src=\"https:\/\/www.snowtrex.pl\/magazyn\/files\/2019\/07\/jun1420-729x486.jpg\" alt=\"Jungfraujoch to najwy\u017cej po\u0142o\u017cona g\u00f3rska stacja. \" width=\"729\" height=\"486\" srcset=\"https:\/\/www.snowtrex.pl\/magazyn\/files\/2019\/07\/jun1420-729x486.jpg 729w, https:\/\/www.snowtrex.pl\/magazyn\/files\/2019\/07\/jun1420-468x312.jpg 468w, https:\/\/www.snowtrex.pl\/magazyn\/files\/2019\/07\/jun1420-300x200.jpg 300w, https:\/\/www.snowtrex.pl\/magazyn\/files\/2019\/07\/jun1420-999x666.jpg 999w, https:\/\/www.snowtrex.pl\/magazyn\/files\/2019\/07\/jun1420-645x430.jpg 645w, https:\/\/www.snowtrex.pl\/magazyn\/files\/2019\/07\/jun1420-552x368.jpg 552w, https:\/\/www.snowtrex.pl\/magazyn\/files\/2019\/07\/jun1420-405x270.jpg 405w, https:\/\/www.snowtrex.pl\/magazyn\/files\/2019\/07\/jun1420-336x224.jpg 336w, https:\/\/www.snowtrex.pl\/magazyn\/files\/2019\/07\/jun1420-276x184.jpg 276w, https:\/\/www.snowtrex.pl\/magazyn\/files\/2019\/07\/jun1420-234x156.jpg 234w, https:\/\/www.snowtrex.pl\/magazyn\/files\/2019\/07\/jun1420-192x128.jpg 192w, https:\/\/www.snowtrex.pl\/magazyn\/files\/2019\/07\/jun1420-120x80.jpg 120w, https:\/\/www.snowtrex.pl\/magazyn\/files\/2019\/07\/jun1420-30x21.jpg 30w\" sizes=\"(min-width: 1009px) 729px, (min-width: 819px) 594px, (min-width: 569px) 729px, (min-width: 449px) 468px, 348px\" \/><\/a><div class=\"tt-image-copyright\" data-image-id=\"17963\">\u00a9 Jungfrau Region\/swiss-image.ch\/Rob Lewis<\/div>\n            <\/div>\n            <div class=\"tt-post-caption\">Jungfraujoch to najwy\u017cej po\u0142o\u017cona g\u00f3rska stacja.<\/div>\n         <\/div > \n<h2 id=\"12-najwy\u017cej-po\u0142o\u017cona-chatka-g\u00f3rska-w-alpach\">12. Najwy\u017cej po\u0142o\u017cona chatka g\u00f3rska w Alpach<\/h2>\n<p>Chata Capanna Regina Margherita po\u0142o\u017cona jest na imponuj\u0105cej wysoko\u015bci i utrzymuje swoj\u0105 pozycj\u0119 jako najwy\u017cej po\u0142o\u017cona chatka g\u00f3rska w Alpach. Znajduje si\u0119 on na Signalkuppe na wysoko\u015bci 4554 m, g\u00f3rze po w\u0142oskiej stronie masywu Monte Rosa. Je\u015bli chcesz sp\u0119dzi\u0107 tu noc, mo\u017cesz to zrobi\u0107 tylko od czerwca do wrze\u015bnia. W\u00f3wczas chatka jest otwarta dla go\u015bci i oferuje 70 miejsc do spania.<\/p>\n<div class=\"tt-post-image-wrapper tt-post-image-wrapper-full\">\n            <div class=\"tt-image-copyright-container\">\n                <a href=\"https:\/\/www.snowtrex.pl\/magazyn\/files\/2019\/07\/NEWS-CAPANNA-MARGHERITA_alagna.it_-729x486.jpg\"><img loading=\"lazy\" decoding=\"async\" data-wrapped=\"true\" class=\"wp-image-17964 size-Artikelbild_gro\u00df_flexibel\" title=\"Najwy\u017cej po\u0142o\u017cona g\u00f3rska chatka. \" src=\"https:\/\/www.snowtrex.pl\/magazyn\/files\/2019\/07\/NEWS-CAPANNA-MARGHERITA_alagna.it_-729x486-729x486.jpg\" alt=\"Najwy\u017cej po\u0142o\u017cona g\u00f3rska chatka. \" width=\"729\" height=\"486\" srcset=\"https:\/\/www.snowtrex.pl\/magazyn\/files\/2019\/07\/NEWS-CAPANNA-MARGHERITA_alagna.it_-729x486.jpg 729w, https:\/\/www.snowtrex.pl\/magazyn\/files\/2019\/07\/NEWS-CAPANNA-MARGHERITA_alagna.it_-729x486-300x200.jpg 300w, https:\/\/www.snowtrex.pl\/magazyn\/files\/2019\/07\/NEWS-CAPANNA-MARGHERITA_alagna.it_-729x486-600x400.jpg 600w, https:\/\/www.snowtrex.pl\/magazyn\/files\/2019\/07\/NEWS-CAPANNA-MARGHERITA_alagna.it_-729x486-468x312.jpg 468w, https:\/\/www.snowtrex.pl\/magazyn\/files\/2019\/07\/NEWS-CAPANNA-MARGHERITA_alagna.it_-729x486-645x430.jpg 645w, https:\/\/www.snowtrex.pl\/magazyn\/files\/2019\/07\/NEWS-CAPANNA-MARGHERITA_alagna.it_-729x486-552x368.jpg 552w, https:\/\/www.snowtrex.pl\/magazyn\/files\/2019\/07\/NEWS-CAPANNA-MARGHERITA_alagna.it_-729x486-405x270.jpg 405w, https:\/\/www.snowtrex.pl\/magazyn\/files\/2019\/07\/NEWS-CAPANNA-MARGHERITA_alagna.it_-729x486-336x224.jpg 336w, https:\/\/www.snowtrex.pl\/magazyn\/files\/2019\/07\/NEWS-CAPANNA-MARGHERITA_alagna.it_-729x486-276x184.jpg 276w, https:\/\/www.snowtrex.pl\/magazyn\/files\/2019\/07\/NEWS-CAPANNA-MARGHERITA_alagna.it_-729x486-234x156.jpg 234w, https:\/\/www.snowtrex.pl\/magazyn\/files\/2019\/07\/NEWS-CAPANNA-MARGHERITA_alagna.it_-729x486-192x128.jpg 192w, https:\/\/www.snowtrex.pl\/magazyn\/files\/2019\/07\/NEWS-CAPANNA-MARGHERITA_alagna.it_-729x486-120x80.jpg 120w, https:\/\/www.snowtrex.pl\/magazyn\/files\/2019\/07\/NEWS-CAPANNA-MARGHERITA_alagna.it_-729x486-30x20.jpg 30w\" sizes=\"(min-width: 1009px) 729px, (min-width: 819px) 594px, (min-width: 569px) 729px, (min-width: 449px) 468px, 348px\" \/><\/a><div class=\"tt-image-copyright\" data-image-id=\"17964\">\u00a9 alagna.it<\/div>\n            <\/div>\n            <div class=\"tt-post-caption\">Najwy\u017cej po\u0142o\u017cona g\u00f3rska chatka.<\/div>\n         <\/div > \n<h2 id=\"13-najwi\u0119ksza-dwukondygnacyjna-kolejka-linowa\">13. Najwi\u0119ksza dwukondygnacyjna kolejka linowa<\/h2>\n<p>Vanoise Express we francuskim regionie narciarskim Paradiski z miastami <a href=\"https:\/\/www.snowtrex.pl\/francja\/la_plagne\/narty.html\" target=\"_blank\" rel=\"noopener noreferrer\">La Plagne<\/a> i <a href=\"https:\/\/www.snowtrex.pl\/francja\/les_arcs\/narty.html\" target=\"_blank\" rel=\"noopener noreferrer\">Les Arcs<\/a> posiada dwupi\u0119trowe kabiny i mo\u017ce pomie\u015bci\u0107 200 os\u00f3b. Vanoise Express jest r\u00f3wnie\u017c jedn\u0105 z najszybszych kolejek linowych na \u015bwiecie o maksymalnej pr\u0119dko\u015bci 12,5 metra na sekund\u0119 lub 45 km\/h.<\/p>\n<div class=\"tt-post-image-wrapper tt-post-image-wrapper-full\">\n            <div class=\"tt-image-copyright-container\">\n                <a href=\"https:\/\/www.snowtrex.pl\/magazyn\/files\/2019\/09\/PLAG_Vanoise-Express3_cCompagnie-des-Alpes-1-729x486.jpg\" target=\"_blank\" rel=\"noopener\"><img loading=\"lazy\" decoding=\"async\" data-wrapped=\"true\" class=\"wp-image-18339 size-full\" title=\"Dwupoziomowy Vanoise Express. \" src=\"https:\/\/www.snowtrex.pl\/magazyn\/files\/2019\/09\/PLAG_Vanoise-Express3_cCompagnie-des-Alpes-1-729x486.jpg\" alt=\"Dwupoziomowy Vanoise Express. \" width=\"729\" height=\"486\" srcset=\"https:\/\/www.snowtrex.pl\/magazyn\/files\/2019\/09\/PLAG_Vanoise-Express3_cCompagnie-des-Alpes-1-729x486.jpg 729w, https:\/\/www.snowtrex.pl\/magazyn\/files\/2019\/09\/PLAG_Vanoise-Express3_cCompagnie-des-Alpes-1-729x486-300x200.jpg 300w, https:\/\/www.snowtrex.pl\/magazyn\/files\/2019\/09\/PLAG_Vanoise-Express3_cCompagnie-des-Alpes-1-729x486-600x400.jpg 600w, https:\/\/www.snowtrex.pl\/magazyn\/files\/2019\/09\/PLAG_Vanoise-Express3_cCompagnie-des-Alpes-1-729x486-468x312.jpg 468w, https:\/\/www.snowtrex.pl\/magazyn\/files\/2019\/09\/PLAG_Vanoise-Express3_cCompagnie-des-Alpes-1-729x486-645x430.jpg 645w, https:\/\/www.snowtrex.pl\/magazyn\/files\/2019\/09\/PLAG_Vanoise-Express3_cCompagnie-des-Alpes-1-729x486-552x368.jpg 552w, https:\/\/www.snowtrex.pl\/magazyn\/files\/2019\/09\/PLAG_Vanoise-Express3_cCompagnie-des-Alpes-1-729x486-405x270.jpg 405w, https:\/\/www.snowtrex.pl\/magazyn\/files\/2019\/09\/PLAG_Vanoise-Express3_cCompagnie-des-Alpes-1-729x486-336x224.jpg 336w, https:\/\/www.snowtrex.pl\/magazyn\/files\/2019\/09\/PLAG_Vanoise-Express3_cCompagnie-des-Alpes-1-729x486-276x184.jpg 276w, https:\/\/www.snowtrex.pl\/magazyn\/files\/2019\/09\/PLAG_Vanoise-Express3_cCompagnie-des-Alpes-1-729x486-234x156.jpg 234w, https:\/\/www.snowtrex.pl\/magazyn\/files\/2019\/09\/PLAG_Vanoise-Express3_cCompagnie-des-Alpes-1-729x486-192x128.jpg 192w, https:\/\/www.snowtrex.pl\/magazyn\/files\/2019\/09\/PLAG_Vanoise-Express3_cCompagnie-des-Alpes-1-729x486-120x80.jpg 120w, https:\/\/www.snowtrex.pl\/magazyn\/files\/2019\/09\/PLAG_Vanoise-Express3_cCompagnie-des-Alpes-1-729x486-30x20.jpg 30w\" sizes=\"(min-width: 1009px) 729px, (min-width: 819px) 594px, (min-width: 569px) 729px, (min-width: 449px) 468px, 348px\" \/><\/a><div class=\"tt-image-copyright\" data-image-id=\"18339\">\u00a9 Compagnie des Alpes<\/div>\n            <\/div>\n            <div class=\"tt-post-caption\">Dwupoziomowy Vanoise Express.<\/div>\n         <\/div > \n<h2 id=\"14-najd\u0142u\u017cszy-tor-saneczkowy\">14. Najd\u0142u\u017cszy tor saneczkowy<\/h2>\n<p>Popularny tor saneczkowy w Wildkogel w Bramberg ma d\u0142ugo\u015b\u0107 oko\u0142o 14 km i jest tym samym najd\u0142u\u017cszym torem saneczkowym w Alpach. Prowadzi do wsi i jest czynny codziennie do 22:00, w godzinach wieczornych jest natomiast o\u015bwietlony!<\/p>\n<div class=\"tt-post-image-wrapper tt-post-image-wrapper-full\">\n            <div class=\"tt-image-copyright-container\">\n                <a href=\"https:\/\/www.snowtrex.pl\/magazyn\/files\/2019\/07\/Wildkogel-Arena_Rodelbahn_cWildkogel-Arena-Neukirchen-Bramberg-2-729x486.jpg\"><img loading=\"lazy\" decoding=\"async\" data-wrapped=\"true\" class=\"wp-image-17966 size-Artikelbild_gro\u00df_flexibel\" title=\"Romantyczny widok na o\u015bwietlony tor saneczkowy w Bramberg. \" src=\"https:\/\/www.snowtrex.pl\/magazyn\/files\/2019\/07\/Wildkogel-Arena_Rodelbahn_cWildkogel-Arena-Neukirchen-Bramberg-2-729x486-729x486.jpg\" alt=\"Romantyczny widok na o\u015bwietlony tor saneczkowy w Bramberg. \" width=\"729\" height=\"486\" srcset=\"https:\/\/www.snowtrex.pl\/magazyn\/files\/2019\/07\/Wildkogel-Arena_Rodelbahn_cWildkogel-Arena-Neukirchen-Bramberg-2-729x486.jpg 729w, https:\/\/www.snowtrex.pl\/magazyn\/files\/2019\/07\/Wildkogel-Arena_Rodelbahn_cWildkogel-Arena-Neukirchen-Bramberg-2-729x486-300x200.jpg 300w, https:\/\/www.snowtrex.pl\/magazyn\/files\/2019\/07\/Wildkogel-Arena_Rodelbahn_cWildkogel-Arena-Neukirchen-Bramberg-2-729x486-600x400.jpg 600w, https:\/\/www.snowtrex.pl\/magazyn\/files\/2019\/07\/Wildkogel-Arena_Rodelbahn_cWildkogel-Arena-Neukirchen-Bramberg-2-729x486-468x312.jpg 468w, https:\/\/www.snowtrex.pl\/magazyn\/files\/2019\/07\/Wildkogel-Arena_Rodelbahn_cWildkogel-Arena-Neukirchen-Bramberg-2-729x486-645x430.jpg 645w, https:\/\/www.snowtrex.pl\/magazyn\/files\/2019\/07\/Wildkogel-Arena_Rodelbahn_cWildkogel-Arena-Neukirchen-Bramberg-2-729x486-552x368.jpg 552w, https:\/\/www.snowtrex.pl\/magazyn\/files\/2019\/07\/Wildkogel-Arena_Rodelbahn_cWildkogel-Arena-Neukirchen-Bramberg-2-729x486-405x270.jpg 405w, https:\/\/www.snowtrex.pl\/magazyn\/files\/2019\/07\/Wildkogel-Arena_Rodelbahn_cWildkogel-Arena-Neukirchen-Bramberg-2-729x486-336x224.jpg 336w, https:\/\/www.snowtrex.pl\/magazyn\/files\/2019\/07\/Wildkogel-Arena_Rodelbahn_cWildkogel-Arena-Neukirchen-Bramberg-2-729x486-276x184.jpg 276w, https:\/\/www.snowtrex.pl\/magazyn\/files\/2019\/07\/Wildkogel-Arena_Rodelbahn_cWildkogel-Arena-Neukirchen-Bramberg-2-729x486-234x156.jpg 234w, https:\/\/www.snowtrex.pl\/magazyn\/files\/2019\/07\/Wildkogel-Arena_Rodelbahn_cWildkogel-Arena-Neukirchen-Bramberg-2-729x486-192x128.jpg 192w, https:\/\/www.snowtrex.pl\/magazyn\/files\/2019\/07\/Wildkogel-Arena_Rodelbahn_cWildkogel-Arena-Neukirchen-Bramberg-2-729x486-120x80.jpg 120w, https:\/\/www.snowtrex.pl\/magazyn\/files\/2019\/07\/Wildkogel-Arena_Rodelbahn_cWildkogel-Arena-Neukirchen-Bramberg-2-729x486-30x20.jpg 30w\" sizes=\"(min-width: 1009px) 729px, (min-width: 819px) 594px, (min-width: 569px) 729px, (min-width: 449px) 468px, 348px\" \/><\/a><div class=\"tt-image-copyright\" data-image-id=\"17966\">\u00a9 Wildkogel-Arena <\/div>\n            <\/div>\n            <div class=\"tt-post-caption\">Romantyczny widok na o\u015bwietlony tor saneczkowy w Bramberg.<\/div>\n         <\/div > \n<h2 id=\"15-najwy\u017cej-po\u0142o\u017cona-restauracja-na-\u015bwiecie\">15. Najwy\u017cej po\u0142o\u017cona restauracja na \u015bwiecie<\/h2>\n<p>Niebo jest niemal na wyci\u0105gni\u0119cie r\u0119ki w restauracji &#8222;ice Q Gourmetrestaurant&#8221; w o\u015brodku narciarskim <a href=\"https:\/\/www.snowtrex.pl\/austria\/solden\/teren-narciarski.html\" target=\"_blank\" rel=\"noopener noreferrer\">S\u00f6lden<\/a>. Dzi\u0119ki po\u0142o\u017ceniu na wysoko\u015bci 3 048 m jest to najwy\u017cej po\u0142o\u017cona restauracja w Europie, przekonuj\u0105ca wyrafinowan\u0105 kuchni\u0105 dla smakoszy i winami od najlepszych winiarzy &#8211; kolejny rekord w Alpach! Nawet James Bond do\u015bwiadczy\u0142 tej niepowtarzalnej wysoko\u015bci: spektakularna g\u00f3rska panorama s\u0142u\u017cy\u0142a za kulisy filmu &#8222;Spectre&#8221;.<\/p>\n<div class=\"tt-post-image-wrapper tt-post-image-wrapper-full\">\n            <div class=\"tt-image-copyright-container\">\n                <a href=\"https:\/\/www.snowtrex.pl\/magazyn\/files\/2019\/07\/S\u00f6lden-Ice-Q-Bergrestaurant-c-Bergbahnen-S\u00f6lden-Rudy-Wyhlidal-729x486.jpg\"><img loading=\"lazy\" decoding=\"async\" data-wrapped=\"true\" class=\"wp-image-17967 size-Artikelbild_gro\u00df_flexibel\" title=\"Restauracja z osza\u0142amiaj\u0105c\u0105 g\u00f3rsk\u0105 panoram\u0105 w tle na terenie narciarskim S\u00f6lden. \" src=\"https:\/\/www.snowtrex.pl\/magazyn\/files\/2019\/07\/S\u00f6lden-Ice-Q-Bergrestaurant-c-Bergbahnen-S\u00f6lden-Rudy-Wyhlidal-729x486-729x486.jpg\" alt=\"Restauracja z osza\u0142amiaj\u0105c\u0105 g\u00f3rsk\u0105 panoram\u0105 w tle na terenie narciarskim S\u00f6lden. \" width=\"729\" height=\"486\" srcset=\"https:\/\/www.snowtrex.pl\/magazyn\/files\/2019\/07\/S\u00f6lden-Ice-Q-Bergrestaurant-c-Bergbahnen-S\u00f6lden-Rudy-Wyhlidal-729x486.jpg 729w, https:\/\/www.snowtrex.pl\/magazyn\/files\/2019\/07\/S\u00f6lden-Ice-Q-Bergrestaurant-c-Bergbahnen-S\u00f6lden-Rudy-Wyhlidal-729x486-300x200.jpg 300w, https:\/\/www.snowtrex.pl\/magazyn\/files\/2019\/07\/S\u00f6lden-Ice-Q-Bergrestaurant-c-Bergbahnen-S\u00f6lden-Rudy-Wyhlidal-729x486-600x400.jpg 600w, https:\/\/www.snowtrex.pl\/magazyn\/files\/2019\/07\/S\u00f6lden-Ice-Q-Bergrestaurant-c-Bergbahnen-S\u00f6lden-Rudy-Wyhlidal-729x486-468x312.jpg 468w, https:\/\/www.snowtrex.pl\/magazyn\/files\/2019\/07\/S\u00f6lden-Ice-Q-Bergrestaurant-c-Bergbahnen-S\u00f6lden-Rudy-Wyhlidal-729x486-645x430.jpg 645w, https:\/\/www.snowtrex.pl\/magazyn\/files\/2019\/07\/S\u00f6lden-Ice-Q-Bergrestaurant-c-Bergbahnen-S\u00f6lden-Rudy-Wyhlidal-729x486-552x368.jpg 552w, https:\/\/www.snowtrex.pl\/magazyn\/files\/2019\/07\/S\u00f6lden-Ice-Q-Bergrestaurant-c-Bergbahnen-S\u00f6lden-Rudy-Wyhlidal-729x486-405x270.jpg 405w, https:\/\/www.snowtrex.pl\/magazyn\/files\/2019\/07\/S\u00f6lden-Ice-Q-Bergrestaurant-c-Bergbahnen-S\u00f6lden-Rudy-Wyhlidal-729x486-336x224.jpg 336w, https:\/\/www.snowtrex.pl\/magazyn\/files\/2019\/07\/S\u00f6lden-Ice-Q-Bergrestaurant-c-Bergbahnen-S\u00f6lden-Rudy-Wyhlidal-729x486-276x184.jpg 276w, https:\/\/www.snowtrex.pl\/magazyn\/files\/2019\/07\/S\u00f6lden-Ice-Q-Bergrestaurant-c-Bergbahnen-S\u00f6lden-Rudy-Wyhlidal-729x486-234x156.jpg 234w, https:\/\/www.snowtrex.pl\/magazyn\/files\/2019\/07\/S\u00f6lden-Ice-Q-Bergrestaurant-c-Bergbahnen-S\u00f6lden-Rudy-Wyhlidal-729x486-192x128.jpg 192w, https:\/\/www.snowtrex.pl\/magazyn\/files\/2019\/07\/S\u00f6lden-Ice-Q-Bergrestaurant-c-Bergbahnen-S\u00f6lden-Rudy-Wyhlidal-729x486-120x80.jpg 120w, https:\/\/www.snowtrex.pl\/magazyn\/files\/2019\/07\/S\u00f6lden-Ice-Q-Bergrestaurant-c-Bergbahnen-S\u00f6lden-Rudy-Wyhlidal-729x486-30x20.jpg 30w\" sizes=\"(min-width: 1009px) 729px, (min-width: 819px) 594px, (min-width: 569px) 729px, (min-width: 449px) 468px, 348px\" \/><\/a><div class=\"tt-image-copyright\" data-image-id=\"17967\">\u00a9 Bergbahnen S\u00f6lden\/Rudy Wyhlidal<\/div>\n            <\/div>\n            <div class=\"tt-post-caption\">Restauracja z osza\u0142amiaj\u0105c\u0105 g\u00f3rsk\u0105 panoram\u0105 w tle na terenie narciarskim S\u00f6lden.<\/div>\n         <\/div > \n<h2 id=\"16-najwy\u017cej-po\u0142o\u017cony-basen-zewn\u0119trzny\">16. Najwy\u017cej po\u0142o\u017cony basen zewn\u0119trzny<\/h2>\n<p>W szwajcarskim<a href=\"https:\/\/www.snowtrex.pl\/szwajcaria\/zermatt\/narty.html\" target=\"_blank\" rel=\"noopener noreferrer\"> Zermatt<\/a> mi\u0142o\u015bnicy wellness s\u0105 szczeg\u00f3lnie podekscytowani, gdy odkrywaj\u0105 najwy\u017cszy basen zewn\u0119trzny w Europie na wysoko\u015bci 2 200 m, z widokiem na imponuj\u0105cy Matterhorn. Jest on cz\u0119\u015bci\u0105 5-gwiazdkowego hotelu Riffelalp i utrzymuje sta\u0142\u0105 temperatur\u0119 wody na poziomie 35 stopni Celsjusza.<\/p>\n<div class=\"tt-post-image-wrapper tt-post-image-wrapper-full\">\n            <div class=\"tt-image-copyright-container\">\n                <a href=\"https:\/\/www.snowtrex.pl\/magazyn\/files\/2019\/07\/Riffelalp-09264-729x486.jpg\"><img loading=\"lazy\" decoding=\"async\" data-wrapped=\"true\" class=\"wp-image-17968 size-Artikelbild_gro\u00df_flexibel\" title=\"Basen z niepowtarzalnym widokiem w Hotelu Riffelalp. \" src=\"https:\/\/www.snowtrex.pl\/magazyn\/files\/2019\/07\/Riffelalp-09264-729x486-729x486.jpg\" alt=\"Basen z niepowtarzalnym widokiem w Hotelu Riffelalp. \" width=\"729\" height=\"486\" srcset=\"https:\/\/www.snowtrex.pl\/magazyn\/files\/2019\/07\/Riffelalp-09264-729x486.jpg 729w, https:\/\/www.snowtrex.pl\/magazyn\/files\/2019\/07\/Riffelalp-09264-729x486-300x200.jpg 300w, https:\/\/www.snowtrex.pl\/magazyn\/files\/2019\/07\/Riffelalp-09264-729x486-600x400.jpg 600w, https:\/\/www.snowtrex.pl\/magazyn\/files\/2019\/07\/Riffelalp-09264-729x486-468x312.jpg 468w, https:\/\/www.snowtrex.pl\/magazyn\/files\/2019\/07\/Riffelalp-09264-729x486-645x430.jpg 645w, https:\/\/www.snowtrex.pl\/magazyn\/files\/2019\/07\/Riffelalp-09264-729x486-552x368.jpg 552w, https:\/\/www.snowtrex.pl\/magazyn\/files\/2019\/07\/Riffelalp-09264-729x486-405x270.jpg 405w, https:\/\/www.snowtrex.pl\/magazyn\/files\/2019\/07\/Riffelalp-09264-729x486-336x224.jpg 336w, https:\/\/www.snowtrex.pl\/magazyn\/files\/2019\/07\/Riffelalp-09264-729x486-276x184.jpg 276w, https:\/\/www.snowtrex.pl\/magazyn\/files\/2019\/07\/Riffelalp-09264-729x486-234x156.jpg 234w, https:\/\/www.snowtrex.pl\/magazyn\/files\/2019\/07\/Riffelalp-09264-729x486-192x128.jpg 192w, https:\/\/www.snowtrex.pl\/magazyn\/files\/2019\/07\/Riffelalp-09264-729x486-120x80.jpg 120w, https:\/\/www.snowtrex.pl\/magazyn\/files\/2019\/07\/Riffelalp-09264-729x486-30x20.jpg 30w\" sizes=\"(min-width: 1009px) 729px, (min-width: 819px) 594px, (min-width: 569px) 729px, (min-width: 449px) 468px, 348px\" \/><\/a><div class=\"tt-image-copyright\" data-image-id=\"17968\">\u00a9 Riffelalp Resort 2'222m<\/div>\n            <\/div>\n            <div class=\"tt-post-caption\">Basen z niepowtarzalnym widokiem w Hotelu Riffelalp.<\/div>\n         <\/div > \n<h2 id=\"17-najwy\u017cej-po\u0142o\u017cona-kawiarnia\">17. Najwy\u017cej po\u0142o\u017cona kawiarnia<\/h2>\n<p>Na samym szczycie lodowca Pitztal znajduje si\u0119 &#8222;Cafe 3.440&#8221;, kt\u00f3rej nazwa pochodzi od wysoko\u015bci, na kt\u00f3rej si\u0119 znajduje. Tutaj mo\u017cna si\u0119 zrelaksowa\u0107 i rozkoszowa\u0107 gor\u0105cym napojem lub ciastem w otoczeniu zapieraj\u0105cych dech w piersiach 3-tysi\u0119cznik\u00f3w, takich jak Wildspitze o wysoko\u015bci 3774 m. Kawiarnia oferuje \u0142\u0105cznie 160 miejsc siedz\u0105cych.<\/p>\n<div class=\"tt-post-image-wrapper tt-post-image-wrapper-full\">\n            <div class=\"tt-image-copyright-container\">\n                <a href=\"https:\/\/www.snowtrex.pl\/magazyn\/files\/2019\/07\/Pitztal_Caf\u00e93440_\u00a9-Pitztaler-Gletscherbahn-GmbH-Co-KG-729x486.jpg\"><img loading=\"lazy\" decoding=\"async\" data-wrapped=\"true\" class=\"wp-image-17969 size-Artikelbild_gro\u00df_flexibel\" title=\"Co powiecie na kaw\u0119 w kawiarni na wys. 3440 m?\" src=\"https:\/\/www.snowtrex.pl\/magazyn\/files\/2019\/07\/Pitztal_Caf\u00e93440_\u00a9-Pitztaler-Gletscherbahn-GmbH-Co-KG-729x486-729x486.jpg\" alt=\"Co powiecie na kaw\u0119 w kawiarni na wys. 3440 m?\" width=\"729\" height=\"486\" srcset=\"https:\/\/www.snowtrex.pl\/magazyn\/files\/2019\/07\/Pitztal_Caf\u00e93440_\u00a9-Pitztaler-Gletscherbahn-GmbH-Co-KG-729x486.jpg 729w, https:\/\/www.snowtrex.pl\/magazyn\/files\/2019\/07\/Pitztal_Caf\u00e93440_\u00a9-Pitztaler-Gletscherbahn-GmbH-Co-KG-729x486-300x200.jpg 300w, https:\/\/www.snowtrex.pl\/magazyn\/files\/2019\/07\/Pitztal_Caf\u00e93440_\u00a9-Pitztaler-Gletscherbahn-GmbH-Co-KG-729x486-600x400.jpg 600w, https:\/\/www.snowtrex.pl\/magazyn\/files\/2019\/07\/Pitztal_Caf\u00e93440_\u00a9-Pitztaler-Gletscherbahn-GmbH-Co-KG-729x486-468x312.jpg 468w, https:\/\/www.snowtrex.pl\/magazyn\/files\/2019\/07\/Pitztal_Caf\u00e93440_\u00a9-Pitztaler-Gletscherbahn-GmbH-Co-KG-729x486-645x430.jpg 645w, https:\/\/www.snowtrex.pl\/magazyn\/files\/2019\/07\/Pitztal_Caf\u00e93440_\u00a9-Pitztaler-Gletscherbahn-GmbH-Co-KG-729x486-552x368.jpg 552w, https:\/\/www.snowtrex.pl\/magazyn\/files\/2019\/07\/Pitztal_Caf\u00e93440_\u00a9-Pitztaler-Gletscherbahn-GmbH-Co-KG-729x486-405x270.jpg 405w, https:\/\/www.snowtrex.pl\/magazyn\/files\/2019\/07\/Pitztal_Caf\u00e93440_\u00a9-Pitztaler-Gletscherbahn-GmbH-Co-KG-729x486-336x224.jpg 336w, https:\/\/www.snowtrex.pl\/magazyn\/files\/2019\/07\/Pitztal_Caf\u00e93440_\u00a9-Pitztaler-Gletscherbahn-GmbH-Co-KG-729x486-276x184.jpg 276w, https:\/\/www.snowtrex.pl\/magazyn\/files\/2019\/07\/Pitztal_Caf\u00e93440_\u00a9-Pitztaler-Gletscherbahn-GmbH-Co-KG-729x486-234x156.jpg 234w, https:\/\/www.snowtrex.pl\/magazyn\/files\/2019\/07\/Pitztal_Caf\u00e93440_\u00a9-Pitztaler-Gletscherbahn-GmbH-Co-KG-729x486-192x128.jpg 192w, https:\/\/www.snowtrex.pl\/magazyn\/files\/2019\/07\/Pitztal_Caf\u00e93440_\u00a9-Pitztaler-Gletscherbahn-GmbH-Co-KG-729x486-120x80.jpg 120w, https:\/\/www.snowtrex.pl\/magazyn\/files\/2019\/07\/Pitztal_Caf\u00e93440_\u00a9-Pitztaler-Gletscherbahn-GmbH-Co-KG-729x486-30x20.jpg 30w\" sizes=\"(min-width: 1009px) 729px, (min-width: 819px) 594px, (min-width: 569px) 729px, (min-width: 449px) 468px, 348px\" \/><\/a><div class=\"tt-image-copyright\" data-image-id=\"17969\">\u00a9 Pitztaler Gletscherbahn GmbH & Co KG<\/div>\n            <\/div>\n            <div class=\"tt-post-caption\">Co powiecie na kaw\u0119 w kawiarni na wys. 3440 m?<\/div>\n         <\/div > \n<h2 id=\"18-najwy\u017cej-po\u0142o\u017cona-sala-koncertowa\">18. Najwy\u017cej po\u0142o\u017cona sala koncertowa<\/h2>\n<p>Muzyczne d\u017awi\u0119ki na wysoko\u015bciach mo\u017cna us\u0142ysze\u0107 w sali koncertowej w St. Christoph am <a href=\"https:\/\/www.snowtrex.pl\/austria\/st._anton\/teren-narciarski.html\" target=\"_blank\" rel=\"noopener noreferrer\">Arlberg<\/a>, 1800 m nad poziomem morza. Przyjaciele sztuki i muzyki wsp\u00f3\u0142czesnej na pewno doceni\u0105 urok 190-osobowej sali.<\/p>\n<div class=\"tt-post-image-wrapper tt-post-image-wrapper-full\">\n            <div class=\"tt-image-copyright-container\">\n                <a href=\"https:\/\/www.snowtrex.pl\/magazyn\/files\/2019\/07\/arlberg1800-Contemporary-Art-Concert-Hall-c-arlberg1800-RESORT_Petra-Rainer-1-729x486.jpg\"><img loading=\"lazy\" decoding=\"async\" data-wrapped=\"true\" class=\"wp-image-17970 size-Artikelbild_gro\u00df_flexibel\" title=\"Najwy\u017cej po\u0142o\u017cona w Alpach sala koncertowa na Arlberg. \" src=\"https:\/\/www.snowtrex.pl\/magazyn\/files\/2019\/07\/arlberg1800-Contemporary-Art-Concert-Hall-c-arlberg1800-RESORT_Petra-Rainer-1-729x486-729x486.jpg\" alt=\"Najwy\u017cej po\u0142o\u017cona w Alpach sala koncertowa na Arlberg. \" width=\"729\" height=\"486\" srcset=\"https:\/\/www.snowtrex.pl\/magazyn\/files\/2019\/07\/arlberg1800-Contemporary-Art-Concert-Hall-c-arlberg1800-RESORT_Petra-Rainer-1-729x486.jpg 729w, https:\/\/www.snowtrex.pl\/magazyn\/files\/2019\/07\/arlberg1800-Contemporary-Art-Concert-Hall-c-arlberg1800-RESORT_Petra-Rainer-1-729x486-300x200.jpg 300w, https:\/\/www.snowtrex.pl\/magazyn\/files\/2019\/07\/arlberg1800-Contemporary-Art-Concert-Hall-c-arlberg1800-RESORT_Petra-Rainer-1-729x486-600x400.jpg 600w, https:\/\/www.snowtrex.pl\/magazyn\/files\/2019\/07\/arlberg1800-Contemporary-Art-Concert-Hall-c-arlberg1800-RESORT_Petra-Rainer-1-729x486-468x312.jpg 468w, https:\/\/www.snowtrex.pl\/magazyn\/files\/2019\/07\/arlberg1800-Contemporary-Art-Concert-Hall-c-arlberg1800-RESORT_Petra-Rainer-1-729x486-645x430.jpg 645w, https:\/\/www.snowtrex.pl\/magazyn\/files\/2019\/07\/arlberg1800-Contemporary-Art-Concert-Hall-c-arlberg1800-RESORT_Petra-Rainer-1-729x486-552x368.jpg 552w, https:\/\/www.snowtrex.pl\/magazyn\/files\/2019\/07\/arlberg1800-Contemporary-Art-Concert-Hall-c-arlberg1800-RESORT_Petra-Rainer-1-729x486-405x270.jpg 405w, https:\/\/www.snowtrex.pl\/magazyn\/files\/2019\/07\/arlberg1800-Contemporary-Art-Concert-Hall-c-arlberg1800-RESORT_Petra-Rainer-1-729x486-336x224.jpg 336w, https:\/\/www.snowtrex.pl\/magazyn\/files\/2019\/07\/arlberg1800-Contemporary-Art-Concert-Hall-c-arlberg1800-RESORT_Petra-Rainer-1-729x486-276x184.jpg 276w, https:\/\/www.snowtrex.pl\/magazyn\/files\/2019\/07\/arlberg1800-Contemporary-Art-Concert-Hall-c-arlberg1800-RESORT_Petra-Rainer-1-729x486-234x156.jpg 234w, https:\/\/www.snowtrex.pl\/magazyn\/files\/2019\/07\/arlberg1800-Contemporary-Art-Concert-Hall-c-arlberg1800-RESORT_Petra-Rainer-1-729x486-192x128.jpg 192w, https:\/\/www.snowtrex.pl\/magazyn\/files\/2019\/07\/arlberg1800-Contemporary-Art-Concert-Hall-c-arlberg1800-RESORT_Petra-Rainer-1-729x486-120x80.jpg 120w, https:\/\/www.snowtrex.pl\/magazyn\/files\/2019\/07\/arlberg1800-Contemporary-Art-Concert-Hall-c-arlberg1800-RESORT_Petra-Rainer-1-729x486-30x20.jpg 30w\" sizes=\"(min-width: 1009px) 729px, (min-width: 819px) 594px, (min-width: 569px) 729px, (min-width: 449px) 468px, 348px\" \/><\/a><div class=\"tt-image-copyright\" data-image-id=\"17970\">\u00a9 arlberg1800 RESORT<\/div>\n            <\/div>\n            <div class=\"tt-post-caption\">Najwy\u017cej po\u0142o\u017cona w Alpach sala koncertowa na Arlberg.<\/div>\n         <\/div > \n<h2 id=\"19-najwy\u017csza-prze\u0142\u0119cz-g\u00f3rska-w-alpach\">19. Najwy\u017csza prze\u0142\u0119cz g\u00f3rska w Alpach<\/h2>\n<p>Col de la Bonette znajduje si\u0119 na wysoko\u015bci 2.715 m we francuskich Alpach Nadmorskich. Dok\u0142adnie rzecz bior\u0105c, mowa tu o dw\u00f3ch prze\u0142\u0119czach: na d\u0142ugo\u015bci niemal 50 km pokona\u0107 nale\u017cy zar\u00f3wno Col des Restefond, jak i Col de la Bonette. Dzi\u0119ki temu mo\u017cna dotrze\u0107 na rekordow\u0105 wysoko\u015b\u0107 2802 m.<\/p>\n<div class=\"tt-post-image-wrapper tt-post-image-wrapper-full\">\n            <div class=\"tt-image-copyright-container\">\n                <a href=\"https:\/\/www.snowtrex.pl\/magazyn\/files\/2019\/07\/col-bonette-baraque_Giacometti-1140x760_c-AD-04-729x486.jpg\"><img loading=\"lazy\" decoding=\"async\" data-wrapped=\"true\" class=\"wp-image-17971 size-Artikelbild_gro\u00df_flexibel\" title=\"Najwy\u017csza prze\u0142\u0119cz alpejska prowadzi przez francuskie Alpy Nadmorskie. \" src=\"https:\/\/www.snowtrex.pl\/magazyn\/files\/2019\/07\/col-bonette-baraque_Giacometti-1140x760_c-AD-04-729x486-729x486.jpg\" alt=\"Najwy\u017csza prze\u0142\u0119cz alpejska prowadzi przez francuskie Alpy Nadmorskie. \" width=\"729\" height=\"486\" srcset=\"https:\/\/www.snowtrex.pl\/magazyn\/files\/2019\/07\/col-bonette-baraque_Giacometti-1140x760_c-AD-04-729x486.jpg 729w, https:\/\/www.snowtrex.pl\/magazyn\/files\/2019\/07\/col-bonette-baraque_Giacometti-1140x760_c-AD-04-729x486-300x200.jpg 300w, https:\/\/www.snowtrex.pl\/magazyn\/files\/2019\/07\/col-bonette-baraque_Giacometti-1140x760_c-AD-04-729x486-600x400.jpg 600w, https:\/\/www.snowtrex.pl\/magazyn\/files\/2019\/07\/col-bonette-baraque_Giacometti-1140x760_c-AD-04-729x486-468x312.jpg 468w, https:\/\/www.snowtrex.pl\/magazyn\/files\/2019\/07\/col-bonette-baraque_Giacometti-1140x760_c-AD-04-729x486-645x430.jpg 645w, https:\/\/www.snowtrex.pl\/magazyn\/files\/2019\/07\/col-bonette-baraque_Giacometti-1140x760_c-AD-04-729x486-552x368.jpg 552w, https:\/\/www.snowtrex.pl\/magazyn\/files\/2019\/07\/col-bonette-baraque_Giacometti-1140x760_c-AD-04-729x486-405x270.jpg 405w, https:\/\/www.snowtrex.pl\/magazyn\/files\/2019\/07\/col-bonette-baraque_Giacometti-1140x760_c-AD-04-729x486-336x224.jpg 336w, https:\/\/www.snowtrex.pl\/magazyn\/files\/2019\/07\/col-bonette-baraque_Giacometti-1140x760_c-AD-04-729x486-276x184.jpg 276w, https:\/\/www.snowtrex.pl\/magazyn\/files\/2019\/07\/col-bonette-baraque_Giacometti-1140x760_c-AD-04-729x486-234x156.jpg 234w, https:\/\/www.snowtrex.pl\/magazyn\/files\/2019\/07\/col-bonette-baraque_Giacometti-1140x760_c-AD-04-729x486-192x128.jpg 192w, https:\/\/www.snowtrex.pl\/magazyn\/files\/2019\/07\/col-bonette-baraque_Giacometti-1140x760_c-AD-04-729x486-120x80.jpg 120w, https:\/\/www.snowtrex.pl\/magazyn\/files\/2019\/07\/col-bonette-baraque_Giacometti-1140x760_c-AD-04-729x486-30x20.jpg 30w\" sizes=\"(min-width: 1009px) 729px, (min-width: 819px) 594px, (min-width: 569px) 729px, (min-width: 449px) 468px, 348px\" \/><\/a><div class=\"tt-image-copyright\" data-image-id=\"17971\">\u00a9 AD 04<\/div>\n            <\/div>\n            <div class=\"tt-post-caption\">Najwy\u017csza prze\u0142\u0119cz alpejska prowadzi przez francuskie Alpy Nadmorskie.<\/div>\n         <\/div > \n<h2 id=\"20-najwy\u017cej-po\u0142o\u017cony-browar-na-\u015bwiecie\">20. Najwy\u017cej po\u0142o\u017cony browar na \u015bwiecie<\/h2>\n<p>Amatorzy piwa znajd\u0105 na wysoko\u015bci 1760 m na terenie narciarskim Skicircus Saalbach-Hinterglemm-Leogang-Fieberbrunn prawdziw\u0105 pere\u0142k\u0119 \u2013 najwy\u017cej po\u0142o\u017cony browar AsitzBr\u00e4u.<\/p>\n<div class=\"tt-post-image-wrapper tt-post-image-wrapper-full\">\n            <div class=\"tt-image-copyright-container\">\n                <a href=\"https:\/\/www.snowtrex.pl\/magazyn\/files\/2019\/07\/AsitzBr\u00e4u_Skiresort-729x486.jpg\"><img loading=\"lazy\" decoding=\"async\" data-wrapped=\"true\" class=\"wp-image-17972 size-Artikelbild_gro\u00df_flexibel\" title=\"Degustacja piwa w najwy\u017cej po\u0142o\u017conym browarze AsitzBr\u00e4u. \" src=\"https:\/\/www.snowtrex.pl\/magazyn\/files\/2019\/07\/AsitzBr\u00e4u_Skiresort-729x486-729x486.jpg\" alt=\"Degustacja piwa w najwy\u017cej po\u0142o\u017conym browarze AsitzBr\u00e4u. \" width=\"729\" height=\"486\" srcset=\"https:\/\/www.snowtrex.pl\/magazyn\/files\/2019\/07\/AsitzBr\u00e4u_Skiresort-729x486.jpg 729w, https:\/\/www.snowtrex.pl\/magazyn\/files\/2019\/07\/AsitzBr\u00e4u_Skiresort-729x486-300x200.jpg 300w, https:\/\/www.snowtrex.pl\/magazyn\/files\/2019\/07\/AsitzBr\u00e4u_Skiresort-729x486-600x400.jpg 600w, https:\/\/www.snowtrex.pl\/magazyn\/files\/2019\/07\/AsitzBr\u00e4u_Skiresort-729x486-468x312.jpg 468w, https:\/\/www.snowtrex.pl\/magazyn\/files\/2019\/07\/AsitzBr\u00e4u_Skiresort-729x486-645x430.jpg 645w, https:\/\/www.snowtrex.pl\/magazyn\/files\/2019\/07\/AsitzBr\u00e4u_Skiresort-729x486-552x368.jpg 552w, https:\/\/www.snowtrex.pl\/magazyn\/files\/2019\/07\/AsitzBr\u00e4u_Skiresort-729x486-405x270.jpg 405w, https:\/\/www.snowtrex.pl\/magazyn\/files\/2019\/07\/AsitzBr\u00e4u_Skiresort-729x486-336x224.jpg 336w, https:\/\/www.snowtrex.pl\/magazyn\/files\/2019\/07\/AsitzBr\u00e4u_Skiresort-729x486-276x184.jpg 276w, https:\/\/www.snowtrex.pl\/magazyn\/files\/2019\/07\/AsitzBr\u00e4u_Skiresort-729x486-234x156.jpg 234w, https:\/\/www.snowtrex.pl\/magazyn\/files\/2019\/07\/AsitzBr\u00e4u_Skiresort-729x486-192x128.jpg 192w, https:\/\/www.snowtrex.pl\/magazyn\/files\/2019\/07\/AsitzBr\u00e4u_Skiresort-729x486-120x80.jpg 120w, https:\/\/www.snowtrex.pl\/magazyn\/files\/2019\/07\/AsitzBr\u00e4u_Skiresort-729x486-30x20.jpg 30w\" sizes=\"(min-width: 1009px) 729px, (min-width: 819px) 594px, (min-width: 569px) 729px, (min-width: 449px) 468px, 348px\" \/><\/a><div class=\"tt-image-copyright\" data-image-id=\"17972\">\u00a9 skiresort<\/div>\n            <\/div>\n            <div class=\"tt-post-caption\">Degustacja piwa w najwy\u017cej po\u0142o\u017conym browarze AsitzBr\u00e4u.<\/div>\n         <\/div > \n","protected":false},"excerpt":{"rendered":"<p>Najwy\u017csza g\u00f3ra, najbardziej stromy stok lub najwy\u017cej po\u0142o\u017cony hotel w Alpach &#8211; SnowTrex przedstawia najbardziej spektakularne rekordy w Alpach z okazji 20. urodzin!<\/p>\n","protected":false},"author":175,"featured_media":21179,"comment_status":"closed","ping_status":"closed","sticky":false,"template":"","format":"standard","meta":{"footnotes":""},"categories":[205],"tags":[5835,5743,5782,52,5359,5805,213,5295,5744,104,95,99,5741,5708,5710,163,5252,5332,74,38,141,5831,5678,5713,105,44,5474,5667,5716,5827,239,5770,145,5425,5297,28,5746,5760,5806,5834,5700,5681,5703,53,252,5759,5747],"class_list":["post-17950","post","type-post","status-publish","format-standard","has-post-thumbnail","hentry","category-top-10","tag-aletsch_arena","tag-alpy-bawarskie","tag-arlberg","tag-austria","tag-cervinia","tag-cervinia-matterhorn","tag-chamonix","tag-courchevel","tag-engadin","tag-fiesch","tag-francja","tag-garmisch-partenkirchen","tag-gryzonia","tag-haute-savoie","tag-isere","tag-la_plagne","tag-lech","tag-leogang","tag-les_2_alpes","tag-les_3_vallees","tag-les_arcs","tag-maso_corto_niem-_kurzras","tag-matterhorn","tag-mont_blanc","tag-neukirchen_am_grossvenediger","tag-niemcy","tag-oisans","tag-otztal","tag-paradiski","tag-pitztal","tag-saalbach-hinterglemm","tag-sabaudia","tag-solden","tag-st-_leonhard","tag-st-_moritz","tag-szwajcaria","tag-tyrol","tag-tyrol-poludniowy","tag-val-daoste","tag-val_senales","tag-vorarlberg","tag-wallis","tag-wildkogel-arena","tag-wlochy","tag-zermatt","tag-ziemia-salzburska","tag-zugspitze"],"yoast_head":"<!-- This site is optimized with the Yoast SEO Premium plugin v27.3 (Yoast SEO v27.3) - https:\/\/yoast.com\/product\/yoast-seo-premium-wordpress\/ -->\n<title>Top 20 alpejskich rekord\u00f3w: wy\u017cej, d\u0142u\u017cej, bardziej stromo - pere\u0142ki Alp<\/title>\n<meta name=\"description\" content=\"Najwy\u017cszy szczyt, najbardziej stroma trasa, najwy\u017cej po\u0142o\u017cony hotel: w Alpach nie brakuje pere\u0142ek. SnowTrex przedstawia 10 rekord\u00f3w w Alpach.\" \/>\n<meta name=\"robots\" content=\"index, follow, max-snippet:-1, max-image-preview:large, max-video-preview:-1\" \/>\n<link rel=\"canonical\" href=\"https:\/\/www.snowtrex.pl\/magazyn\/top-10\/rekordy-w-alpach\/\" \/>\n<meta property=\"og:locale\" content=\"pl_PL\" \/>\n<meta property=\"og:type\" content=\"article\" \/>\n<meta property=\"og:title\" content=\"Najwy\u017cej, najd\u0142u\u017cej, najbardziej stromo: 20 spektakularnych rekord\u00f3w w Alpach\" \/>\n<meta property=\"og:description\" content=\"Najwy\u017csza g\u00f3ra, najbardziej stromy stok lub najwy\u017cej po\u0142o\u017cony hotel w Alpach - SnowTrex przedstawia najbardziej spektakularne rekordy w Alpach z okazji 20. urodzin!\" \/>\n<meta property=\"og:url\" content=\"https:\/\/www.snowtrex.pl\/magazyn\/top-10\/rekordy-w-alpach\/\" \/>\n<meta property=\"og:site_name\" content=\"SnowTrex magazyn narciarski\" \/>\n<meta property=\"article:publisher\" content=\"https:\/\/www.facebook.com\/SnowTrex.de\/\" \/>\n<meta property=\"article:author\" content=\"https:\/\/www.facebook.com\/snowtrex\/\" \/>\n<meta property=\"article:published_time\" content=\"2025-07-28T23:00:00+00:00\" \/>\n<meta property=\"article:modified_time\" content=\"2025-07-29T10:00:13+00:00\" \/>\n<meta property=\"og:image\" content=\"https:\/\/www.snowtrex.pl\/magazyn\/files\/2019\/07\/shutterstock_233176468-1.jpg\" \/>\n\t<meta property=\"og:image:width\" content=\"1200\" \/>\n\t<meta property=\"og:image:height\" content=\"800\" \/>\n\t<meta property=\"og:image:type\" content=\"image\/jpeg\" \/>\n<meta name=\"author\" content=\"SnowTrex\" \/>\n<meta name=\"twitter:label1\" content=\"Napisane przez\" \/>\n\t<meta name=\"twitter:data1\" content=\"SnowTrex\" \/>\n\t<meta name=\"twitter:label2\" content=\"Szacowany czas czytania\" \/>\n\t<meta name=\"twitter:data2\" content=\"12 minut\" \/>\n<script type=\"application\/ld+json\" class=\"yoast-schema-graph\">{\"@context\":\"https:\\\/\\\/schema.org\",\"@graph\":[{\"@type\":\"Article\",\"@id\":\"http:\\\/\\\/wp-magazin.snowtrex.pl\\\/top-10\\\/rekordy-w-alpach\\\/#article\",\"isPartOf\":{\"@id\":\"http:\\\/\\\/wp-magazin.snowtrex.pl\\\/top-10\\\/rekordy-w-alpach\\\/\"},\"author\":{\"name\":\"SnowTrex\",\"@id\":\"http:\\\/\\\/wp-magazin.snowtrex.pl\\\/#\\\/schema\\\/person\\\/8e389f383d57ca71d928d1ce1eebb566\"},\"headline\":\"Najwy\u017cej, najd\u0142u\u017cej, najbardziej stromo: 20 spektakularnych rekord\u00f3w w Alpach\",\"datePublished\":\"2025-07-28T23:00:00+00:00\",\"dateModified\":\"2025-07-29T10:00:13+00:00\",\"mainEntityOfPage\":{\"@id\":\"http:\\\/\\\/wp-magazin.snowtrex.pl\\\/top-10\\\/rekordy-w-alpach\\\/\"},\"wordCount\":1586,\"publisher\":{\"@id\":\"http:\\\/\\\/wp-magazin.snowtrex.pl\\\/#organization\"},\"image\":{\"@id\":\"http:\\\/\\\/wp-magazin.snowtrex.pl\\\/top-10\\\/rekordy-w-alpach\\\/#primaryimage\"},\"thumbnailUrl\":\"http:\\\/\\\/wp-magazin.snowtrex.pl\\\/files\\\/2019\\\/07\\\/shutterstock_233176468-1.jpg\",\"keywords\":[\"Aletsch Arena\",\"Alpy Bawarskie\",\"Arlberg\",\"Austria\",\"Cervinia\",\"Cervinia (Matterhorn)\",\"Chamonix\",\"Courchevel\",\"Engadin\",\"Fiesch\",\"Francja\",\"Garmisch-Partenkirchen\",\"Gryzonia\",\"Haute-Savoie\",\"Is\u00e8re\",\"La Plagne\",\"Lech\",\"Leogang\",\"Les 2 Alpes\",\"Les 3 Vall\u00e9es\",\"Les Arcs\",\"Maso Corto (niem. Kurzras)\",\"Matterhorn\",\"Mont Blanc\",\"Neukirchen am Gro\u00dfvenediger\",\"Niemcy\",\"Oisans\",\"\u00d6tztal\",\"Paradiski\",\"Pitztal\",\"Saalbach-Hinterglemm\",\"Sabaudia\",\"S\u00f6lden\",\"St. Leonhard\",\"St. Moritz\",\"Szwajcaria\",\"Tyrol\",\"Tyrol Po\u0142udniowy\",\"Val d'Aoste\",\"Val Senales\",\"Vorarlberg\",\"Wallis\",\"Wildkogel-Arena\",\"W\u0142ochy\",\"Zermatt\",\"Ziemia Salzburska\",\"Zugspitze\"],\"articleSection\":[\"Top 10\"],\"inLanguage\":\"pl-PL\"},{\"@type\":\"WebPage\",\"@id\":\"http:\\\/\\\/wp-magazin.snowtrex.pl\\\/top-10\\\/rekordy-w-alpach\\\/\",\"url\":\"http:\\\/\\\/wp-magazin.snowtrex.pl\\\/top-10\\\/rekordy-w-alpach\\\/\",\"name\":\"Top 20 alpejskich rekord\u00f3w: wy\u017cej, d\u0142u\u017cej, bardziej stromo - pere\u0142ki Alp\",\"primaryImageOfPage\":{\"@id\":\"http:\\\/\\\/wp-magazin.snowtrex.pl\\\/top-10\\\/rekordy-w-alpach\\\/#primaryimage\"},\"image\":{\"@id\":\"http:\\\/\\\/wp-magazin.snowtrex.pl\\\/top-10\\\/rekordy-w-alpach\\\/#primaryimage\"},\"thumbnailUrl\":\"http:\\\/\\\/wp-magazin.snowtrex.pl\\\/files\\\/2019\\\/07\\\/shutterstock_233176468-1.jpg\",\"datePublished\":\"2025-07-28T23:00:00+00:00\",\"dateModified\":\"2025-07-29T10:00:13+00:00\",\"description\":\"Najwy\u017cszy szczyt, najbardziej stroma trasa, najwy\u017cej po\u0142o\u017cony hotel: w Alpach nie brakuje pere\u0142ek. SnowTrex przedstawia 10 rekord\u00f3w w Alpach.\",\"inLanguage\":\"pl-PL\"},{\"@type\":\"ImageObject\",\"inLanguage\":\"pl-PL\",\"@id\":\"http:\\\/\\\/wp-magazin.snowtrex.pl\\\/top-10\\\/rekordy-w-alpach\\\/#primaryimage\",\"url\":\"http:\\\/\\\/wp-magazin.snowtrex.pl\\\/files\\\/2019\\\/07\\\/shutterstock_233176468-1.jpg\",\"contentUrl\":\"http:\\\/\\\/wp-magazin.snowtrex.pl\\\/files\\\/2019\\\/07\\\/shutterstock_233176468-1.jpg\",\"width\":1200,\"height\":800,\"caption\":\"Quelle: Shutterstock (Standard Lizenz); Frei (Web, Print, SocialMedia) RED+ \u00a9\"},{\"@type\":\"WebSite\",\"@id\":\"http:\\\/\\\/wp-magazin.snowtrex.pl\\\/#website\",\"url\":\"http:\\\/\\\/wp-magazin.snowtrex.pl\\\/\",\"name\":\"SnowTrex magazyn narciarski\",\"description\":\"wszystko na temat narciarstwa, snowboardu i urlopu zimowego!\",\"publisher\":{\"@id\":\"http:\\\/\\\/wp-magazin.snowtrex.pl\\\/#organization\"},\"inLanguage\":\"pl-PL\"},{\"@type\":\"Organization\",\"@id\":\"http:\\\/\\\/wp-magazin.snowtrex.pl\\\/#organization\",\"name\":\"TravelTrex GmbH\",\"url\":\"http:\\\/\\\/wp-magazin.snowtrex.pl\\\/\",\"logo\":{\"@type\":\"ImageObject\",\"inLanguage\":\"pl-PL\",\"@id\":\"http:\\\/\\\/wp-magazin.snowtrex.pl\\\/#\\\/schema\\\/logo\\\/image\\\/\",\"url\":\"\",\"contentUrl\":\"\",\"caption\":\"TravelTrex GmbH\"},\"image\":{\"@id\":\"http:\\\/\\\/wp-magazin.snowtrex.pl\\\/#\\\/schema\\\/logo\\\/image\\\/\"},\"sameAs\":[\"https:\\\/\\\/www.facebook.com\\\/SnowTrex.de\\\/\",\"https:\\\/\\\/www.instagram.com\\\/snowtrex_ski\\\/\"],\"description\":\"Od 1999 roku SnowTrex jest wiod\u0105cym niemieckim organizatorem wyjazd\u00f3w narciarskich. Firma oferuje swoje us\u0142ugi w 13 j\u0119zykach i co roku zabiera ponad 100 000 go\u015bci do popularnych miejsc, takich jak Austria, Francja, W\u0142ochy, Szwajcaria i Niemcy.\",\"email\":\"info-pl@snowtrex.com\",\"telephone\":\"22 380 39 00\",\"legalName\":\"TravelTrex GmbH\",\"foundingDate\":\"1999-07-01\",\"vatID\":\"DE 813 076 768\",\"numberOfEmployees\":{\"@type\":\"QuantitativeValue\",\"minValue\":\"51\",\"maxValue\":\"200\"}},{\"@type\":\"Person\",\"@id\":\"http:\\\/\\\/wp-magazin.snowtrex.pl\\\/#\\\/schema\\\/person\\\/8e389f383d57ca71d928d1ce1eebb566\",\"name\":\"SnowTrex\",\"description\":\"Redakcja magazynu SnowTrex sk\u0142ada si\u0119 z do\u015bwiadczonych mi\u0142o\u015bnik\u00f3w sport\u00f3w zimowych i ekspert\u00f3w turystycznych, kt\u00f3rzy dziel\u0105 si\u0119 swoj\u0105 pasj\u0105 w merytorycznych artyku\u0142ach na temat o\u015brodk\u00f3w narciarskich, sprz\u0119tu i wskaz\u00f3wek dotycz\u0105cych podr\u00f3\u017cy. Od 1999 roku SnowTrex jest wiod\u0105cym niemieckim organizatorem wyjazd\u00f3w narciarskich. Firma oferuje swoje us\u0142ugi w 13 j\u0119zykach i co roku zabiera ponad 100 000 go\u015bci do popularnych miejsc, takich jak Austria, Francja, W\u0142ochy, Szwajcaria i Niemcy.\",\"sameAs\":[\"https:\\\/\\\/www.snowtrex.pl\\\/\",\"https:\\\/\\\/www.facebook.com\\\/snowtrex\\\/\",\"https:\\\/\\\/www.instagram.com\\\/snowtrex_ski\\\/\",\"https:\\\/\\\/www.youtube.com\\\/c\\\/SnowTrex\"]}]}<\/script>\n<!-- \/ Yoast SEO Premium plugin. -->","yoast_head_json":{"title":"Top 20 alpejskich rekord\u00f3w: wy\u017cej, d\u0142u\u017cej, bardziej stromo - pere\u0142ki Alp","description":"Najwy\u017cszy szczyt, najbardziej stroma trasa, najwy\u017cej po\u0142o\u017cony hotel: w Alpach nie brakuje pere\u0142ek. SnowTrex przedstawia 10 rekord\u00f3w w Alpach.","robots":{"index":"index","follow":"follow","max-snippet":"max-snippet:-1","max-image-preview":"max-image-preview:large","max-video-preview":"max-video-preview:-1"},"canonical":"https:\/\/www.snowtrex.pl\/magazyn\/top-10\/rekordy-w-alpach\/","og_locale":"pl_PL","og_type":"article","og_title":"Najwy\u017cej, najd\u0142u\u017cej, najbardziej stromo: 20 spektakularnych rekord\u00f3w w Alpach","og_description":"Najwy\u017csza g\u00f3ra, najbardziej stromy stok lub najwy\u017cej po\u0142o\u017cony hotel w Alpach - SnowTrex przedstawia najbardziej spektakularne rekordy w Alpach z okazji 20. urodzin!","og_url":"https:\/\/www.snowtrex.pl\/magazyn\/top-10\/rekordy-w-alpach\/","og_site_name":"SnowTrex magazyn narciarski","article_publisher":"https:\/\/www.facebook.com\/SnowTrex.de\/","article_author":"https:\/\/www.facebook.com\/snowtrex\/","article_published_time":"2025-07-28T23:00:00+00:00","article_modified_time":"2025-07-29T10:00:13+00:00","og_image":[{"width":1200,"height":800,"url":"https:\/\/www.snowtrex.pl\/magazyn\/files\/2019\/07\/shutterstock_233176468-1.jpg","type":"image\/jpeg"}],"author":"SnowTrex","twitter_misc":{"Napisane przez":"SnowTrex","Szacowany czas czytania":"12 minut"},"schema":{"@context":"https:\/\/schema.org","@graph":[{"@type":"Article","@id":"https:\/\/www.snowtrex.pl\/magazyn\/top-10\/rekordy-w-alpach\/#article","isPartOf":{"@id":"https:\/\/www.snowtrex.pl\/magazyn\/top-10\/rekordy-w-alpach\/"},"author":{"name":"SnowTrex","@id":"https:\/\/www.snowtrex.pl\/magazyn\/#\/schema\/person\/8e389f383d57ca71d928d1ce1eebb566"},"headline":"Najwy\u017cej, najd\u0142u\u017cej, najbardziej stromo: 20 spektakularnych rekord\u00f3w w Alpach","datePublished":"2025-07-28T23:00:00+00:00","dateModified":"2025-07-29T10:00:13+00:00","mainEntityOfPage":{"@id":"https:\/\/www.snowtrex.pl\/magazyn\/top-10\/rekordy-w-alpach\/"},"wordCount":1586,"publisher":{"@id":"https:\/\/www.snowtrex.pl\/magazyn\/#organization"},"image":{"@id":"https:\/\/www.snowtrex.pl\/magazyn\/top-10\/rekordy-w-alpach\/#primaryimage"},"thumbnailUrl":"https:\/\/www.snowtrex.pl\/magazyn\/files\/2019\/07\/shutterstock_233176468-1.jpg","keywords":["Aletsch Arena","Alpy Bawarskie","Arlberg","Austria","Cervinia","Cervinia (Matterhorn)","Chamonix","Courchevel","Engadin","Fiesch","Francja","Garmisch-Partenkirchen","Gryzonia","Haute-Savoie","Is\u00e8re","La Plagne","Lech","Leogang","Les 2 Alpes","Les 3 Vall\u00e9es","Les Arcs","Maso Corto (niem. Kurzras)","Matterhorn","Mont Blanc","Neukirchen am Gro\u00dfvenediger","Niemcy","Oisans","\u00d6tztal","Paradiski","Pitztal","Saalbach-Hinterglemm","Sabaudia","S\u00f6lden","St. Leonhard","St. Moritz","Szwajcaria","Tyrol","Tyrol Po\u0142udniowy","Val d'Aoste","Val Senales","Vorarlberg","Wallis","Wildkogel-Arena","W\u0142ochy","Zermatt","Ziemia Salzburska","Zugspitze"],"articleSection":["Top 10"],"inLanguage":"pl-PL"},{"@type":"WebPage","@id":"https:\/\/www.snowtrex.pl\/magazyn\/top-10\/rekordy-w-alpach\/","url":"https:\/\/www.snowtrex.pl\/magazyn\/top-10\/rekordy-w-alpach\/","name":"Top 20 alpejskich rekord\u00f3w: wy\u017cej, d\u0142u\u017cej, bardziej stromo - pere\u0142ki Alp","primaryImageOfPage":{"@id":"https:\/\/www.snowtrex.pl\/magazyn\/top-10\/rekordy-w-alpach\/#primaryimage"},"image":{"@id":"https:\/\/www.snowtrex.pl\/magazyn\/top-10\/rekordy-w-alpach\/#primaryimage"},"thumbnailUrl":"https:\/\/www.snowtrex.pl\/magazyn\/files\/2019\/07\/shutterstock_233176468-1.jpg","datePublished":"2025-07-28T23:00:00+00:00","dateModified":"2025-07-29T10:00:13+00:00","description":"Najwy\u017cszy szczyt, najbardziej stroma trasa, najwy\u017cej po\u0142o\u017cony hotel: w Alpach nie brakuje pere\u0142ek. SnowTrex przedstawia 10 rekord\u00f3w w Alpach.","inLanguage":"pl-PL"},{"@type":"ImageObject","inLanguage":"pl-PL","@id":"https:\/\/www.snowtrex.pl\/magazyn\/top-10\/rekordy-w-alpach\/#primaryimage","url":"https:\/\/www.snowtrex.pl\/magazyn\/files\/2019\/07\/shutterstock_233176468-1.jpg","contentUrl":"https:\/\/www.snowtrex.pl\/magazyn\/files\/2019\/07\/shutterstock_233176468-1.jpg","width":1200,"height":800,"caption":"Quelle: Shutterstock (Standard Lizenz); Frei (Web, Print, SocialMedia) RED+ \u00a9"},{"@type":"WebSite","@id":"https:\/\/www.snowtrex.pl\/magazyn\/#website","url":"https:\/\/www.snowtrex.pl\/magazyn\/","name":"SnowTrex magazyn narciarski","description":"wszystko na temat narciarstwa, snowboardu i urlopu zimowego!","publisher":{"@id":"https:\/\/www.snowtrex.pl\/magazyn\/#organization"},"inLanguage":"pl-PL"},{"@type":"Organization","@id":"https:\/\/www.snowtrex.pl\/magazyn\/#organization","name":"TravelTrex GmbH","url":"https:\/\/www.snowtrex.pl\/magazyn\/","logo":{"@type":"ImageObject","inLanguage":"pl-PL","@id":"https:\/\/www.snowtrex.pl\/magazyn\/#\/schema\/logo\/image\/","url":"","contentUrl":"","caption":"TravelTrex GmbH"},"image":{"@id":"https:\/\/www.snowtrex.pl\/magazyn\/#\/schema\/logo\/image\/"},"sameAs":["https:\/\/www.facebook.com\/SnowTrex.de\/","https:\/\/www.instagram.com\/snowtrex_ski\/"],"description":"Od 1999 roku SnowTrex jest wiod\u0105cym niemieckim organizatorem wyjazd\u00f3w narciarskich. Firma oferuje swoje us\u0142ugi w 13 j\u0119zykach i co roku zabiera ponad 100 000 go\u015bci do popularnych miejsc, takich jak Austria, Francja, W\u0142ochy, Szwajcaria i Niemcy.","email":"info-pl@snowtrex.com","telephone":"22 380 39 00","legalName":"TravelTrex GmbH","foundingDate":"1999-07-01","vatID":"DE 813 076 768","numberOfEmployees":{"@type":"QuantitativeValue","minValue":"51","maxValue":"200"}},{"@type":"Person","@id":"https:\/\/www.snowtrex.pl\/magazyn\/#\/schema\/person\/8e389f383d57ca71d928d1ce1eebb566","name":"SnowTrex","description":"Redakcja magazynu SnowTrex sk\u0142ada si\u0119 z do\u015bwiadczonych mi\u0142o\u015bnik\u00f3w sport\u00f3w zimowych i ekspert\u00f3w turystycznych, kt\u00f3rzy dziel\u0105 si\u0119 swoj\u0105 pasj\u0105 w merytorycznych artyku\u0142ach na temat o\u015brodk\u00f3w narciarskich, sprz\u0119tu i wskaz\u00f3wek dotycz\u0105cych podr\u00f3\u017cy. Od 1999 roku SnowTrex jest wiod\u0105cym niemieckim organizatorem wyjazd\u00f3w narciarskich. Firma oferuje swoje us\u0142ugi w 13 j\u0119zykach i co roku zabiera ponad 100 000 go\u015bci do popularnych miejsc, takich jak Austria, Francja, W\u0142ochy, Szwajcaria i Niemcy.","sameAs":["https:\/\/www.snowtrex.pl\/","https:\/\/www.facebook.com\/snowtrex\/","https:\/\/www.instagram.com\/snowtrex_ski\/","https:\/\/www.youtube.com\/c\/SnowTrex"]}]}},"wp-worthy-pixel":{"ignored":false,"public":null,"server":null,"url":null},"wp-worthy-type":"normal","_links":{"self":[{"href":"https:\/\/www.snowtrex.pl\/magazyn\/wp-json\/wp\/v2\/posts\/17950","targetHints":{"allow":["GET"]}}],"collection":[{"href":"https:\/\/www.snowtrex.pl\/magazyn\/wp-json\/wp\/v2\/posts"}],"about":[{"href":"https:\/\/www.snowtrex.pl\/magazyn\/wp-json\/wp\/v2\/types\/post"}],"author":[{"embeddable":true,"href":"https:\/\/www.snowtrex.pl\/magazyn\/wp-json\/wp\/v2\/users\/175"}],"replies":[{"embeddable":true,"href":"https:\/\/www.snowtrex.pl\/magazyn\/wp-json\/wp\/v2\/comments?post=17950"}],"version-history":[{"count":11,"href":"https:\/\/www.snowtrex.pl\/magazyn\/wp-json\/wp\/v2\/posts\/17950\/revisions"}],"predecessor-version":[{"id":55441,"href":"https:\/\/www.snowtrex.pl\/magazyn\/wp-json\/wp\/v2\/posts\/17950\/revisions\/55441"}],"wp:featuredmedia":[{"embeddable":true,"href":"https:\/\/www.snowtrex.pl\/magazyn\/wp-json\/wp\/v2\/media\/21179"}],"wp:attachment":[{"href":"https:\/\/www.snowtrex.pl\/magazyn\/wp-json\/wp\/v2\/media?parent=17950"}],"wp:term":[{"taxonomy":"category","embeddable":true,"href":"https:\/\/www.snowtrex.pl\/magazyn\/wp-json\/wp\/v2\/categories?post=17950"},{"taxonomy":"post_tag","embeddable":true,"href":"https:\/\/www.snowtrex.pl\/magazyn\/wp-json\/wp\/v2\/tags?post=17950"}],"curies":[{"name":"wp","href":"https:\/\/api.w.org\/{rel}","templated":true}]}}