{"id":18323,"date":"2024-01-23T01:00:00","date_gmt":"2024-01-23T00:00:00","guid":{"rendered":"https:\/\/www.snowtrex.pl\/magazyn\/?p=18323"},"modified":"2025-08-22T11:58:36","modified_gmt":"2025-08-22T09:58:36","slug":"znane-trasy-pucharu-swiata","status":"publish","type":"post","link":"https:\/\/www.snowtrex.pl\/magazyn\/osrodki-narciarskie\/znane-trasy-pucharu-swiata\/","title":{"rendered":"\u015aladami zawodowc\u00f3w: najbardziej znane trasy Pucharu \u015awiata"},"content":{"rendered":"<p><strong>Ka\u017cdego roku jesieni\u0105 elita narciarstwa rozpoczyna zmagania w Pucharze \u015awiata. Trasy, po kt\u00f3rych \u015bciga\u0107 si\u0119 b\u0119d\u0105 zawodowcy, s\u0105 uwa\u017cane za &#8222;sprawdzian odwagi&#8221; dla ka\u017cdego ambitnego sportowca zimowego. <a href=\"https:\/\/www.snowtrex.pl\/\" target=\"_blank\" rel=\"noopener\">SnowTrex<\/a> przygotowa\u0142 najbardziej znane trasy zjazdowe Pucharu \u015awiata, kt\u00f3re nadaj\u0105 si\u0119 r\u00f3wnie\u017c dla amator\u00f3w. Kto o\u015bmieli si\u0119 na zjazd jedn\u0105 z tych tras?<\/strong><\/p>\n<div class=\"tt-post-image-wrapper tt-post-image-wrapper-full\">\n            <div class=\"tt-image-copyright-container\">\n                <a href=\"https:\/\/www.snowtrex.pl\/magazyn\/files\/2023\/01\/RS26604_shutterstock_1401745709-scr.jpg\" target=\"_blank\" rel=\"noopener\"><img loading=\"lazy\" decoding=\"async\" data-wrapped=\"true\" class=\"wp-image-53582 size-Artikelbild_gro\u00df\" title=\"Marcel Hirscher: Na trasie Audi FIS Pucharu \u015awiata w narciarstwie alpejskim.\" src=\"https:\/\/www.snowtrex.pl\/magazyn\/files\/2023\/01\/RS26604_shutterstock_1401745709-scr-729x486.jpg\" alt=\"Marcel Hirscher: Na trasie Audi FIS Pucharu \u015awiata w narciarstwie alpejskim.\" width=\"729\" height=\"486\" srcset=\"https:\/\/www.snowtrex.pl\/magazyn\/files\/2023\/01\/RS26604_shutterstock_1401745709-scr-729x486.jpg 729w, https:\/\/www.snowtrex.pl\/magazyn\/files\/2023\/01\/RS26604_shutterstock_1401745709-scr-300x200.jpg 300w, https:\/\/www.snowtrex.pl\/magazyn\/files\/2023\/01\/RS26604_shutterstock_1401745709-scr-1024x683.jpg 1024w, https:\/\/www.snowtrex.pl\/magazyn\/files\/2023\/01\/RS26604_shutterstock_1401745709-scr-600x400.jpg 600w, https:\/\/www.snowtrex.pl\/magazyn\/files\/2023\/01\/RS26604_shutterstock_1401745709-scr-468x312.jpg 468w, https:\/\/www.snowtrex.pl\/magazyn\/files\/2023\/01\/RS26604_shutterstock_1401745709-scr-999x666.jpg 999w, https:\/\/www.snowtrex.pl\/magazyn\/files\/2023\/01\/RS26604_shutterstock_1401745709-scr-645x430.jpg 645w, https:\/\/www.snowtrex.pl\/magazyn\/files\/2023\/01\/RS26604_shutterstock_1401745709-scr-552x368.jpg 552w, https:\/\/www.snowtrex.pl\/magazyn\/files\/2023\/01\/RS26604_shutterstock_1401745709-scr-405x270.jpg 405w, https:\/\/www.snowtrex.pl\/magazyn\/files\/2023\/01\/RS26604_shutterstock_1401745709-scr-336x224.jpg 336w, https:\/\/www.snowtrex.pl\/magazyn\/files\/2023\/01\/RS26604_shutterstock_1401745709-scr-276x184.jpg 276w, https:\/\/www.snowtrex.pl\/magazyn\/files\/2023\/01\/RS26604_shutterstock_1401745709-scr-234x156.jpg 234w, https:\/\/www.snowtrex.pl\/magazyn\/files\/2023\/01\/RS26604_shutterstock_1401745709-scr-192x128.jpg 192w, https:\/\/www.snowtrex.pl\/magazyn\/files\/2023\/01\/RS26604_shutterstock_1401745709-scr-120x80.jpg 120w, https:\/\/www.snowtrex.pl\/magazyn\/files\/2023\/01\/RS26604_shutterstock_1401745709-scr-30x20.jpg 30w, https:\/\/www.snowtrex.pl\/magazyn\/files\/2023\/01\/RS26604_shutterstock_1401745709-scr.jpg 1440w\" sizes=\"(min-width: 1009px) 729px, (min-width: 819px) 594px, (min-width: 569px) 729px, (min-width: 449px) 468px, 348px\" \/><\/a><div class=\"tt-image-copyright\" data-image-id=\"53582\">\u00a9 PHOTOMDP\/Shutterstock<\/div>\n            <\/div>\n            <div class=\"tt-post-caption\">Marcel Hirscher: Na trasie Audi FIS Pucharu \u015awiata w narciarstwie alpejskim.<\/div>\n         <\/div > \n<div class=\"tt-table-of-content\">\n                <span class=\"tt-icon-circle-up tt-table-of-content-button\"><\/span><\/p>\n<div class=\"tt-table-of-content-caption\">\n                    Spis tre\u015bci\n                <\/div>\n<div class=\"tt-table-of-content-body\">\n                    <a href=\"#przegl\u0105d-tras-pucharu-\u015awiata\"><span class=\"layer-0\">Przegl\u0105d tras Pucharu \u015awiata<\/span><\/a><a href=\"#lauberhorn--wengenszwajcaria\"><span class=\"layer-0\">Lauberhorn \u2013 Wengen\/Szwajcaria<\/span><\/a><a href=\"#saslong---val-gardenaw\u0142ochy\"><span class=\"layer-0\">Saslong &#8211; Val Gardena\/W\u0142ochy<\/span><\/a><a href=\"#streif---kitzb\u00fchelaustria\"><span class=\"layer-0\">Streif &#8211; Kitzb\u00fchel\/Austria<\/span><\/a><a href=\"#planai---schladmingaustria\"><span class=\"layer-0\">Planai &#8211; Schladming\/Austria<\/span><\/a><a href=\"#kandahar---garmisch-partenkirchenniemcy\"><span class=\"layer-0\">Kandahar &#8211; Garmisch-Partenkirchen\/Niemcy<\/span><\/a><a href=\"#chuenisb\u00e4rgli---adelbodenszwajcaria\"><span class=\"layer-0\">Chuenisb\u00e4rgli &#8211; Adelboden\/Szwajcaria<\/span><\/a><a href=\"#olimpijski-zjazd-w-d\u00f3\u0142---cortina-d'ampezzow\u0142ochy\"><span class=\"layer-0\">Olimpijski zjazd w d\u00f3\u0142 &#8211; Cortina d&#8217;Ampezzo\/W\u0142ochy<\/span><\/a><a href=\"#pista-stelvio---bormiow\u0142ochy\"><span class=\"layer-0\">Pista Stelvio &#8211; Bormio\/W\u0142ochy<\/span><\/a><a href=\"#gran-risa---alta-badiaw\u0142ochy\"><span class=\"layer-0\">Gran Risa &#8211; Alta Badia\/W\u0142ochy<\/span><\/a><a href=\"#oreiller-killy---val-d'is\u00e8refrancja\"><span class=\"layer-0\">Oreiller-Killy &#8211; Val d&#8217;Is\u00e8re\/Francja<\/span><\/a>\n                 <\/div>\n<\/p><\/div>\n<hr>\n<h2 id=\"przegl\u0105d-tras-pucharu-\u015awiata\">Przegl\u0105d tras Pucharu \u015awiata<\/h2>\n\n<table id=\"tablepress-12\" class=\"tablepress tablepress-id-12\">\n<thead>\n<tr class=\"row-1\">\n\t<th class=\"column-1\"><strong>Trasy<\/strong><\/th><th class=\"column-2\"><strong>O\u015brodek<\/strong><\/th><th class=\"column-3\"><strong>Kraj<\/strong><\/th>\n<\/tr>\n<\/thead>\n<tbody class=\"row-striping row-hover\">\n<tr class=\"row-2\">\n\t<td class=\"column-1\">Lauberhorn<\/td><td class=\"column-2\">Wengen<\/td><td class=\"column-3\">Szwajcaria<\/td>\n<\/tr>\n<tr class=\"row-3\">\n\t<td class=\"column-1\">Saslong<\/td><td class=\"column-2\">Gr\u00f6den<\/td><td class=\"column-3\">W\u0142ochy<\/td>\n<\/tr>\n<tr class=\"row-4\">\n\t<td class=\"column-1\">Streif<\/td><td class=\"column-2\">Kitzb\u00fchel<\/td><td class=\"column-3\">Austria<\/td>\n<\/tr>\n<tr class=\"row-5\">\n\t<td class=\"column-1\">Planai<\/td><td class=\"column-2\">Schladming<\/td><td class=\"column-3\">Austria<\/td>\n<\/tr>\n<tr class=\"row-6\">\n\t<td class=\"column-1\">Kandahar<\/td><td class=\"column-2\">Garmisch-Partenkirchen<\/td><td class=\"column-3\">Niemcy<\/td>\n<\/tr>\n<tr class=\"row-7\">\n\t<td class=\"column-1\">Chuenisb\u00e4rgli<\/td><td class=\"column-2\">Adelboden<\/td><td class=\"column-3\">Szwajcaria<\/td>\n<\/tr>\n<tr class=\"row-8\">\n\t<td class=\"column-1\">Olympia-Abfahrt<\/td><td class=\"column-2\">Cortina d\u2019Ampezzo<\/td><td class=\"column-3\">W\u0142ochy<\/td>\n<\/tr>\n<tr class=\"row-9\">\n\t<td class=\"column-1\">Pista Stelvio<\/td><td class=\"column-2\">Bormio<\/td><td class=\"column-3\">W\u0142ochy<\/td>\n<\/tr>\n<tr class=\"row-10\">\n\t<td class=\"column-1\">Gran Risa<\/td><td class=\"column-2\">Alta Badia<\/td><td class=\"column-3\">W\u0142ochy<\/td>\n<\/tr>\n<tr class=\"row-11\">\n\t<td class=\"column-1\">Oreiller-Killy<\/td><td class=\"column-2\">Val d\u2019Is\u00e8re<\/td><td class=\"column-3\">Francja<\/td>\n<\/tr>\n<\/tbody>\n<\/table>\n<!-- #tablepress-12 from cache -->\n<h2 id=\"lauberhorn--wengenszwajcaria\">Lauberhorn \u2013 Wengen\/Szwajcaria<\/h2>\n<p>Lauberhorn jest najd\u0142u\u017cszym zjazdem w Pucharze \u015awiata w <a href=\"https:\/\/www.snowtrex.pl\/szwajcaria\/wengen\/narty.html\">Wengen<\/a> i ma nieca\u0142e 4,5 km. Ponadto osi\u0105gane s\u0105 tutaj najwy\u017csze \u015brednie pr\u0119dko\u015bci w obecnej konkurencji. Maksymalne nachylenie 42 procent nie jest tak wysokie jak na innych trasach. Cech\u0105 charakterystyczn\u0105 trasy Pucharu \u015awiata ze spektakularnym widokiem na Eiger jest prze\u0142\u0119cz przy Hundskopf, przebiegaj\u0105ca mi\u0119dzy dwoma ska\u0142ami. Kolejne s\u0142ynne prze\u0142\u0119cze to Minschkante, Canadian Corner i Finish-S, kt\u00f3re na sam koniec wymagaj\u0105 od narciarzy nie lada kondycji.<\/p>\n<h2 id=\"saslong---val-gardenaw\u0142ochy\">Saslong &#8211; Val Gardena\/W\u0142ochy<\/h2>\n<p>Trasa Pucharu \u015awiata pod Langkofel jest znany ze swoich muld, jednego z najbardziej znanych odcink\u00f3w Pucharu \u015awiata. Po\u0142\u0105czenie trzech wzniesie\u0144, pierwotnie nazywane &#8222;skokiem kangura&#8221;, znajduje si\u0119 w przybli\u017ceniu na \u015brodku trasy Pucharu \u015awiata. Szczeg\u00f3lnie drugie i trzecie skoki s\u0105 trudne do wykonania. I nawet po przekroczeniu linii mety, koncentracja jest nadal wymagana: ostatni odcinek jest szczeg\u00f3lnie w\u0105ski. Przed laty przewag\u0119 na Slalong mieli przede wszystkim s\u0142absi narciarze z wy\u017cszymi numerami startowymi: po po\u0142udniu s\u0142o\u0144ce wychodzi za Langkofel i trasa staje si\u0119 szybsza. Problem zosta\u0142 jednak rozwi\u0105zany dzi\u0119ki zmianie czasu zjazdu.<\/p>\n<h2 id=\"streif---kitzb\u00fchelaustria\">Streif &#8211; Kitzb\u00fchel\/Austria<\/h2>\n<p>Jest to prawdopodobnie jedna z najbardziej znanych tras &#8211; nie tylko ze wzgl\u0119du na s\u0142awnych narciarzy, kt\u00f3rzy rywalizuj\u0105 ze sob\u0105 w <a href=\"https:\/\/www.snowtrex.pl\/austria\/kitzbuhel\/narty.html\">Kitzb\u00fchel<\/a> podczas wy\u015bcigu Hahnenkamm. I zdecydowanie wzbudza najwi\u0119kszy respekt. Do 85% nachylenia, skoki o szeroko\u015bci do 80 m, pr\u0119dko\u015b\u0107 maksymalna do 140 km\/h &#8211; wy\u015bcig Hahnenkamm jest jednym z najtrudniejszych na \u015bwiecie. Streif o d\u0142ugo\u015bci 3312 m posiada wszystkie elementy klasycznego zjazdu: ostre kraw\u0119dzie terenu, strome zbocza, ostre zakr\u0119ty, spektakularne wzniesienia, kr\u00f3tkie podjazdy. Mausefalle&#8221; o nachyleniu 85%, strome zbocze i Hausbergkante uwa\u017cane s\u0105 za odcinki krytyczne. Przeci\u0119tni narciarze mog\u0105 je omin\u0105\u0107 tak samo jak dwaj pozostali &#8211; s\u0105 one oznaczone jako &#8222;ekstremalne trasy narciarskie&#8221;. Czerwona trasa &#8222;Streif-Familienabfahrt&#8221; biegnie wok\u00f3\u0142 niego. Szansa dla ka\u017cdego, by poczu\u0107 atmosfer\u0119 Pucharu \u015awiata.<\/p>\n<div class=\"tt-post-image-wrapper tt-post-image-wrapper-full\">\n            <div class=\"tt-image-copyright-container\">\n                <a href=\"https:\/\/www.snowtrex.pl\/magazyn\/files\/2021\/07\/RS26617_shutterstock_248314978-scr.jpg\" target=\"_blank\" rel=\"noopener\"><img loading=\"lazy\" decoding=\"async\" data-wrapped=\"true\" class=\"wp-image-55368 size-Artikelbild_gro\u00df\" title=\"Ko\u0144cowa strefa legendarnego wy\u015bcigu Hahnenkamm w o\u015brodku narciarskim Kitzb\u00fchel.\" src=\"https:\/\/www.snowtrex.pl\/magazyn\/files\/2021\/07\/RS26617_shutterstock_248314978-scr-729x486.jpg\" alt=\"Ko\u0144cowa strefa legendarnego wy\u015bcigu Hahnenkamm w o\u015brodku narciarskim Kitzb\u00fchel.\" width=\"729\" height=\"486\" srcset=\"https:\/\/www.snowtrex.pl\/magazyn\/files\/2021\/07\/RS26617_shutterstock_248314978-scr-729x486.jpg 729w, https:\/\/www.snowtrex.pl\/magazyn\/files\/2021\/07\/RS26617_shutterstock_248314978-scr-468x312.jpg 468w, https:\/\/www.snowtrex.pl\/magazyn\/files\/2021\/07\/RS26617_shutterstock_248314978-scr-300x200.jpg 300w, https:\/\/www.snowtrex.pl\/magazyn\/files\/2021\/07\/RS26617_shutterstock_248314978-scr-999x666.jpg 999w, https:\/\/www.snowtrex.pl\/magazyn\/files\/2021\/07\/RS26617_shutterstock_248314978-scr-645x430.jpg 645w, https:\/\/www.snowtrex.pl\/magazyn\/files\/2021\/07\/RS26617_shutterstock_248314978-scr-552x368.jpg 552w, https:\/\/www.snowtrex.pl\/magazyn\/files\/2021\/07\/RS26617_shutterstock_248314978-scr-405x270.jpg 405w, https:\/\/www.snowtrex.pl\/magazyn\/files\/2021\/07\/RS26617_shutterstock_248314978-scr-336x224.jpg 336w, https:\/\/www.snowtrex.pl\/magazyn\/files\/2021\/07\/RS26617_shutterstock_248314978-scr-276x184.jpg 276w, https:\/\/www.snowtrex.pl\/magazyn\/files\/2021\/07\/RS26617_shutterstock_248314978-scr-234x156.jpg 234w, https:\/\/www.snowtrex.pl\/magazyn\/files\/2021\/07\/RS26617_shutterstock_248314978-scr-192x128.jpg 192w, https:\/\/www.snowtrex.pl\/magazyn\/files\/2021\/07\/RS26617_shutterstock_248314978-scr-120x80.jpg 120w\" sizes=\"(min-width: 1009px) 729px, (min-width: 819px) 594px, (min-width: 569px) 729px, (min-width: 449px) 468px, 348px\" \/><\/a><div class=\"tt-image-copyright\" data-image-id=\"55368\">\u00a9 bofotolux\/Shutterstock<\/div>\n            <\/div>\n            <div class=\"tt-post-caption\">Ko\u0144cowa strefa legendarnego wy\u015bcigu Hahnenkamm w o\u015brodku narciarskim Kitzb\u00fchel.<\/div>\n         <\/div > \n<h2 id=\"planai---schladmingaustria\">Planai &#8211; Schladming\/Austria<\/h2>\n<p>Miejscowa g\u00f3ra Schladming, Planai, jest od wielu lat miejscem, w kt\u00f3rym odbywaj\u0105 si\u0119 Mistrzostwa \u015awiata w Narciarstwie alpejskim. Poniewa\u017c to w\u0142a\u015bnie &#8222;nocny wy\u015bcig&#8221; przyci\u0105ga co roku najwi\u0119ksz\u0105 liczb\u0119 widz\u00f3w w ca\u0142ym Pucharze \u015awiata: do 60.000 os\u00f3b przekszta\u0142ca tamtejszy teren narciarski w morze kolor\u00f3w. Po ostatnim wy\u015bcigu o Puchar \u015awiata, kt\u00f3ry odby\u0142 si\u0119 tutaj w 1990 roku, <a href=\"https:\/\/www.snowtrex.pl\/austria\/schladming-dachstein_region\/schladming\/narty.html\" target=\"_blank\" rel=\"noopener noreferrer\">Schladming<\/a> powr\u00f3ci\u0142 do kalendarza wy\u015bcig\u00f3w w 1997 roku. Od 2001 roku nocny wy\u015bcig zawsze odbywa si\u0119 we wtorek po wy\u015bcigu Hahnenkamm.<\/p>\n<div class=\"tt-post-image-wrapper tt-post-image-wrapper-full\">\n            <div class=\"tt-image-copyright-container\">\n                <a href=\"https:\/\/www.snowtrex.pl\/magazyn\/files\/2021\/07\/RS26675_shutterstock_1885320346-scr.jpg\" target=\"_blank\" rel=\"noopener\"><img loading=\"lazy\" decoding=\"async\" data-wrapped=\"true\" class=\"wp-image-55311 size-Artikelbild_gro\u00df\" title=\"S\u0142ynna meta wy\u015bcigu Planai.\" src=\"https:\/\/www.snowtrex.pl\/magazyn\/files\/2021\/07\/RS26675_shutterstock_1885320346-scr-729x486.jpg\" alt=\"S\u0142ynna meta wy\u015bcigu Planai.\" width=\"729\" height=\"486\" srcset=\"https:\/\/www.snowtrex.pl\/magazyn\/files\/2021\/07\/RS26675_shutterstock_1885320346-scr-729x486.jpg 729w, https:\/\/www.snowtrex.pl\/magazyn\/files\/2021\/07\/RS26675_shutterstock_1885320346-scr-300x200.jpg 300w, https:\/\/www.snowtrex.pl\/magazyn\/files\/2021\/07\/RS26675_shutterstock_1885320346-scr-1024x683.jpg 1024w, https:\/\/www.snowtrex.pl\/magazyn\/files\/2021\/07\/RS26675_shutterstock_1885320346-scr-600x400.jpg 600w, https:\/\/www.snowtrex.pl\/magazyn\/files\/2021\/07\/RS26675_shutterstock_1885320346-scr-468x312.jpg 468w, https:\/\/www.snowtrex.pl\/magazyn\/files\/2021\/07\/RS26675_shutterstock_1885320346-scr-999x666.jpg 999w, https:\/\/www.snowtrex.pl\/magazyn\/files\/2021\/07\/RS26675_shutterstock_1885320346-scr-645x430.jpg 645w, https:\/\/www.snowtrex.pl\/magazyn\/files\/2021\/07\/RS26675_shutterstock_1885320346-scr-552x368.jpg 552w, https:\/\/www.snowtrex.pl\/magazyn\/files\/2021\/07\/RS26675_shutterstock_1885320346-scr-405x270.jpg 405w, https:\/\/www.snowtrex.pl\/magazyn\/files\/2021\/07\/RS26675_shutterstock_1885320346-scr-336x224.jpg 336w, https:\/\/www.snowtrex.pl\/magazyn\/files\/2021\/07\/RS26675_shutterstock_1885320346-scr-276x184.jpg 276w, https:\/\/www.snowtrex.pl\/magazyn\/files\/2021\/07\/RS26675_shutterstock_1885320346-scr-234x156.jpg 234w, https:\/\/www.snowtrex.pl\/magazyn\/files\/2021\/07\/RS26675_shutterstock_1885320346-scr-192x128.jpg 192w, https:\/\/www.snowtrex.pl\/magazyn\/files\/2021\/07\/RS26675_shutterstock_1885320346-scr-120x80.jpg 120w, https:\/\/www.snowtrex.pl\/magazyn\/files\/2021\/07\/RS26675_shutterstock_1885320346-scr-30x20.jpg 30w, https:\/\/www.snowtrex.pl\/magazyn\/files\/2021\/07\/RS26675_shutterstock_1885320346-scr.jpg 1440w\" sizes=\"(min-width: 1009px) 729px, (min-width: 819px) 594px, (min-width: 569px) 729px, (min-width: 449px) 468px, 348px\" \/><\/a><div class=\"tt-image-copyright\" data-image-id=\"55311\">\u00a9 Dietmar Rauscher\/Shutterstock<\/div>\n            <\/div>\n            <div class=\"tt-post-caption\">S\u0142ynna meta wy\u015bcigu Planai.<\/div>\n         <\/div > \n<h2 id=\"kandahar---garmisch-partenkirchenniemcy\">Kandahar &#8211; Garmisch-Partenkirchen\/Niemcy<\/h2>\n<p>Legendarny Kandahar jest cz\u0119\u015bci\u0105 tras Pucharu \u015awiata od 2009 roku i posiada najbardziej strom\u0105 sekcj\u0119 wszystkich zjazd\u00f3w z Pucharu \u015awiata: z niewiarygodnym nachyleniem 92%,kt\u00f3re zmusza narciarzy do wyt\u0119\u017conej pracy nawet przed sam\u0105 met\u0105. Nic dziwnego, \u017ce ten odcinek nosi nazw\u0119 &#8222;free fall&#8221;. Pozosta\u0142e odcinki s\u0105 r\u00f3wnie\u017c wyj\u0105tkowe: na zboczu Tr\u00f6g jest nachylenie 63%, co pozwala na przyspieszenie do 140 km\/h wkr\u00f3tce po starcie. Mocne nerwy i nogi to podstawa!<\/p>\n<h2 id=\"chuenisb\u00e4rgli---adelbodenszwajcaria\">Chuenisb\u00e4rgli &#8211; Adelboden\/Szwajcaria<\/h2>\n<p>Slalom gigant w Chuenisb\u00e4rgli nad Adelboden jest uwa\u017cany za jeden z najtrudniejszych na \u015bwiecie. Opr\u00f3cz <a href=\"https:\/\/www.snowtrex.pl\/szwajcaria\/adelboden\/narty.html\">Adelboden<\/a>, tylko Kitzb\u00fchel i Wengen s\u0105 obecne w kalendarzu imprez od pocz\u0105tku Pucharu \u015awiata w 1967 roku. Za ka\u017cdym razem oko\u0142o 40.000 odwiedzaj\u0105cych szturmuje to niewielkie miasteczko. Stoki startowe i mety s\u0105 szczeg\u00f3lnie strome, a stoki Pucharu \u015awiata mocno nachylone. Na tutejszej g\u00f3rze Adelboden dost\u0119pnych jest kilka r\u00f3\u017cnych wariant\u00f3w toru: do wy\u015bcig\u00f3w Pucharu \u015awiata, ale tak\u017ce do Pucharu Europy i innych imprez FIS.<\/p>\n<h2 id=\"olimpijski-zjazd-w-d\u00f3\u0142---cortina-d'ampezzow\u0142ochy\">Olimpijski zjazd w d\u00f3\u0142 &#8211; Cortina d&#8217;Ampezzo\/W\u0142ochy<\/h2>\n<p>Mimo ca\u0142ej pr\u0119dko\u015bci, jak\u0105 mo\u017cna pokaza\u0107 na olimpijskim zje\u017adzie w <a href=\"https:\/\/www.snowtrex.pl\/wlochy\/cortina_dampezzo\/narty.html\">Cortina d&#8217;Ampezzo<\/a>, nie mo\u017cna tu przegapi\u0107 wspania\u0142ego widoku. Trasa znajduje si\u0119 w regionie Dolomit\u00f3w wpisanym na List\u0119 \u015awiatowego Dziedzictwa UNESCO i oferuje zapieraj\u0105ce dech w piersiach widoki ze wzgl\u0119du na swoje s\u0142oneczne po\u0142o\u017cenie. Jest to jeden z najpi\u0119kniejszych i najbardziej popularnych kurs\u00f3w Pucharu \u015awiata. Profesjonali\u015bci wy\u015bcig\u00f3w narciarskich startuj\u0105 na wysoko\u015bci oko\u0142o 2.300 m bezpo\u015brednio pod Tofane.<\/p>\n<h2 id=\"pista-stelvio---bormiow\u0142ochy\">Pista Stelvio &#8211; Bormio\/W\u0142ochy<\/h2>\n<p>Strome, szybkie, kr\u0119te &#8211; to Pista Stelvio we w\u0142oskim <a href=\"https:\/\/www.snowtrex.pl\/wlochy\/bormio\/narty.html\">Bormio<\/a>. Zazwyczaj na kr\u00f3tko przed prze\u0142omem roku m\u0119\u017cczy\u017ani organizuj\u0105 tu wy\u015bcig o Puchar \u015awiata. La Stelvio&#8221;, jak nazywaj\u0105 to W\u0142osi, jest kochany i nienawidzony, poniewa\u017c nie wybacza absolutnie nic. Pocz\u0105tek ju\u017c zapiera dech w piersiach: przy nachyleniu 63%, sygna\u0142 startu jest najbardziej stromy w zawodach. Dwa szybkie zakr\u0119ty prowadz\u0105 bezpo\u015brednio do skoczni Rocca na pocz\u0105tku. Decyduj\u0105cym odcinkiem toru jest trawers Carcentina, najszybszy strza\u0142 San Pietro, kt\u00f3ry jest inicjowany przez skok San Pietro.<\/p>\n<h2 id=\"gran-risa---alta-badiaw\u0142ochy\">Gran Risa &#8211; Alta Badia\/W\u0142ochy<\/h2>\n<p>Narciarze na Gran Risie w <a href=\"https:\/\/www.snowtrex.pl\/wlochy\/alta_badia\/narty.html\">Alta Badia<\/a> nie maj\u0105 si\u0119 z czego \u015bmia\u0107, jak sugeruje w\u0142oska nazwa tej trasy. Ca\u0142a d\u0142ugo\u015b\u0107 stoku prowadzi przez \u015bcie\u017ck\u0119 w lesie sosnowym. Ze wzgl\u0119du na po\u0142o\u017cenie w cieniu, tor przypomina zwykle p\u0142yt\u0119 lodow\u0105. Od 1990 roku Alta Badia jest corocznym miejscem rozgrywek Pucharu \u015awiata.<\/p>\n<h2 id=\"oreiller-killy---val-d'is\u00e8refrancja\">Oreiller-Killy &#8211; Val d&#8217;Is\u00e8re\/Francja<\/h2>\n<p>Nazwa toru pochodzi od francuskich legend narciarskich Henri Oreillera i Jean-Claude&#8217;a Killy&#8217;ego. Zbocze O.-K. z pewno\u015bci\u0105 nie nale\u017cy do najbardziej wymagaj\u0105cych, ale obok Saslong, Lauberhorn downhill run, Streif i Kandahar jest to jedna z klasyk\u00f3w Pucharu \u015awiata. Zosta\u0142 on stworzony na igrzyska olimpijskie w 1992 r. Dzi\u015b odbywaj\u0105 si\u0119 tu tylko zawody kobiet. Ludzie je\u017cd\u017c\u0105 na &#8222;Face de Bellevarde&#8221;. Od 1968\/69 r. &#8222;kryterium pierwszego \u015bniegu&#8221; &#8211; nazwa corocznego wy\u015bcigu w <a href=\"https:\/\/www.snowtrex.pl\/francja\/val_disere\/narty.html\">Val d&#8217;Is\u00e8re<\/a> &#8211; nale\u017cy do Pucharu \u015awiata.<\/p>\n<p>Masz szacunek? Nie martw si\u0119. Cz\u0119sto to w\u0142a\u015bnie trasa i przygotowania do Pucharu \u015awiata sprawiaj\u0105, \u017ce trasy te s\u0105 tak zdradliwe. W normalnym stanie, s\u0105 one r\u00f3wnie\u017c zdatne do przej\u015bcia dla sportowc\u00f3w hobbyst\u00f3w. Mog\u0105 teraz wyruszy\u0107 na w\u0142asn\u0105 tras\u0119 po Pucharze \u015awiata i cieszy\u0107 si\u0119 trasami wed\u0142ug w\u0142asnego uznania, bez konieczno\u015bci trzymania si\u0119 <a href=\"https:\/\/www.snowtrex.pl\/magazyn\/reportaze-wywiady\/dyscypliny-narciarskie\/\">dyscyplin Pucharu \u015awiata<\/a>.<\/p>\n","protected":false},"excerpt":{"rendered":"<p>Ka\u017cdego roku jesieni\u0105 elita narciarstwa rozpoczyna zmagania w Pucharze \u015awiata. Trasy, po kt\u00f3rych \u015bciga\u0107 si\u0119 b\u0119d\u0105 zawodowcy, s\u0105 uwa\u017cane za &#8222;sprawdzian odwagi&#8221; dla ka\u017cdego ambitnego sportowca zimowego. SnowTrex przygotowa\u0142 najbardziej znane trasy zjazdowe Pucharu \u015awiata, kt\u00f3re nadaj\u0105 si\u0119 r\u00f3wnie\u017c dla amator\u00f3w. Kto o\u015bmieli si\u0119 na zjazd jedn\u0105 z tych tras?<\/p>\n","protected":false},"author":175,"featured_media":53582,"comment_status":"closed","ping_status":"closed","sticky":false,"template":"","format":"standard","meta":{"footnotes":""},"categories":[4],"tags":[5358,5872,5743,5766,271,52,5787,994,5682,5816,5255,95,99,5735,257,5398,5817,44,5259,5770,5367,5695,5479,5772,28,5674,5746,5760,5811,5630,5820,5304,53,5747],"class_list":["post-18323","post","type-post","status-publish","format-standard","has-post-thumbnail","hentry","category-osrodki-narciarskie","tag-adelboden","tag-adelboden-lenk","tag-alpy-bawarskie","tag-alpy_kitzbuhelskie","tag-alta_badia","tag-austria","tag-bernenski-oberland","tag-bormio","tag-cadore","tag-cortina_dampezzo","tag-corvara","tag-francja","tag-garmisch-partenkirchen","tag-jungfrau_region","tag-kitzbuhel","tag-la_val_wengen","tag-lombardia","tag-niemcy","tag-pedraces","tag-sabaudia","tag-schladming","tag-schladming-dachstein","tag-sondrio","tag-styria","tag-szwajcaria","tag-tignes-val-disere","tag-tyrol","tag-tyrol-poludniowy","tag-val_disere","tag-val_gardena","tag-wenecja","tag-wengen","tag-wlochy","tag-zugspitze"],"yoast_head":"<!-- This site is optimized with the Yoast SEO Premium plugin v27.3 (Yoast SEO v27.3) - https:\/\/yoast.com\/product\/yoast-seo-premium-wordpress\/ -->\n<title>S\u0142ynne trasy Pucharu \u015awiata - Biegi zjazdowe: od Kandaharu do Streif<\/title>\n<meta name=\"description\" content=\"SnowTrex przedstawia znane trasy Pucharu \u015awiata, z kt\u00f3rych mog\u0105 korzysta\u0107 tak\u017ce amatorzy. Kto odwa\u017cy si\u0119 na zjazd?\" \/>\n<meta name=\"robots\" content=\"index, follow, max-snippet:-1, max-image-preview:large, max-video-preview:-1\" \/>\n<link rel=\"canonical\" href=\"https:\/\/www.snowtrex.pl\/magazyn\/osrodki-narciarskie\/znane-trasy-pucharu-swiata\/\" \/>\n<meta property=\"og:locale\" content=\"pl_PL\" \/>\n<meta property=\"og:type\" content=\"article\" \/>\n<meta property=\"og:title\" content=\"\u015aladami zawodowc\u00f3w: najbardziej znane trasy Pucharu \u015awiata\" \/>\n<meta property=\"og:description\" content=\"Ka\u017cdego roku jesieni\u0105 elita narciarstwa rozpoczyna zmagania w Pucharze \u015awiata. Trasy, po kt\u00f3rych \u015bciga\u0107 si\u0119 b\u0119d\u0105 zawodowcy, s\u0105 uwa\u017cane za &quot;sprawdzian odwagi&quot; dla ka\u017cdego ambitnego sportowca zimowego. SnowTrex przygotowa\u0142 najbardziej znane trasy zjazdowe Pucharu \u015awiata, kt\u00f3re nadaj\u0105 si\u0119 r\u00f3wnie\u017c dla amator\u00f3w. Kto o\u015bmieli si\u0119 na zjazd jedn\u0105 z tych tras?\" \/>\n<meta property=\"og:url\" content=\"https:\/\/www.snowtrex.pl\/magazyn\/osrodki-narciarskie\/znane-trasy-pucharu-swiata\/\" \/>\n<meta property=\"og:site_name\" content=\"SnowTrex magazyn narciarski\" \/>\n<meta property=\"article:publisher\" content=\"https:\/\/www.facebook.com\/SnowTrex.de\/\" \/>\n<meta property=\"article:author\" content=\"https:\/\/www.facebook.com\/snowtrex\/\" \/>\n<meta property=\"article:published_time\" content=\"2024-01-23T00:00:00+00:00\" \/>\n<meta property=\"article:modified_time\" content=\"2025-08-22T09:58:36+00:00\" \/>\n<meta property=\"og:image\" content=\"https:\/\/www.snowtrex.pl\/magazyn\/files\/2023\/01\/RS26604_shutterstock_1401745709-scr.jpg\" \/>\n\t<meta property=\"og:image:width\" content=\"1440\" \/>\n\t<meta property=\"og:image:height\" content=\"960\" \/>\n\t<meta property=\"og:image:type\" content=\"image\/jpeg\" \/>\n<meta name=\"author\" content=\"SnowTrex\" \/>\n<meta name=\"twitter:label1\" content=\"Napisane przez\" \/>\n\t<meta name=\"twitter:data1\" content=\"SnowTrex\" \/>\n\t<meta name=\"twitter:label2\" content=\"Szacowany czas czytania\" \/>\n\t<meta name=\"twitter:data2\" content=\"7 minut\" \/>\n<script type=\"application\/ld+json\" class=\"yoast-schema-graph\">{\"@context\":\"https:\\\/\\\/schema.org\",\"@graph\":[{\"@type\":\"Article\",\"@id\":\"http:\\\/\\\/blog.snowtrex.com\\\/pl-magazin\\\/osrodki-narciarskie\\\/znane-trasy-pucharu-swiata\\\/#article\",\"isPartOf\":{\"@id\":\"http:\\\/\\\/blog.snowtrex.com\\\/pl-magazin\\\/osrodki-narciarskie\\\/znane-trasy-pucharu-swiata\\\/\"},\"author\":{\"name\":\"SnowTrex\",\"@id\":\"http:\\\/\\\/wp-magazin.snowtrex.pl\\\/#\\\/schema\\\/person\\\/8e389f383d57ca71d928d1ce1eebb566\"},\"headline\":\"\u015aladami zawodowc\u00f3w: najbardziej znane trasy Pucharu \u015awiata\",\"datePublished\":\"2024-01-23T00:00:00+00:00\",\"dateModified\":\"2025-08-22T09:58:36+00:00\",\"mainEntityOfPage\":{\"@id\":\"http:\\\/\\\/blog.snowtrex.com\\\/pl-magazin\\\/osrodki-narciarskie\\\/znane-trasy-pucharu-swiata\\\/\"},\"wordCount\":1157,\"publisher\":{\"@id\":\"http:\\\/\\\/wp-magazin.snowtrex.pl\\\/#organization\"},\"image\":{\"@id\":\"http:\\\/\\\/blog.snowtrex.com\\\/pl-magazin\\\/osrodki-narciarskie\\\/znane-trasy-pucharu-swiata\\\/#primaryimage\"},\"thumbnailUrl\":\"http:\\\/\\\/wp-magazin.snowtrex.pl\\\/files\\\/2023\\\/01\\\/RS26604_shutterstock_1401745709-scr.jpg\",\"keywords\":[\"Adelboden\",\"Adelboden-Lenk\",\"Alpy Bawarskie\",\"Alpy Kitzb\u00fchelskie\",\"Alta Badia\",\"Austria\",\"Berne\u0144ski Oberland\",\"Bormio\",\"Cadore\",\"Cortina d'Ampezzo\",\"Corvara\",\"Francja\",\"Garmisch-Partenkirchen\",\"Jungfrau Region\",\"Kitzb\u00fchel\",\"La Val - Wengen\",\"Lombardia\",\"Niemcy\",\"Pedraces\",\"Sabaudia\",\"Schladming\",\"Schladming-Dachstein\",\"Sondrio\",\"Styria\",\"Szwajcaria\",\"Tignes \u2013 Val d\u2019Is\u00e8re\",\"Tyrol\",\"Tyrol Po\u0142udniowy\",\"Val d'Is\u00e8re\",\"Val Gardena\",\"Wenecja\",\"Wengen\",\"W\u0142ochy\",\"Zugspitze\"],\"articleSection\":[\"O\u015brodki narciarskie\"],\"inLanguage\":\"pl-PL\"},{\"@type\":\"WebPage\",\"@id\":\"http:\\\/\\\/blog.snowtrex.com\\\/pl-magazin\\\/osrodki-narciarskie\\\/znane-trasy-pucharu-swiata\\\/\",\"url\":\"http:\\\/\\\/blog.snowtrex.com\\\/pl-magazin\\\/osrodki-narciarskie\\\/znane-trasy-pucharu-swiata\\\/\",\"name\":\"S\u0142ynne trasy Pucharu \u015awiata - Biegi zjazdowe: od Kandaharu do Streif\",\"primaryImageOfPage\":{\"@id\":\"http:\\\/\\\/blog.snowtrex.com\\\/pl-magazin\\\/osrodki-narciarskie\\\/znane-trasy-pucharu-swiata\\\/#primaryimage\"},\"image\":{\"@id\":\"http:\\\/\\\/blog.snowtrex.com\\\/pl-magazin\\\/osrodki-narciarskie\\\/znane-trasy-pucharu-swiata\\\/#primaryimage\"},\"thumbnailUrl\":\"http:\\\/\\\/wp-magazin.snowtrex.pl\\\/files\\\/2023\\\/01\\\/RS26604_shutterstock_1401745709-scr.jpg\",\"datePublished\":\"2024-01-23T00:00:00+00:00\",\"dateModified\":\"2025-08-22T09:58:36+00:00\",\"description\":\"SnowTrex przedstawia znane trasy Pucharu \u015awiata, z kt\u00f3rych mog\u0105 korzysta\u0107 tak\u017ce amatorzy. Kto odwa\u017cy si\u0119 na zjazd?\",\"inLanguage\":\"pl-PL\"},{\"@type\":\"ImageObject\",\"inLanguage\":\"pl-PL\",\"@id\":\"http:\\\/\\\/blog.snowtrex.com\\\/pl-magazin\\\/osrodki-narciarskie\\\/znane-trasy-pucharu-swiata\\\/#primaryimage\",\"url\":\"http:\\\/\\\/wp-magazin.snowtrex.pl\\\/files\\\/2023\\\/01\\\/RS26604_shutterstock_1401745709-scr.jpg\",\"contentUrl\":\"http:\\\/\\\/wp-magazin.snowtrex.pl\\\/files\\\/2023\\\/01\\\/RS26604_shutterstock_1401745709-scr.jpg\",\"width\":1440,\"height\":960},{\"@type\":\"WebSite\",\"@id\":\"http:\\\/\\\/wp-magazin.snowtrex.pl\\\/#website\",\"url\":\"http:\\\/\\\/wp-magazin.snowtrex.pl\\\/\",\"name\":\"SnowTrex magazyn narciarski\",\"description\":\"wszystko na temat narciarstwa, snowboardu i urlopu zimowego!\",\"publisher\":{\"@id\":\"http:\\\/\\\/wp-magazin.snowtrex.pl\\\/#organization\"},\"inLanguage\":\"pl-PL\"},{\"@type\":\"Organization\",\"@id\":\"http:\\\/\\\/wp-magazin.snowtrex.pl\\\/#organization\",\"name\":\"TravelTrex GmbH\",\"url\":\"http:\\\/\\\/wp-magazin.snowtrex.pl\\\/\",\"logo\":{\"@type\":\"ImageObject\",\"inLanguage\":\"pl-PL\",\"@id\":\"http:\\\/\\\/wp-magazin.snowtrex.pl\\\/#\\\/schema\\\/logo\\\/image\\\/\",\"url\":\"\",\"contentUrl\":\"\",\"caption\":\"TravelTrex GmbH\"},\"image\":{\"@id\":\"http:\\\/\\\/wp-magazin.snowtrex.pl\\\/#\\\/schema\\\/logo\\\/image\\\/\"},\"sameAs\":[\"https:\\\/\\\/www.facebook.com\\\/SnowTrex.de\\\/\",\"https:\\\/\\\/www.instagram.com\\\/snowtrex_ski\\\/\"],\"description\":\"Od 1999 roku SnowTrex jest wiod\u0105cym niemieckim organizatorem wyjazd\u00f3w narciarskich. Firma oferuje swoje us\u0142ugi w 13 j\u0119zykach i co roku zabiera ponad 100 000 go\u015bci do popularnych miejsc, takich jak Austria, Francja, W\u0142ochy, Szwajcaria i Niemcy.\",\"email\":\"info-pl@snowtrex.com\",\"telephone\":\"22 380 39 00\",\"legalName\":\"TravelTrex GmbH\",\"foundingDate\":\"1999-07-01\",\"vatID\":\"DE 813 076 768\",\"numberOfEmployees\":{\"@type\":\"QuantitativeValue\",\"minValue\":\"51\",\"maxValue\":\"200\"}},{\"@type\":\"Person\",\"@id\":\"http:\\\/\\\/wp-magazin.snowtrex.pl\\\/#\\\/schema\\\/person\\\/8e389f383d57ca71d928d1ce1eebb566\",\"name\":\"SnowTrex\",\"description\":\"Redakcja magazynu SnowTrex sk\u0142ada si\u0119 z do\u015bwiadczonych mi\u0142o\u015bnik\u00f3w sport\u00f3w zimowych i ekspert\u00f3w turystycznych, kt\u00f3rzy dziel\u0105 si\u0119 swoj\u0105 pasj\u0105 w merytorycznych artyku\u0142ach na temat o\u015brodk\u00f3w narciarskich, sprz\u0119tu i wskaz\u00f3wek dotycz\u0105cych podr\u00f3\u017cy. Od 1999 roku SnowTrex jest wiod\u0105cym niemieckim organizatorem wyjazd\u00f3w narciarskich. Firma oferuje swoje us\u0142ugi w 13 j\u0119zykach i co roku zabiera ponad 100 000 go\u015bci do popularnych miejsc, takich jak Austria, Francja, W\u0142ochy, Szwajcaria i Niemcy.\",\"sameAs\":[\"https:\\\/\\\/www.snowtrex.pl\\\/\",\"https:\\\/\\\/www.facebook.com\\\/snowtrex\\\/\",\"https:\\\/\\\/www.instagram.com\\\/snowtrex_ski\\\/\",\"https:\\\/\\\/www.youtube.com\\\/c\\\/SnowTrex\"]}]}<\/script>\n<!-- \/ Yoast SEO Premium plugin. -->","yoast_head_json":{"title":"S\u0142ynne trasy Pucharu \u015awiata - Biegi zjazdowe: od Kandaharu do Streif","description":"SnowTrex przedstawia znane trasy Pucharu \u015awiata, z kt\u00f3rych mog\u0105 korzysta\u0107 tak\u017ce amatorzy. Kto odwa\u017cy si\u0119 na zjazd?","robots":{"index":"index","follow":"follow","max-snippet":"max-snippet:-1","max-image-preview":"max-image-preview:large","max-video-preview":"max-video-preview:-1"},"canonical":"https:\/\/www.snowtrex.pl\/magazyn\/osrodki-narciarskie\/znane-trasy-pucharu-swiata\/","og_locale":"pl_PL","og_type":"article","og_title":"\u015aladami zawodowc\u00f3w: najbardziej znane trasy Pucharu \u015awiata","og_description":"Ka\u017cdego roku jesieni\u0105 elita narciarstwa rozpoczyna zmagania w Pucharze \u015awiata. Trasy, po kt\u00f3rych \u015bciga\u0107 si\u0119 b\u0119d\u0105 zawodowcy, s\u0105 uwa\u017cane za \"sprawdzian odwagi\" dla ka\u017cdego ambitnego sportowca zimowego. SnowTrex przygotowa\u0142 najbardziej znane trasy zjazdowe Pucharu \u015awiata, kt\u00f3re nadaj\u0105 si\u0119 r\u00f3wnie\u017c dla amator\u00f3w. Kto o\u015bmieli si\u0119 na zjazd jedn\u0105 z tych tras?","og_url":"https:\/\/www.snowtrex.pl\/magazyn\/osrodki-narciarskie\/znane-trasy-pucharu-swiata\/","og_site_name":"SnowTrex magazyn narciarski","article_publisher":"https:\/\/www.facebook.com\/SnowTrex.de\/","article_author":"https:\/\/www.facebook.com\/snowtrex\/","article_published_time":"2024-01-23T00:00:00+00:00","article_modified_time":"2025-08-22T09:58:36+00:00","og_image":[{"width":1440,"height":960,"url":"https:\/\/www.snowtrex.pl\/magazyn\/files\/2023\/01\/RS26604_shutterstock_1401745709-scr.jpg","type":"image\/jpeg"}],"author":"SnowTrex","twitter_misc":{"Napisane przez":"SnowTrex","Szacowany czas czytania":"7 minut"},"schema":{"@context":"https:\/\/schema.org","@graph":[{"@type":"Article","@id":"https:\/\/www.snowtrex.pl\/magazyn\/osrodki-narciarskie\/znane-trasy-pucharu-swiata\/#article","isPartOf":{"@id":"https:\/\/www.snowtrex.pl\/magazyn\/osrodki-narciarskie\/znane-trasy-pucharu-swiata\/"},"author":{"name":"SnowTrex","@id":"https:\/\/www.snowtrex.pl\/magazyn\/#\/schema\/person\/8e389f383d57ca71d928d1ce1eebb566"},"headline":"\u015aladami zawodowc\u00f3w: najbardziej znane trasy Pucharu \u015awiata","datePublished":"2024-01-23T00:00:00+00:00","dateModified":"2025-08-22T09:58:36+00:00","mainEntityOfPage":{"@id":"https:\/\/www.snowtrex.pl\/magazyn\/osrodki-narciarskie\/znane-trasy-pucharu-swiata\/"},"wordCount":1157,"publisher":{"@id":"https:\/\/www.snowtrex.pl\/magazyn\/#organization"},"image":{"@id":"https:\/\/www.snowtrex.pl\/magazyn\/osrodki-narciarskie\/znane-trasy-pucharu-swiata\/#primaryimage"},"thumbnailUrl":"https:\/\/www.snowtrex.pl\/magazyn\/files\/2023\/01\/RS26604_shutterstock_1401745709-scr.jpg","keywords":["Adelboden","Adelboden-Lenk","Alpy Bawarskie","Alpy Kitzb\u00fchelskie","Alta Badia","Austria","Berne\u0144ski Oberland","Bormio","Cadore","Cortina d'Ampezzo","Corvara","Francja","Garmisch-Partenkirchen","Jungfrau Region","Kitzb\u00fchel","La Val - Wengen","Lombardia","Niemcy","Pedraces","Sabaudia","Schladming","Schladming-Dachstein","Sondrio","Styria","Szwajcaria","Tignes \u2013 Val d\u2019Is\u00e8re","Tyrol","Tyrol Po\u0142udniowy","Val d'Is\u00e8re","Val Gardena","Wenecja","Wengen","W\u0142ochy","Zugspitze"],"articleSection":["O\u015brodki narciarskie"],"inLanguage":"pl-PL"},{"@type":"WebPage","@id":"https:\/\/www.snowtrex.pl\/magazyn\/osrodki-narciarskie\/znane-trasy-pucharu-swiata\/","url":"https:\/\/www.snowtrex.pl\/magazyn\/osrodki-narciarskie\/znane-trasy-pucharu-swiata\/","name":"S\u0142ynne trasy Pucharu \u015awiata - Biegi zjazdowe: od Kandaharu do Streif","primaryImageOfPage":{"@id":"https:\/\/www.snowtrex.pl\/magazyn\/osrodki-narciarskie\/znane-trasy-pucharu-swiata\/#primaryimage"},"image":{"@id":"https:\/\/www.snowtrex.pl\/magazyn\/osrodki-narciarskie\/znane-trasy-pucharu-swiata\/#primaryimage"},"thumbnailUrl":"https:\/\/www.snowtrex.pl\/magazyn\/files\/2023\/01\/RS26604_shutterstock_1401745709-scr.jpg","datePublished":"2024-01-23T00:00:00+00:00","dateModified":"2025-08-22T09:58:36+00:00","description":"SnowTrex przedstawia znane trasy Pucharu \u015awiata, z kt\u00f3rych mog\u0105 korzysta\u0107 tak\u017ce amatorzy. Kto odwa\u017cy si\u0119 na zjazd?","inLanguage":"pl-PL"},{"@type":"ImageObject","inLanguage":"pl-PL","@id":"https:\/\/www.snowtrex.pl\/magazyn\/osrodki-narciarskie\/znane-trasy-pucharu-swiata\/#primaryimage","url":"https:\/\/www.snowtrex.pl\/magazyn\/files\/2023\/01\/RS26604_shutterstock_1401745709-scr.jpg","contentUrl":"https:\/\/www.snowtrex.pl\/magazyn\/files\/2023\/01\/RS26604_shutterstock_1401745709-scr.jpg","width":1440,"height":960},{"@type":"WebSite","@id":"https:\/\/www.snowtrex.pl\/magazyn\/#website","url":"https:\/\/www.snowtrex.pl\/magazyn\/","name":"SnowTrex magazyn narciarski","description":"wszystko na temat narciarstwa, snowboardu i urlopu zimowego!","publisher":{"@id":"https:\/\/www.snowtrex.pl\/magazyn\/#organization"},"inLanguage":"pl-PL"},{"@type":"Organization","@id":"https:\/\/www.snowtrex.pl\/magazyn\/#organization","name":"TravelTrex GmbH","url":"https:\/\/www.snowtrex.pl\/magazyn\/","logo":{"@type":"ImageObject","inLanguage":"pl-PL","@id":"https:\/\/www.snowtrex.pl\/magazyn\/#\/schema\/logo\/image\/","url":"","contentUrl":"","caption":"TravelTrex GmbH"},"image":{"@id":"https:\/\/www.snowtrex.pl\/magazyn\/#\/schema\/logo\/image\/"},"sameAs":["https:\/\/www.facebook.com\/SnowTrex.de\/","https:\/\/www.instagram.com\/snowtrex_ski\/"],"description":"Od 1999 roku SnowTrex jest wiod\u0105cym niemieckim organizatorem wyjazd\u00f3w narciarskich. Firma oferuje swoje us\u0142ugi w 13 j\u0119zykach i co roku zabiera ponad 100 000 go\u015bci do popularnych miejsc, takich jak Austria, Francja, W\u0142ochy, Szwajcaria i Niemcy.","email":"info-pl@snowtrex.com","telephone":"22 380 39 00","legalName":"TravelTrex GmbH","foundingDate":"1999-07-01","vatID":"DE 813 076 768","numberOfEmployees":{"@type":"QuantitativeValue","minValue":"51","maxValue":"200"}},{"@type":"Person","@id":"https:\/\/www.snowtrex.pl\/magazyn\/#\/schema\/person\/8e389f383d57ca71d928d1ce1eebb566","name":"SnowTrex","description":"Redakcja magazynu SnowTrex sk\u0142ada si\u0119 z do\u015bwiadczonych mi\u0142o\u015bnik\u00f3w sport\u00f3w zimowych i ekspert\u00f3w turystycznych, kt\u00f3rzy dziel\u0105 si\u0119 swoj\u0105 pasj\u0105 w merytorycznych artyku\u0142ach na temat o\u015brodk\u00f3w narciarskich, sprz\u0119tu i wskaz\u00f3wek dotycz\u0105cych podr\u00f3\u017cy. Od 1999 roku SnowTrex jest wiod\u0105cym niemieckim organizatorem wyjazd\u00f3w narciarskich. Firma oferuje swoje us\u0142ugi w 13 j\u0119zykach i co roku zabiera ponad 100 000 go\u015bci do popularnych miejsc, takich jak Austria, Francja, W\u0142ochy, Szwajcaria i Niemcy.","sameAs":["https:\/\/www.snowtrex.pl\/","https:\/\/www.facebook.com\/snowtrex\/","https:\/\/www.instagram.com\/snowtrex_ski\/","https:\/\/www.youtube.com\/c\/SnowTrex"]}]}},"wp-worthy-pixel":{"ignored":false,"public":null,"server":null,"url":null},"wp-worthy-type":"normal","_links":{"self":[{"href":"https:\/\/www.snowtrex.pl\/magazyn\/wp-json\/wp\/v2\/posts\/18323","targetHints":{"allow":["GET"]}}],"collection":[{"href":"https:\/\/www.snowtrex.pl\/magazyn\/wp-json\/wp\/v2\/posts"}],"about":[{"href":"https:\/\/www.snowtrex.pl\/magazyn\/wp-json\/wp\/v2\/types\/post"}],"author":[{"embeddable":true,"href":"https:\/\/www.snowtrex.pl\/magazyn\/wp-json\/wp\/v2\/users\/175"}],"replies":[{"embeddable":true,"href":"https:\/\/www.snowtrex.pl\/magazyn\/wp-json\/wp\/v2\/comments?post=18323"}],"version-history":[{"count":10,"href":"https:\/\/www.snowtrex.pl\/magazyn\/wp-json\/wp\/v2\/posts\/18323\/revisions"}],"predecessor-version":[{"id":60319,"href":"https:\/\/www.snowtrex.pl\/magazyn\/wp-json\/wp\/v2\/posts\/18323\/revisions\/60319"}],"wp:featuredmedia":[{"embeddable":true,"href":"https:\/\/www.snowtrex.pl\/magazyn\/wp-json\/wp\/v2\/media\/53582"}],"wp:attachment":[{"href":"https:\/\/www.snowtrex.pl\/magazyn\/wp-json\/wp\/v2\/media?parent=18323"}],"wp:term":[{"taxonomy":"category","embeddable":true,"href":"https:\/\/www.snowtrex.pl\/magazyn\/wp-json\/wp\/v2\/categories?post=18323"},{"taxonomy":"post_tag","embeddable":true,"href":"https:\/\/www.snowtrex.pl\/magazyn\/wp-json\/wp\/v2\/tags?post=18323"}],"curies":[{"name":"wp","href":"https:\/\/api.w.org\/{rel}","templated":true}]}}