{"id":20340,"date":"2021-01-20T09:24:00","date_gmt":"2021-01-20T08:24:00","guid":{"rendered":"https:\/\/www.snowtrex.pl\/magazyn\/?p=20340"},"modified":"2025-06-26T14:50:45","modified_gmt":"2025-06-26T12:50:45","slug":"jazda-na-nartach-w-zermatt","status":"publish","type":"post","link":"https:\/\/www.snowtrex.pl\/magazyn\/top-10\/jazda-na-nartach-w-zermatt\/","title":{"rendered":"5 powod\u00f3w, dla kt\u00f3rych warto sp\u0119dzi\u0107 urlop narciarski w Zermatt"},"content":{"rendered":"<p><strong>Dok\u0105d uda\u0107 si\u0119 na kolejny urlop narciarski? Wielu narciarzy zadaje sobie to pytanie ka\u017cdego roku na nowo. <a href=\"https:\/\/www.snowtrex.pl\/\">SnowTrex<\/a> oferuje opr\u00f3cz wielu miejsc na ca\u0142ym \u015bwiecie tak\u017ce Zermatt i zebra\u0142 5 powod\u00f3w, dla kt\u00f3rych warto wybra\u0107 si\u0119 na urlop narciarski do Zermatt.<\/strong><\/p>\n<div class=\"tt-post-image-wrapper tt-post-image-wrapper-full\">\n            <div class=\"tt-image-copyright-container\">\n                <a href=\"https:\/\/www.snowtrex.pl\/magazyn\/files\/2020\/11\/Skiurlaub-in-Zermatt_cr-Pascal-Gertschen-2018Zermatt_Winter_2018_HiRes045.jpg\"><img loading=\"lazy\" decoding=\"async\" data-wrapped=\"true\" class=\"wp-image-20343 size-Artikelbild_gro\u00df\" title=\"Widok na Zermatt, w tle imponuj\u0105cy Matterhorn.\" src=\"https:\/\/www.snowtrex.pl\/magazyn\/files\/2020\/11\/Skiurlaub-in-Zermatt_cr-Pascal-Gertschen-2018Zermatt_Winter_2018_HiRes045-729x486.jpg\" alt=\"Widok na Zermatt, w tle imponuj\u0105cy Matterhorn.\" width=\"729\" height=\"486\" srcset=\"https:\/\/www.snowtrex.pl\/magazyn\/files\/2020\/11\/Skiurlaub-in-Zermatt_cr-Pascal-Gertschen-2018Zermatt_Winter_2018_HiRes045-729x486.jpg 729w, https:\/\/www.snowtrex.pl\/magazyn\/files\/2020\/11\/Skiurlaub-in-Zermatt_cr-Pascal-Gertschen-2018Zermatt_Winter_2018_HiRes045-300x200.jpg 300w, https:\/\/www.snowtrex.pl\/magazyn\/files\/2020\/11\/Skiurlaub-in-Zermatt_cr-Pascal-Gertschen-2018Zermatt_Winter_2018_HiRes045-1024x683.jpg 1024w, https:\/\/www.snowtrex.pl\/magazyn\/files\/2020\/11\/Skiurlaub-in-Zermatt_cr-Pascal-Gertschen-2018Zermatt_Winter_2018_HiRes045-600x400.jpg 600w, https:\/\/www.snowtrex.pl\/magazyn\/files\/2020\/11\/Skiurlaub-in-Zermatt_cr-Pascal-Gertschen-2018Zermatt_Winter_2018_HiRes045-468x312.jpg 468w, https:\/\/www.snowtrex.pl\/magazyn\/files\/2020\/11\/Skiurlaub-in-Zermatt_cr-Pascal-Gertschen-2018Zermatt_Winter_2018_HiRes045-999x666.jpg 999w, https:\/\/www.snowtrex.pl\/magazyn\/files\/2020\/11\/Skiurlaub-in-Zermatt_cr-Pascal-Gertschen-2018Zermatt_Winter_2018_HiRes045-645x430.jpg 645w, https:\/\/www.snowtrex.pl\/magazyn\/files\/2020\/11\/Skiurlaub-in-Zermatt_cr-Pascal-Gertschen-2018Zermatt_Winter_2018_HiRes045-552x368.jpg 552w, https:\/\/www.snowtrex.pl\/magazyn\/files\/2020\/11\/Skiurlaub-in-Zermatt_cr-Pascal-Gertschen-2018Zermatt_Winter_2018_HiRes045-405x270.jpg 405w, https:\/\/www.snowtrex.pl\/magazyn\/files\/2020\/11\/Skiurlaub-in-Zermatt_cr-Pascal-Gertschen-2018Zermatt_Winter_2018_HiRes045-336x224.jpg 336w, https:\/\/www.snowtrex.pl\/magazyn\/files\/2020\/11\/Skiurlaub-in-Zermatt_cr-Pascal-Gertschen-2018Zermatt_Winter_2018_HiRes045-276x184.jpg 276w, https:\/\/www.snowtrex.pl\/magazyn\/files\/2020\/11\/Skiurlaub-in-Zermatt_cr-Pascal-Gertschen-2018Zermatt_Winter_2018_HiRes045-234x156.jpg 234w, https:\/\/www.snowtrex.pl\/magazyn\/files\/2020\/11\/Skiurlaub-in-Zermatt_cr-Pascal-Gertschen-2018Zermatt_Winter_2018_HiRes045-192x128.jpg 192w, https:\/\/www.snowtrex.pl\/magazyn\/files\/2020\/11\/Skiurlaub-in-Zermatt_cr-Pascal-Gertschen-2018Zermatt_Winter_2018_HiRes045-120x80.jpg 120w, https:\/\/www.snowtrex.pl\/magazyn\/files\/2020\/11\/Skiurlaub-in-Zermatt_cr-Pascal-Gertschen-2018Zermatt_Winter_2018_HiRes045-30x20.jpg 30w, https:\/\/www.snowtrex.pl\/magazyn\/files\/2020\/11\/Skiurlaub-in-Zermatt_cr-Pascal-Gertschen-2018Zermatt_Winter_2018_HiRes045.jpg 1200w\" sizes=\"(min-width: 1009px) 729px, (min-width: 819px) 594px, (min-width: 569px) 729px, (min-width: 449px) 468px, 348px\" \/><\/a><div class=\"tt-image-copyright\" data-image-id=\"20343\">\u00a9 Pascal Gertschen<\/div>\n            <\/div>\n            <div class=\"tt-post-caption\">Widok na Zermatt, w tle imponuj\u0105cy Matterhorn.<\/div>\n         <\/div > \n<h2 id=\"1-najwy\u017cszy-teren-narciarski-w-europie\">1. Najwy\u017cszy teren narciarski w Europie<\/h2>\n<p>Kto wybiera si\u0119 do Zermatt na sw\u00f3j urlop narciarski, b\u0119dzie mia\u0142 przyjemno\u015b\u0107 do\u015bwiadczy\u0107 najwy\u017cej po\u0142o\u017conego terenu narciarskiego w Europie. Teren narciarski Matterhorn Ski Paradise znajduje si\u0119 na wysoko\u015bci prawie 4000 metr\u00f3w i dzi\u0119ki temu oferuje zapieraj\u0105cy dech w piersiach widok na liczne alpejskie szczyty i lodowce. G\u0142\u00f3wn\u0105 atrakcj\u0105 tej fantastycznej g\u00f3rskiej panoramy jest z pewno\u015bci\u0105 imponuj\u0105cy Matterhorn, kt\u00f3rego szczyt jest zawsze w zasi\u0119gu wzroku narciarzy, na ka\u017cdym z 360 kilometr\u00f3w tras.<\/p>\n<h2 id=\"2-gwarancja-\u015bniegu-przez-ca\u0142y-rok\">2. Gwarancja \u015bniegu przez ca\u0142y rok<\/h2>\n<p>Ze wzgl\u0119du na swoj\u0105 wysoko\u015b\u0107, teren narciarski Zermatt oferuje gwarancj\u0119 dobrych warunk\u00f3w \u015bniegowych przez ca\u0142y rok. Tutaj \u017caden urlopowicz nie musi martwi\u0107 si\u0119, \u017ce zastanie zielone stoki, \u015bnieg w Zermatt jest gwarantowany przez 365 dni w roku! Z 21 kilometrami nartostrad, narciarze znajd\u0105 tu jeden z najwi\u0119kszych letnich teren\u00f3w narciarskich w Europie. Tak wi\u0119c ci, kt\u00f3rzy nie mog\u0105 si\u0119 doczeka\u0107 powrotu na narty pod koniec sezonu zimowego, powinni zarezerwowa\u0107 sobie urlop letni w Zermatt.<\/p>\n<div class=\"tt-post-image-wrapper tt-post-image-wrapper-full\">\n            <div class=\"tt-image-copyright-container\">\n                <a href=\"https:\/\/www.snowtrex.pl\/magazyn\/files\/2020\/11\/Skiurlaub-in-Zermatt_Skifahrer-auf-Sessellift_cr-Pascal_Gertschen.jpg\"><img loading=\"lazy\" decoding=\"async\" data-wrapped=\"true\" class=\"wp-image-20344 size-Artikelbild_gro\u00df\" title=\"Urlop narciarski w Zermatt to gwarancja \u015bniegu!\" src=\"https:\/\/www.snowtrex.pl\/magazyn\/files\/2020\/11\/Skiurlaub-in-Zermatt_Skifahrer-auf-Sessellift_cr-Pascal_Gertschen-729x486.jpg\" alt=\"Urlop narciarski w Zermatt to gwarancja \u015bniegu!\" width=\"729\" height=\"486\" srcset=\"https:\/\/www.snowtrex.pl\/magazyn\/files\/2020\/11\/Skiurlaub-in-Zermatt_Skifahrer-auf-Sessellift_cr-Pascal_Gertschen-729x486.jpg 729w, https:\/\/www.snowtrex.pl\/magazyn\/files\/2020\/11\/Skiurlaub-in-Zermatt_Skifahrer-auf-Sessellift_cr-Pascal_Gertschen-300x200.jpg 300w, https:\/\/www.snowtrex.pl\/magazyn\/files\/2020\/11\/Skiurlaub-in-Zermatt_Skifahrer-auf-Sessellift_cr-Pascal_Gertschen-1024x683.jpg 1024w, https:\/\/www.snowtrex.pl\/magazyn\/files\/2020\/11\/Skiurlaub-in-Zermatt_Skifahrer-auf-Sessellift_cr-Pascal_Gertschen-600x400.jpg 600w, https:\/\/www.snowtrex.pl\/magazyn\/files\/2020\/11\/Skiurlaub-in-Zermatt_Skifahrer-auf-Sessellift_cr-Pascal_Gertschen-468x312.jpg 468w, https:\/\/www.snowtrex.pl\/magazyn\/files\/2020\/11\/Skiurlaub-in-Zermatt_Skifahrer-auf-Sessellift_cr-Pascal_Gertschen-999x666.jpg 999w, https:\/\/www.snowtrex.pl\/magazyn\/files\/2020\/11\/Skiurlaub-in-Zermatt_Skifahrer-auf-Sessellift_cr-Pascal_Gertschen-645x430.jpg 645w, https:\/\/www.snowtrex.pl\/magazyn\/files\/2020\/11\/Skiurlaub-in-Zermatt_Skifahrer-auf-Sessellift_cr-Pascal_Gertschen-552x368.jpg 552w, https:\/\/www.snowtrex.pl\/magazyn\/files\/2020\/11\/Skiurlaub-in-Zermatt_Skifahrer-auf-Sessellift_cr-Pascal_Gertschen-405x270.jpg 405w, https:\/\/www.snowtrex.pl\/magazyn\/files\/2020\/11\/Skiurlaub-in-Zermatt_Skifahrer-auf-Sessellift_cr-Pascal_Gertschen-336x224.jpg 336w, https:\/\/www.snowtrex.pl\/magazyn\/files\/2020\/11\/Skiurlaub-in-Zermatt_Skifahrer-auf-Sessellift_cr-Pascal_Gertschen-276x184.jpg 276w, https:\/\/www.snowtrex.pl\/magazyn\/files\/2020\/11\/Skiurlaub-in-Zermatt_Skifahrer-auf-Sessellift_cr-Pascal_Gertschen-234x156.jpg 234w, https:\/\/www.snowtrex.pl\/magazyn\/files\/2020\/11\/Skiurlaub-in-Zermatt_Skifahrer-auf-Sessellift_cr-Pascal_Gertschen-192x128.jpg 192w, https:\/\/www.snowtrex.pl\/magazyn\/files\/2020\/11\/Skiurlaub-in-Zermatt_Skifahrer-auf-Sessellift_cr-Pascal_Gertschen-120x80.jpg 120w, https:\/\/www.snowtrex.pl\/magazyn\/files\/2020\/11\/Skiurlaub-in-Zermatt_Skifahrer-auf-Sessellift_cr-Pascal_Gertschen-30x20.jpg 30w, https:\/\/www.snowtrex.pl\/magazyn\/files\/2020\/11\/Skiurlaub-in-Zermatt_Skifahrer-auf-Sessellift_cr-Pascal_Gertschen.jpg 1200w\" sizes=\"(min-width: 1009px) 729px, (min-width: 819px) 594px, (min-width: 569px) 729px, (min-width: 449px) 468px, 348px\" \/><\/a><div class=\"tt-image-copyright\" data-image-id=\"20344\">\u00a9 Pascal Gertschen<\/div>\n            <\/div>\n            <div class=\"tt-post-caption\">Urlop narciarski w Zermatt to gwarancja \u015bniegu!<\/div>\n         <\/div > \n<h2 id=\"3-bajeczny-krajobraz-matterhorn\">3. Bajeczny krajobraz Matterhorn<\/h2>\n<p>Jest to prawdopodobnie jedna z najbardziej imponuj\u0105cych scenerii na \u015bwiecie: Matterhorn. Ten imponuj\u0105cy szczyt wznosi si\u0119 na wysoko\u015b\u0107 4478 metr\u00f3w, co czyni go jednym z najwy\u017cszych w Alpach. Nic dziwnego, \u017ce Matterhorn s\u0142u\u017cy r\u00f3wnie\u017c jako punkt orientacyjny w Szwajcarii i jest jedn\u0105 z najcz\u0119\u015bciej fotografowanych atrakcji turystycznych. Ka\u017cdy narciarz powinien chocia\u017c raz ujrze\u0107 jego szczyt na w\u0142asne oczy.<\/p>\n<div class=\"tt-post-image-wrapper tt-post-image-wrapper-full\">\n            <div class=\"tt-image-copyright-container\">\n                <a href=\"https:\/\/www.snowtrex.pl\/magazyn\/files\/2020\/11\/Skiurlaub-in-Zermatt_Matterhorn_cr_Kurt-Mueller-10.jpg\"><img loading=\"lazy\" decoding=\"async\" data-wrapped=\"true\" class=\"wp-image-20345 size-Artikelbild_gro\u00df\" title=\"Matterhorn: jedna z najcz\u0119\u015bciej fotografowanych g\u00f3r na \u015bwiecie.\" src=\"https:\/\/www.snowtrex.pl\/magazyn\/files\/2020\/11\/Skiurlaub-in-Zermatt_Matterhorn_cr_Kurt-Mueller-10-729x486.jpg\" alt=\"Matterhorn: jedna z najcz\u0119\u015bciej fotografowanych g\u00f3r na \u015bwiecie.\" width=\"729\" height=\"486\" srcset=\"https:\/\/www.snowtrex.pl\/magazyn\/files\/2020\/11\/Skiurlaub-in-Zermatt_Matterhorn_cr_Kurt-Mueller-10-729x486.jpg 729w, https:\/\/www.snowtrex.pl\/magazyn\/files\/2020\/11\/Skiurlaub-in-Zermatt_Matterhorn_cr_Kurt-Mueller-10-300x200.jpg 300w, https:\/\/www.snowtrex.pl\/magazyn\/files\/2020\/11\/Skiurlaub-in-Zermatt_Matterhorn_cr_Kurt-Mueller-10-468x312.jpg 468w, https:\/\/www.snowtrex.pl\/magazyn\/files\/2020\/11\/Skiurlaub-in-Zermatt_Matterhorn_cr_Kurt-Mueller-10-999x666.jpg 999w, https:\/\/www.snowtrex.pl\/magazyn\/files\/2020\/11\/Skiurlaub-in-Zermatt_Matterhorn_cr_Kurt-Mueller-10-645x430.jpg 645w, https:\/\/www.snowtrex.pl\/magazyn\/files\/2020\/11\/Skiurlaub-in-Zermatt_Matterhorn_cr_Kurt-Mueller-10-552x368.jpg 552w, https:\/\/www.snowtrex.pl\/magazyn\/files\/2020\/11\/Skiurlaub-in-Zermatt_Matterhorn_cr_Kurt-Mueller-10-405x270.jpg 405w, https:\/\/www.snowtrex.pl\/magazyn\/files\/2020\/11\/Skiurlaub-in-Zermatt_Matterhorn_cr_Kurt-Mueller-10-336x224.jpg 336w, https:\/\/www.snowtrex.pl\/magazyn\/files\/2020\/11\/Skiurlaub-in-Zermatt_Matterhorn_cr_Kurt-Mueller-10-276x184.jpg 276w, https:\/\/www.snowtrex.pl\/magazyn\/files\/2020\/11\/Skiurlaub-in-Zermatt_Matterhorn_cr_Kurt-Mueller-10-234x156.jpg 234w, https:\/\/www.snowtrex.pl\/magazyn\/files\/2020\/11\/Skiurlaub-in-Zermatt_Matterhorn_cr_Kurt-Mueller-10-192x128.jpg 192w, https:\/\/www.snowtrex.pl\/magazyn\/files\/2020\/11\/Skiurlaub-in-Zermatt_Matterhorn_cr_Kurt-Mueller-10-120x80.jpg 120w, https:\/\/www.snowtrex.pl\/magazyn\/files\/2020\/11\/Skiurlaub-in-Zermatt_Matterhorn_cr_Kurt-Mueller-10-30x20.jpg 30w\" sizes=\"(min-width: 1009px) 729px, (min-width: 819px) 594px, (min-width: 569px) 729px, (min-width: 449px) 468px, 348px\" \/><\/a><div class=\"tt-image-copyright\" data-image-id=\"20345\">\u00a9 Kurt M\u00fcller<\/div>\n            <\/div>\n            <div class=\"tt-post-caption\">Matterhorn: jedna z najcz\u0119\u015bciej fotografowanych g\u00f3r na \u015bwiecie.<\/div>\n         <\/div > \n<h2 id=\"4-najwy\u017csza-kolej-tr\u00f3jlinowa-w-europie\">4. Najwy\u017csza kolej tr\u00f3jlinowa w Europie<\/h2>\n<p>W Zermatt, nie tylko jazda na nartach jest prze\u017cyciem, ale tak\u017ce jazda wyci\u0105giem. Tutaj narciarze zostan\u0105 zabrani m.in. najwy\u017csz\u0105 tr\u00f3jkablow\u0105 gondol\u0105 na szczyt, &#8222;Matterhorn glacier ride&#8221;. Prowadzi od &#8222;Trockener Steg&#8221; do &#8222;Klein Matterhorn&#8221; i ko\u0144czy si\u0119, jak\u017ceby inaczej, na najwy\u017cszej stacji g\u00f3rskiej w ca\u0142ej Europie na wysoko\u015bci 3883 metr\u00f3w.<\/p>\n<h2 id=\"5-bogata-oferta-aktywno\u015bci-poza-stokami-dla-starszych-i-m\u0142odszych\">5. Bogata oferta aktywno\u015bci poza stokami dla starszych i m\u0142odszych<\/h2>\n<p>Wolny od ruchu samochodowego Zermatt oferuje nie tylko pierwszorz\u0119dny teren narciarski, ale tak\u017ce liczne oferty poza stokiem dla starszych i m\u0142odszych. A mo\u017ce by tak spr\u00f3bowa\u0107 \u0142y\u017cwiarstwa, curlingu lub saneczkarstwa? Albo wellness lub zakupy w nowoczesnym centrum? Absolutn\u0105 atrakcj\u0105 dla rodzin jest r\u00f3wnie\u017c pa\u0142ac lodowy znajduj\u0105cy si\u0119 bezpo\u015brednio na lodowcu i 15 metr\u00f3w pod powierzchni\u0105 ziemi. Mo\u017cna te\u017c pojecha\u0107 kolejk\u0105 Gornergratbahn, najwy\u017cej po\u0142o\u017con\u0105 zewn\u0119trzn\u0105 kolejk\u0105 g\u00f3rsk\u0105 w Europie, do stacji g\u00f3rskiej na Gornergrat i cieszy\u0107 si\u0119 spektakularnym widokiem na Matterhorn.<\/p>\n<div class=\"tt-post-image-wrapper tt-post-image-wrapper-full\">\n            <div class=\"tt-image-copyright-container\">\n                <a href=\"https:\/\/www.snowtrex.pl\/magazyn\/files\/2020\/11\/Skiurlaub-in-Zermatt_cr-Pascal-Gertschen-2018-IMG_9920_web.jpg\"><img loading=\"lazy\" decoding=\"async\" data-wrapped=\"true\" class=\"wp-image-20346 size-Artikelbild_gro\u00df\" title=\"W Zermatt jest te\u017c wiele do prze\u017cycia poza stokami narciarskimi.\" src=\"https:\/\/www.snowtrex.pl\/magazyn\/files\/2020\/11\/Skiurlaub-in-Zermatt_cr-Pascal-Gertschen-2018-IMG_9920_web-729x486.jpg\" alt=\"W Zermatt jest te\u017c wiele do prze\u017cycia poza stokami narciarskimi.\" width=\"729\" height=\"486\" srcset=\"https:\/\/www.snowtrex.pl\/magazyn\/files\/2020\/11\/Skiurlaub-in-Zermatt_cr-Pascal-Gertschen-2018-IMG_9920_web-729x486.jpg 729w, https:\/\/www.snowtrex.pl\/magazyn\/files\/2020\/11\/Skiurlaub-in-Zermatt_cr-Pascal-Gertschen-2018-IMG_9920_web-468x312.jpg 468w, https:\/\/www.snowtrex.pl\/magazyn\/files\/2020\/11\/Skiurlaub-in-Zermatt_cr-Pascal-Gertschen-2018-IMG_9920_web-300x200.jpg 300w, https:\/\/www.snowtrex.pl\/magazyn\/files\/2020\/11\/Skiurlaub-in-Zermatt_cr-Pascal-Gertschen-2018-IMG_9920_web-645x430.jpg 645w, https:\/\/www.snowtrex.pl\/magazyn\/files\/2020\/11\/Skiurlaub-in-Zermatt_cr-Pascal-Gertschen-2018-IMG_9920_web-552x368.jpg 552w, https:\/\/www.snowtrex.pl\/magazyn\/files\/2020\/11\/Skiurlaub-in-Zermatt_cr-Pascal-Gertschen-2018-IMG_9920_web-405x270.jpg 405w, https:\/\/www.snowtrex.pl\/magazyn\/files\/2020\/11\/Skiurlaub-in-Zermatt_cr-Pascal-Gertschen-2018-IMG_9920_web-336x224.jpg 336w, https:\/\/www.snowtrex.pl\/magazyn\/files\/2020\/11\/Skiurlaub-in-Zermatt_cr-Pascal-Gertschen-2018-IMG_9920_web-276x184.jpg 276w, https:\/\/www.snowtrex.pl\/magazyn\/files\/2020\/11\/Skiurlaub-in-Zermatt_cr-Pascal-Gertschen-2018-IMG_9920_web-234x156.jpg 234w, https:\/\/www.snowtrex.pl\/magazyn\/files\/2020\/11\/Skiurlaub-in-Zermatt_cr-Pascal-Gertschen-2018-IMG_9920_web-192x128.jpg 192w, https:\/\/www.snowtrex.pl\/magazyn\/files\/2020\/11\/Skiurlaub-in-Zermatt_cr-Pascal-Gertschen-2018-IMG_9920_web-120x80.jpg 120w\" sizes=\"(min-width: 1009px) 729px, (min-width: 819px) 594px, (min-width: 569px) 729px, (min-width: 449px) 468px, 348px\" \/><\/a><div class=\"tt-image-copyright\" data-image-id=\"20346\">\u00a9 Pascal Gertschen<\/div>\n            <\/div>\n            <div class=\"tt-post-caption\">W Zermatt jest te\u017c wiele do prze\u017cycia poza stokami narciarskimi.<\/div>\n         <\/div > \n<p>Oto 5 dobrych powod\u00f3w, warto sp\u0119dzi\u0107 urlop narciarski w Zermatt. Ta lista z pewno\u015bci\u0105 mog\u0142aby by\u0107 kontynuowana w niesko\u0144czono\u015b\u0107, ale na pewno i tak jest ju\u017c przekonuj\u0105ca! Tak wi\u0119c, ruszamy do <a href=\"https:\/\/www.snowtrex.pl\/szwajcaria\/zermatt\/narty.html\" target=\"_blank\" rel=\"noopener noreferrer\">Zermatt<\/a>!<\/p>\n","protected":false},"excerpt":{"rendered":"<p>Dok\u0105d uda\u0107 si\u0119 na kolejny urlop narciarski? Wielu narciarzy zadaje sobie to pytanie ka\u017cdego roku na nowo. SnowTrex oferuje opr\u00f3cz wielu miejsc na ca\u0142ym \u015bwiecie tak\u017ce Zermatt i zebra\u0142 5 powod\u00f3w, dla kt\u00f3rych warto wybra\u0107 si\u0119 na urlop narciarski do Zermatt.<\/p>\n","protected":false},"author":175,"featured_media":20343,"comment_status":"closed","ping_status":"closed","sticky":false,"template":"","format":"standard","meta":{"footnotes":""},"categories":[205],"tags":[5678,28,5681,252],"class_list":["post-20340","post","type-post","status-publish","format-standard","has-post-thumbnail","hentry","category-top-10","tag-matterhorn","tag-szwajcaria","tag-wallis","tag-zermatt"],"yoast_head":"<!-- This site is optimized with the Yoast SEO Premium plugin v27.3 (Yoast SEO v27.3) - https:\/\/yoast.com\/product\/yoast-seo-premium-wordpress\/ -->\n<title>Urlop narciarski w Zermatt - 5 powod\u00f3w, dla kt\u00f3rych warto pojecha\u0107<\/title>\n<meta name=\"description\" content=\"SnowTrex oferuje Zermatt jako cel podr\u00f3\u017cy po\u015br\u00f3d wielu innych miejsc i przygotowa\u0142 5 powod\u00f3w, dla kt\u00f3rych warto je\u017adzi\u0107 na nartach w Zermatt.\" \/>\n<meta name=\"robots\" content=\"index, follow, max-snippet:-1, max-image-preview:large, max-video-preview:-1\" \/>\n<link rel=\"canonical\" href=\"https:\/\/www.snowtrex.pl\/magazyn\/top-10\/jazda-na-nartach-w-zermatt\/\" \/>\n<meta property=\"og:locale\" content=\"pl_PL\" \/>\n<meta property=\"og:type\" content=\"article\" \/>\n<meta property=\"og:title\" content=\"5 powod\u00f3w, dla kt\u00f3rych warto sp\u0119dzi\u0107 urlop narciarski w Zermatt\" \/>\n<meta property=\"og:description\" content=\"Dok\u0105d uda\u0107 si\u0119 na kolejny urlop narciarski? Wielu narciarzy zadaje sobie to pytanie ka\u017cdego roku na nowo. SnowTrex oferuje opr\u00f3cz wielu miejsc na ca\u0142ym \u015bwiecie tak\u017ce Zermatt i zebra\u0142 5 powod\u00f3w, dla kt\u00f3rych warto wybra\u0107 si\u0119 na urlop narciarski do Zermatt.\" \/>\n<meta property=\"og:url\" content=\"https:\/\/www.snowtrex.pl\/magazyn\/top-10\/jazda-na-nartach-w-zermatt\/\" \/>\n<meta property=\"og:site_name\" content=\"SnowTrex magazyn narciarski\" \/>\n<meta property=\"article:publisher\" content=\"https:\/\/www.facebook.com\/SnowTrex.de\/\" \/>\n<meta property=\"article:author\" content=\"https:\/\/www.facebook.com\/snowtrex\/\" \/>\n<meta property=\"article:published_time\" content=\"2021-01-20T08:24:00+00:00\" \/>\n<meta property=\"article:modified_time\" content=\"2025-06-26T12:50:45+00:00\" \/>\n<meta property=\"og:image\" content=\"https:\/\/www.snowtrex.pl\/magazyn\/files\/2020\/11\/Skiurlaub-in-Zermatt_cr-Pascal-Gertschen-2018Zermatt_Winter_2018_HiRes045.jpg\" \/>\n\t<meta property=\"og:image:width\" content=\"1200\" \/>\n\t<meta property=\"og:image:height\" content=\"800\" \/>\n\t<meta property=\"og:image:type\" content=\"image\/jpeg\" \/>\n<meta name=\"author\" content=\"SnowTrex\" \/>\n<meta name=\"twitter:label1\" content=\"Napisane przez\" \/>\n\t<meta name=\"twitter:data1\" content=\"SnowTrex\" \/>\n\t<meta name=\"twitter:label2\" content=\"Szacowany czas czytania\" \/>\n\t<meta name=\"twitter:data2\" content=\"4 minuty\" \/>\n<script type=\"application\/ld+json\" class=\"yoast-schema-graph\">{\"@context\":\"https:\\\/\\\/schema.org\",\"@graph\":[{\"@type\":\"Article\",\"@id\":\"http:\\\/\\\/wp-magazin.snowtrex.pl\\\/top-10\\\/jazda-na-nartach-w-zermatt\\\/#article\",\"isPartOf\":{\"@id\":\"http:\\\/\\\/wp-magazin.snowtrex.pl\\\/top-10\\\/jazda-na-nartach-w-zermatt\\\/\"},\"author\":{\"name\":\"SnowTrex\",\"@id\":\"http:\\\/\\\/wp-magazin.snowtrex.pl\\\/#\\\/schema\\\/person\\\/8e389f383d57ca71d928d1ce1eebb566\"},\"headline\":\"5 powod\u00f3w, dla kt\u00f3rych warto sp\u0119dzi\u0107 urlop narciarski w Zermatt\",\"datePublished\":\"2021-01-20T08:24:00+00:00\",\"dateModified\":\"2025-06-26T12:50:45+00:00\",\"mainEntityOfPage\":{\"@id\":\"http:\\\/\\\/wp-magazin.snowtrex.pl\\\/top-10\\\/jazda-na-nartach-w-zermatt\\\/\"},\"wordCount\":585,\"publisher\":{\"@id\":\"http:\\\/\\\/wp-magazin.snowtrex.pl\\\/#organization\"},\"image\":{\"@id\":\"http:\\\/\\\/wp-magazin.snowtrex.pl\\\/top-10\\\/jazda-na-nartach-w-zermatt\\\/#primaryimage\"},\"thumbnailUrl\":\"http:\\\/\\\/wp-magazin.snowtrex.pl\\\/files\\\/2020\\\/11\\\/Skiurlaub-in-Zermatt_cr-Pascal-Gertschen-2018Zermatt_Winter_2018_HiRes045.jpg\",\"keywords\":[\"Matterhorn\",\"Szwajcaria\",\"Wallis\",\"Zermatt\"],\"articleSection\":[\"Top 10\"],\"inLanguage\":\"pl-PL\"},{\"@type\":\"WebPage\",\"@id\":\"http:\\\/\\\/wp-magazin.snowtrex.pl\\\/top-10\\\/jazda-na-nartach-w-zermatt\\\/\",\"url\":\"http:\\\/\\\/wp-magazin.snowtrex.pl\\\/top-10\\\/jazda-na-nartach-w-zermatt\\\/\",\"name\":\"Urlop narciarski w Zermatt - 5 powod\u00f3w, dla kt\u00f3rych warto pojecha\u0107\",\"primaryImageOfPage\":{\"@id\":\"http:\\\/\\\/wp-magazin.snowtrex.pl\\\/top-10\\\/jazda-na-nartach-w-zermatt\\\/#primaryimage\"},\"image\":{\"@id\":\"http:\\\/\\\/wp-magazin.snowtrex.pl\\\/top-10\\\/jazda-na-nartach-w-zermatt\\\/#primaryimage\"},\"thumbnailUrl\":\"http:\\\/\\\/wp-magazin.snowtrex.pl\\\/files\\\/2020\\\/11\\\/Skiurlaub-in-Zermatt_cr-Pascal-Gertschen-2018Zermatt_Winter_2018_HiRes045.jpg\",\"datePublished\":\"2021-01-20T08:24:00+00:00\",\"dateModified\":\"2025-06-26T12:50:45+00:00\",\"description\":\"SnowTrex oferuje Zermatt jako cel podr\u00f3\u017cy po\u015br\u00f3d wielu innych miejsc i przygotowa\u0142 5 powod\u00f3w, dla kt\u00f3rych warto je\u017adzi\u0107 na nartach w Zermatt.\",\"inLanguage\":\"pl-PL\"},{\"@type\":\"ImageObject\",\"inLanguage\":\"pl-PL\",\"@id\":\"http:\\\/\\\/wp-magazin.snowtrex.pl\\\/top-10\\\/jazda-na-nartach-w-zermatt\\\/#primaryimage\",\"url\":\"http:\\\/\\\/wp-magazin.snowtrex.pl\\\/files\\\/2020\\\/11\\\/Skiurlaub-in-Zermatt_cr-Pascal-Gertschen-2018Zermatt_Winter_2018_HiRes045.jpg\",\"contentUrl\":\"http:\\\/\\\/wp-magazin.snowtrex.pl\\\/files\\\/2020\\\/11\\\/Skiurlaub-in-Zermatt_cr-Pascal-Gertschen-2018Zermatt_Winter_2018_HiRes045.jpg\",\"width\":1200,\"height\":800},{\"@type\":\"WebSite\",\"@id\":\"http:\\\/\\\/wp-magazin.snowtrex.pl\\\/#website\",\"url\":\"http:\\\/\\\/wp-magazin.snowtrex.pl\\\/\",\"name\":\"SnowTrex magazyn narciarski\",\"description\":\"wszystko na temat narciarstwa, snowboardu i urlopu zimowego!\",\"publisher\":{\"@id\":\"http:\\\/\\\/wp-magazin.snowtrex.pl\\\/#organization\"},\"inLanguage\":\"pl-PL\"},{\"@type\":\"Organization\",\"@id\":\"http:\\\/\\\/wp-magazin.snowtrex.pl\\\/#organization\",\"name\":\"TravelTrex GmbH\",\"url\":\"http:\\\/\\\/wp-magazin.snowtrex.pl\\\/\",\"logo\":{\"@type\":\"ImageObject\",\"inLanguage\":\"pl-PL\",\"@id\":\"http:\\\/\\\/wp-magazin.snowtrex.pl\\\/#\\\/schema\\\/logo\\\/image\\\/\",\"url\":\"\",\"contentUrl\":\"\",\"caption\":\"TravelTrex GmbH\"},\"image\":{\"@id\":\"http:\\\/\\\/wp-magazin.snowtrex.pl\\\/#\\\/schema\\\/logo\\\/image\\\/\"},\"sameAs\":[\"https:\\\/\\\/www.facebook.com\\\/SnowTrex.de\\\/\",\"https:\\\/\\\/www.instagram.com\\\/snowtrex_ski\\\/\"],\"description\":\"Od 1999 roku SnowTrex jest wiod\u0105cym niemieckim organizatorem wyjazd\u00f3w narciarskich. Firma oferuje swoje us\u0142ugi w 13 j\u0119zykach i co roku zabiera ponad 100 000 go\u015bci do popularnych miejsc, takich jak Austria, Francja, W\u0142ochy, Szwajcaria i Niemcy.\",\"email\":\"info-pl@snowtrex.com\",\"telephone\":\"22 380 39 00\",\"legalName\":\"TravelTrex GmbH\",\"foundingDate\":\"1999-07-01\",\"vatID\":\"DE 813 076 768\",\"numberOfEmployees\":{\"@type\":\"QuantitativeValue\",\"minValue\":\"51\",\"maxValue\":\"200\"}},{\"@type\":\"Person\",\"@id\":\"http:\\\/\\\/wp-magazin.snowtrex.pl\\\/#\\\/schema\\\/person\\\/8e389f383d57ca71d928d1ce1eebb566\",\"name\":\"SnowTrex\",\"description\":\"Redakcja magazynu SnowTrex sk\u0142ada si\u0119 z do\u015bwiadczonych mi\u0142o\u015bnik\u00f3w sport\u00f3w zimowych i ekspert\u00f3w turystycznych, kt\u00f3rzy dziel\u0105 si\u0119 swoj\u0105 pasj\u0105 w merytorycznych artyku\u0142ach na temat o\u015brodk\u00f3w narciarskich, sprz\u0119tu i wskaz\u00f3wek dotycz\u0105cych podr\u00f3\u017cy. Od 1999 roku SnowTrex jest wiod\u0105cym niemieckim organizatorem wyjazd\u00f3w narciarskich. Firma oferuje swoje us\u0142ugi w 13 j\u0119zykach i co roku zabiera ponad 100 000 go\u015bci do popularnych miejsc, takich jak Austria, Francja, W\u0142ochy, Szwajcaria i Niemcy.\",\"sameAs\":[\"https:\\\/\\\/www.snowtrex.pl\\\/\",\"https:\\\/\\\/www.facebook.com\\\/snowtrex\\\/\",\"https:\\\/\\\/www.instagram.com\\\/snowtrex_ski\\\/\",\"https:\\\/\\\/www.youtube.com\\\/c\\\/SnowTrex\"]}]}<\/script>\n<!-- \/ Yoast SEO Premium plugin. -->","yoast_head_json":{"title":"Urlop narciarski w Zermatt - 5 powod\u00f3w, dla kt\u00f3rych warto pojecha\u0107","description":"SnowTrex oferuje Zermatt jako cel podr\u00f3\u017cy po\u015br\u00f3d wielu innych miejsc i przygotowa\u0142 5 powod\u00f3w, dla kt\u00f3rych warto je\u017adzi\u0107 na nartach w Zermatt.","robots":{"index":"index","follow":"follow","max-snippet":"max-snippet:-1","max-image-preview":"max-image-preview:large","max-video-preview":"max-video-preview:-1"},"canonical":"https:\/\/www.snowtrex.pl\/magazyn\/top-10\/jazda-na-nartach-w-zermatt\/","og_locale":"pl_PL","og_type":"article","og_title":"5 powod\u00f3w, dla kt\u00f3rych warto sp\u0119dzi\u0107 urlop narciarski w Zermatt","og_description":"Dok\u0105d uda\u0107 si\u0119 na kolejny urlop narciarski? Wielu narciarzy zadaje sobie to pytanie ka\u017cdego roku na nowo. SnowTrex oferuje opr\u00f3cz wielu miejsc na ca\u0142ym \u015bwiecie tak\u017ce Zermatt i zebra\u0142 5 powod\u00f3w, dla kt\u00f3rych warto wybra\u0107 si\u0119 na urlop narciarski do Zermatt.","og_url":"https:\/\/www.snowtrex.pl\/magazyn\/top-10\/jazda-na-nartach-w-zermatt\/","og_site_name":"SnowTrex magazyn narciarski","article_publisher":"https:\/\/www.facebook.com\/SnowTrex.de\/","article_author":"https:\/\/www.facebook.com\/snowtrex\/","article_published_time":"2021-01-20T08:24:00+00:00","article_modified_time":"2025-06-26T12:50:45+00:00","og_image":[{"width":1200,"height":800,"url":"https:\/\/www.snowtrex.pl\/magazyn\/files\/2020\/11\/Skiurlaub-in-Zermatt_cr-Pascal-Gertschen-2018Zermatt_Winter_2018_HiRes045.jpg","type":"image\/jpeg"}],"author":"SnowTrex","twitter_misc":{"Napisane przez":"SnowTrex","Szacowany czas czytania":"4 minuty"},"schema":{"@context":"https:\/\/schema.org","@graph":[{"@type":"Article","@id":"https:\/\/www.snowtrex.pl\/magazyn\/top-10\/jazda-na-nartach-w-zermatt\/#article","isPartOf":{"@id":"https:\/\/www.snowtrex.pl\/magazyn\/top-10\/jazda-na-nartach-w-zermatt\/"},"author":{"name":"SnowTrex","@id":"https:\/\/www.snowtrex.pl\/magazyn\/#\/schema\/person\/8e389f383d57ca71d928d1ce1eebb566"},"headline":"5 powod\u00f3w, dla kt\u00f3rych warto sp\u0119dzi\u0107 urlop narciarski w Zermatt","datePublished":"2021-01-20T08:24:00+00:00","dateModified":"2025-06-26T12:50:45+00:00","mainEntityOfPage":{"@id":"https:\/\/www.snowtrex.pl\/magazyn\/top-10\/jazda-na-nartach-w-zermatt\/"},"wordCount":585,"publisher":{"@id":"https:\/\/www.snowtrex.pl\/magazyn\/#organization"},"image":{"@id":"https:\/\/www.snowtrex.pl\/magazyn\/top-10\/jazda-na-nartach-w-zermatt\/#primaryimage"},"thumbnailUrl":"https:\/\/www.snowtrex.pl\/magazyn\/files\/2020\/11\/Skiurlaub-in-Zermatt_cr-Pascal-Gertschen-2018Zermatt_Winter_2018_HiRes045.jpg","keywords":["Matterhorn","Szwajcaria","Wallis","Zermatt"],"articleSection":["Top 10"],"inLanguage":"pl-PL"},{"@type":"WebPage","@id":"https:\/\/www.snowtrex.pl\/magazyn\/top-10\/jazda-na-nartach-w-zermatt\/","url":"https:\/\/www.snowtrex.pl\/magazyn\/top-10\/jazda-na-nartach-w-zermatt\/","name":"Urlop narciarski w Zermatt - 5 powod\u00f3w, dla kt\u00f3rych warto pojecha\u0107","primaryImageOfPage":{"@id":"https:\/\/www.snowtrex.pl\/magazyn\/top-10\/jazda-na-nartach-w-zermatt\/#primaryimage"},"image":{"@id":"https:\/\/www.snowtrex.pl\/magazyn\/top-10\/jazda-na-nartach-w-zermatt\/#primaryimage"},"thumbnailUrl":"https:\/\/www.snowtrex.pl\/magazyn\/files\/2020\/11\/Skiurlaub-in-Zermatt_cr-Pascal-Gertschen-2018Zermatt_Winter_2018_HiRes045.jpg","datePublished":"2021-01-20T08:24:00+00:00","dateModified":"2025-06-26T12:50:45+00:00","description":"SnowTrex oferuje Zermatt jako cel podr\u00f3\u017cy po\u015br\u00f3d wielu innych miejsc i przygotowa\u0142 5 powod\u00f3w, dla kt\u00f3rych warto je\u017adzi\u0107 na nartach w Zermatt.","inLanguage":"pl-PL"},{"@type":"ImageObject","inLanguage":"pl-PL","@id":"https:\/\/www.snowtrex.pl\/magazyn\/top-10\/jazda-na-nartach-w-zermatt\/#primaryimage","url":"https:\/\/www.snowtrex.pl\/magazyn\/files\/2020\/11\/Skiurlaub-in-Zermatt_cr-Pascal-Gertschen-2018Zermatt_Winter_2018_HiRes045.jpg","contentUrl":"https:\/\/www.snowtrex.pl\/magazyn\/files\/2020\/11\/Skiurlaub-in-Zermatt_cr-Pascal-Gertschen-2018Zermatt_Winter_2018_HiRes045.jpg","width":1200,"height":800},{"@type":"WebSite","@id":"https:\/\/www.snowtrex.pl\/magazyn\/#website","url":"https:\/\/www.snowtrex.pl\/magazyn\/","name":"SnowTrex magazyn narciarski","description":"wszystko na temat narciarstwa, snowboardu i urlopu zimowego!","publisher":{"@id":"https:\/\/www.snowtrex.pl\/magazyn\/#organization"},"inLanguage":"pl-PL"},{"@type":"Organization","@id":"https:\/\/www.snowtrex.pl\/magazyn\/#organization","name":"TravelTrex GmbH","url":"https:\/\/www.snowtrex.pl\/magazyn\/","logo":{"@type":"ImageObject","inLanguage":"pl-PL","@id":"https:\/\/www.snowtrex.pl\/magazyn\/#\/schema\/logo\/image\/","url":"","contentUrl":"","caption":"TravelTrex GmbH"},"image":{"@id":"https:\/\/www.snowtrex.pl\/magazyn\/#\/schema\/logo\/image\/"},"sameAs":["https:\/\/www.facebook.com\/SnowTrex.de\/","https:\/\/www.instagram.com\/snowtrex_ski\/"],"description":"Od 1999 roku SnowTrex jest wiod\u0105cym niemieckim organizatorem wyjazd\u00f3w narciarskich. Firma oferuje swoje us\u0142ugi w 13 j\u0119zykach i co roku zabiera ponad 100 000 go\u015bci do popularnych miejsc, takich jak Austria, Francja, W\u0142ochy, Szwajcaria i Niemcy.","email":"info-pl@snowtrex.com","telephone":"22 380 39 00","legalName":"TravelTrex GmbH","foundingDate":"1999-07-01","vatID":"DE 813 076 768","numberOfEmployees":{"@type":"QuantitativeValue","minValue":"51","maxValue":"200"}},{"@type":"Person","@id":"https:\/\/www.snowtrex.pl\/magazyn\/#\/schema\/person\/8e389f383d57ca71d928d1ce1eebb566","name":"SnowTrex","description":"Redakcja magazynu SnowTrex sk\u0142ada si\u0119 z do\u015bwiadczonych mi\u0142o\u015bnik\u00f3w sport\u00f3w zimowych i ekspert\u00f3w turystycznych, kt\u00f3rzy dziel\u0105 si\u0119 swoj\u0105 pasj\u0105 w merytorycznych artyku\u0142ach na temat o\u015brodk\u00f3w narciarskich, sprz\u0119tu i wskaz\u00f3wek dotycz\u0105cych podr\u00f3\u017cy. Od 1999 roku SnowTrex jest wiod\u0105cym niemieckim organizatorem wyjazd\u00f3w narciarskich. Firma oferuje swoje us\u0142ugi w 13 j\u0119zykach i co roku zabiera ponad 100 000 go\u015bci do popularnych miejsc, takich jak Austria, Francja, W\u0142ochy, Szwajcaria i Niemcy.","sameAs":["https:\/\/www.snowtrex.pl\/","https:\/\/www.facebook.com\/snowtrex\/","https:\/\/www.instagram.com\/snowtrex_ski\/","https:\/\/www.youtube.com\/c\/SnowTrex"]}]}},"wp-worthy-pixel":{"ignored":false,"public":null,"server":null,"url":null},"wp-worthy-type":"normal","_links":{"self":[{"href":"https:\/\/www.snowtrex.pl\/magazyn\/wp-json\/wp\/v2\/posts\/20340","targetHints":{"allow":["GET"]}}],"collection":[{"href":"https:\/\/www.snowtrex.pl\/magazyn\/wp-json\/wp\/v2\/posts"}],"about":[{"href":"https:\/\/www.snowtrex.pl\/magazyn\/wp-json\/wp\/v2\/types\/post"}],"author":[{"embeddable":true,"href":"https:\/\/www.snowtrex.pl\/magazyn\/wp-json\/wp\/v2\/users\/175"}],"replies":[{"embeddable":true,"href":"https:\/\/www.snowtrex.pl\/magazyn\/wp-json\/wp\/v2\/comments?post=20340"}],"version-history":[{"count":10,"href":"https:\/\/www.snowtrex.pl\/magazyn\/wp-json\/wp\/v2\/posts\/20340\/revisions"}],"predecessor-version":[{"id":58267,"href":"https:\/\/www.snowtrex.pl\/magazyn\/wp-json\/wp\/v2\/posts\/20340\/revisions\/58267"}],"wp:featuredmedia":[{"embeddable":true,"href":"https:\/\/www.snowtrex.pl\/magazyn\/wp-json\/wp\/v2\/media\/20343"}],"wp:attachment":[{"href":"https:\/\/www.snowtrex.pl\/magazyn\/wp-json\/wp\/v2\/media?parent=20340"}],"wp:term":[{"taxonomy":"category","embeddable":true,"href":"https:\/\/www.snowtrex.pl\/magazyn\/wp-json\/wp\/v2\/categories?post=20340"},{"taxonomy":"post_tag","embeddable":true,"href":"https:\/\/www.snowtrex.pl\/magazyn\/wp-json\/wp\/v2\/tags?post=20340"}],"curies":[{"name":"wp","href":"https:\/\/api.w.org\/{rel}","templated":true}]}}