{"id":38266,"date":"2024-04-22T09:13:36","date_gmt":"2024-04-22T07:13:36","guid":{"rendered":"https:\/\/www.snowtrex.de\/magazin\/?p=38266"},"modified":"2025-06-26T14:48:19","modified_gmt":"2025-06-26T12:48:19","slug":"statystyki-sniegu-italia","status":"publish","type":"post","link":"https:\/\/www.snowtrex.pl\/magazyn\/osrodki-narciarskie\/statystyki-sniegu-italia\/","title":{"rendered":"Statystyki opad\u00f3w: gdzie we W\u0142oszech spada najwi\u0119cej \u015bniegu?"},"content":{"rendered":"<p><strong>W\u0142ochy maj\u0105 o wiele wi\u0119cej do zaoferowania poza pizz\u0105 i makaronem, zw\u0142aszcza zim\u0105 &#8211; mn\u00f3stwo puchu! Znane regiony narciarskie w <a href=\"https:\/\/www.snowtrex.pl\/kategorie-tematyczne\/tyrol-pld.html\" target=\"_blank\" rel=\"noopener\">Po\u0142udniowym Tyrolu<\/a> s\u0105 szczeg\u00f3lnie imponuj\u0105ce dzi\u0119ki zachwycaj\u0105cym g\u00f3rskim krajobrazom, kt\u00f3re mo\u017cna podziwia\u0107 podczas idealnych warunk\u00f3w pogodowych. Pomimo s\u0142o\u0144ca \u015bwiec\u0105cego tu przez wiele godzin, jest tam mn\u00f3stwo bia\u0142ego puchu. Ale gdzie dok\u0142adnie tak jest we w\u0142oskich g\u00f3rach wysokich? <a href=\"https:\/\/www.snowtrex.pl\/\" target=\"_blank\" rel=\"noopener\">SnowTrex<\/a> przeanalizowa\u0142 swoje dane pogodowe i pokazuje, w kt\u00f3rych o\u015brodkach narciarskich we W\u0142oszech zim\u0105 2022\/2023 spad\u0142o \u0142\u0105cznie do 7,2 m \u015bniegu.<\/strong><\/p>\n<div class=\"tt-post-image-wrapper tt-post-image-wrapper-full\">\n            <div class=\"tt-image-copyright-container\">\n                <a href=\"https:\/\/www.snowtrex.pl\/magazyn\/files\/2023\/04\/RS16568_shutterstock_1097881925-bearbeitet-hsc.jpg\" target=\"_blank\" rel=\"noopener\"><img loading=\"lazy\" decoding=\"async\" data-wrapped=\"true\" class=\"wp-image-57276 size-Artikelbild_gro\u00df\" title=\"Mi\u0142o\u015bnicy sport\u00f3w zimowych mog\u0105 co roku znale\u017a\u0107 mn\u00f3stwo puchu po po\u0142udniowej stronie s\u0142ynnego na ca\u0142ym \u015bwiecie Matterhornu we w\u0142oskim o\u015brodku narciarskim Breuil-Cervinia Valtournenche\" src=\"https:\/\/www.snowtrex.pl\/magazyn\/files\/2023\/04\/RS16568_shutterstock_1097881925-bearbeitet-hsc-729x486.jpg\" alt=\"Mi\u0142o\u015bnicy sport\u00f3w zimowych mog\u0105 co roku znale\u017a\u0107 mn\u00f3stwo puchu po po\u0142udniowej stronie s\u0142ynnego na ca\u0142ym \u015bwiecie Matterhornu we w\u0142oskim o\u015brodku narciarskim Breuil-Cervinia Valtournenche\" width=\"729\" height=\"486\" srcset=\"https:\/\/www.snowtrex.pl\/magazyn\/files\/2023\/04\/RS16568_shutterstock_1097881925-bearbeitet-hsc-729x486.jpg 729w, https:\/\/www.snowtrex.pl\/magazyn\/files\/2023\/04\/RS16568_shutterstock_1097881925-bearbeitet-hsc-300x200.jpg 300w, https:\/\/www.snowtrex.pl\/magazyn\/files\/2023\/04\/RS16568_shutterstock_1097881925-bearbeitet-hsc-1024x683.jpg 1024w, https:\/\/www.snowtrex.pl\/magazyn\/files\/2023\/04\/RS16568_shutterstock_1097881925-bearbeitet-hsc-600x400.jpg 600w, https:\/\/www.snowtrex.pl\/magazyn\/files\/2023\/04\/RS16568_shutterstock_1097881925-bearbeitet-hsc-1536x1024.jpg 1536w, https:\/\/www.snowtrex.pl\/magazyn\/files\/2023\/04\/RS16568_shutterstock_1097881925-bearbeitet-hsc-468x312.jpg 468w, https:\/\/www.snowtrex.pl\/magazyn\/files\/2023\/04\/RS16568_shutterstock_1097881925-bearbeitet-hsc-999x666.jpg 999w, https:\/\/www.snowtrex.pl\/magazyn\/files\/2023\/04\/RS16568_shutterstock_1097881925-bearbeitet-hsc-645x430.jpg 645w, https:\/\/www.snowtrex.pl\/magazyn\/files\/2023\/04\/RS16568_shutterstock_1097881925-bearbeitet-hsc-552x368.jpg 552w, https:\/\/www.snowtrex.pl\/magazyn\/files\/2023\/04\/RS16568_shutterstock_1097881925-bearbeitet-hsc-405x270.jpg 405w, https:\/\/www.snowtrex.pl\/magazyn\/files\/2023\/04\/RS16568_shutterstock_1097881925-bearbeitet-hsc-336x224.jpg 336w, https:\/\/www.snowtrex.pl\/magazyn\/files\/2023\/04\/RS16568_shutterstock_1097881925-bearbeitet-hsc-276x184.jpg 276w, https:\/\/www.snowtrex.pl\/magazyn\/files\/2023\/04\/RS16568_shutterstock_1097881925-bearbeitet-hsc-234x156.jpg 234w, https:\/\/www.snowtrex.pl\/magazyn\/files\/2023\/04\/RS16568_shutterstock_1097881925-bearbeitet-hsc-192x128.jpg 192w, https:\/\/www.snowtrex.pl\/magazyn\/files\/2023\/04\/RS16568_shutterstock_1097881925-bearbeitet-hsc-120x80.jpg 120w, https:\/\/www.snowtrex.pl\/magazyn\/files\/2023\/04\/RS16568_shutterstock_1097881925-bearbeitet-hsc-30x20.jpg 30w, https:\/\/www.snowtrex.pl\/magazyn\/files\/2023\/04\/RS16568_shutterstock_1097881925-bearbeitet-hsc.jpg 1920w\" sizes=\"(min-width: 1009px) 729px, (min-width: 819px) 594px, (min-width: 569px) 729px, (min-width: 449px) 468px, 348px\" \/><\/a><div class=\"tt-image-copyright\" data-image-id=\"57276\">\u00a9 Tatsuo Nakamura\/shutterstock.de<\/div>\n            <\/div>\n            <div class=\"tt-post-caption\">Mi\u0142o\u015bnicy sport\u00f3w zimowych mog\u0105 co roku znale\u017a\u0107 mn\u00f3stwo puchu po po\u0142udniowej stronie s\u0142ynnego na ca\u0142ym \u015bwiecie Matterhornu we w\u0142oskim o\u015brodku narciarskim Breuil-Cervinia Valtournenche<\/div>\n         <\/div > \n<h2 id=\"10-najbardziej-za\u015bnie\u017conych-o\u015brodk\u00f3w-narciarskich-we-w\u0142oszech-w-sezonie-20222023-w-skr\u00f3cie\">10 najbardziej za\u015bnie\u017conych o\u015brodk\u00f3w narciarskich we W\u0142oszech w sezonie 2022\/2023 w skr\u00f3cie<\/h2>\n\n<table id=\"tablepress-62\" class=\"tablepress tablepress-id-62\">\n<thead>\n<tr class=\"row-1\">\n\t<th class=\"column-1\"><strong>Obszar narciarski\/region narciarski<\/strong><\/th><th class=\"column-2\"><strong>Miejsca<\/strong><\/th><th class=\"column-3\"><strong>Sezon g\u00f3rski ze \u015bwie\u017cym \u015bniegiem 2022\/2023<\/strong><\/th>\n<\/tr>\n<\/thead>\n<tbody class=\"row-striping row-hover\">\n<tr class=\"row-2\">\n\t<td class=\"column-1\"><a href=\"https:\/\/www.snowtrex.pl\/wlochy\/cervinia\/teren-narciarski.html\" target=\"_blank\" rel=\"noopener noreferrer\">Breuil-Cervinia Valtournenche<\/a><\/td><td class=\"column-2\">Cervinia<\/td><td class=\"column-3\">7,22 m<\/td>\n<\/tr>\n<tr class=\"row-3\">\n\t<td class=\"column-1\"><a href=\"https:\/\/www.snowtrex.pl\/wlochy\/gressoney_la_trinite\/teren-narciarski.html\" target=\"_blank\" rel=\"noopener noreferrer\">Monterosa Ski<\/a><\/td><td class=\"column-2\">Gressoney La Trinit\u00e9 \/ Champoluc<\/td><td class=\"column-3\">5,55 m<\/td>\n<\/tr>\n<tr class=\"row-4\">\n\t<td class=\"column-1\">Madesimo<\/td><td class=\"column-2\">Madesimo<\/td><td class=\"column-3\">5,07 m<\/td>\n<\/tr>\n<tr class=\"row-5\">\n\t<td class=\"column-1\"><a href=\"https:\/\/www.snowtrex.pl\/wlochy\/bardonecchia\/teren-narciarski.html\" target=\"_blank\" rel=\"noopener noreferrer\">Bardonecchia<\/a><\/td><td class=\"column-2\">Bardonecchia<\/td><td class=\"column-3\">4,83 m<\/td>\n<\/tr>\n<tr class=\"row-6\">\n\t<td class=\"column-1\"><a href=\"https:\/\/www.snowtrex.pl\/wlochy\/sestriere_via_lattea\/teren-narciarski.html\" target=\"_blank\" rel=\"noopener\">Via Lattea<\/a><\/td><td class=\"column-2\">Sestriere \/ Sauze d'Oulx<\/td><td class=\"column-3\">4,49 m<\/td>\n<\/tr>\n<tr class=\"row-7\">\n\t<td class=\"column-1\"><a href=\"https:\/\/www.snowtrex.pl\/wlochy\/naturns\/teren-narciarski.html\" target=\"_blank\" rel=\"noopener\">Schnalstaler Gletscher<\/a><\/td><td class=\"column-2\">Naturns \/ Vernagt \/ Kurzras<\/td><td class=\"column-3\">4,39 m<\/td>\n<\/tr>\n<tr class=\"row-8\">\n\t<td class=\"column-1\"><a href=\"https:\/\/www.snowtrex.pl\/wlochy\/prad_am_stilfserjoch\/teren-narciarski.html\" target=\"_blank\" rel=\"noopener\">Sulden<\/a><\/td><td class=\"column-2\">Prad am Stilfserjoch<\/td><td class=\"column-3\">4,31 m<\/td>\n<\/tr>\n<tr class=\"row-9\">\n\t<td class=\"column-1\"><a href=\"https:\/\/www.snowtrex.pl\/wlochy\/schluderns\/teren-narciarski.html\" target=\"_blank\" rel=\"noopener\">Watles - Mals<\/a><\/td><td class=\"column-2\">Schluderns \/ Mals<\/td><td class=\"column-3\">4,31 m<\/td>\n<\/tr>\n<tr class=\"row-10\">\n\t<td class=\"column-1\"><a href=\"https:\/\/www.snowtrex.pl\/wlochy\/cortina_dampezzo\/teren-narciarski.html\" target=\"_blank\" rel=\"noopener\">Cortina d'Ampezzo<\/a><\/td><td class=\"column-2\">Cortina d'Ampezzo \/ Misurina<\/td><td class=\"column-3\">4,13 m<\/td>\n<\/tr>\n<tr class=\"row-11\">\n\t<td class=\"column-1\"><a href=\"https:\/\/www.snowtrex.pl\/wlochy\/bormio\/teren-narciarski.html\" target=\"_blank\" rel=\"noopener\">Bormio<\/a><\/td><td class=\"column-2\">Bormio<\/td><td class=\"column-3\">3,84 m<\/td>\n<\/tr>\n<\/tbody>\n<\/table>\n<!-- #tablepress-62 from cache -->\n<h2 id=\"10-najbardziej-za\u015bnie\u017conych-o\u015brodk\u00f3w-narciarskich-we-w\u0142oszech-w-sezonie-20212022-w-skr\u00f3cie\">10 najbardziej za\u015bnie\u017conych o\u015brodk\u00f3w narciarskich we W\u0142oszech w sezonie 2021\/2022 w skr\u00f3cie<\/h2>\n\n<table id=\"tablepress-63\" class=\"tablepress tablepress-id-63\">\n<thead>\n<tr class=\"row-1\">\n\t<th class=\"column-1\"><strong>Obszar narciarski\/region narciarski<\/strong><\/th><th class=\"column-2\"><strong>Miejsca<\/strong><\/th><th class=\"column-3\"><strong>Sezon g\u00f3rski ze \u015bwie\u017cym \u015bniegiem 2021\/2022<\/strong><\/th>\n<\/tr>\n<\/thead>\n<tbody class=\"row-striping row-hover\">\n<tr class=\"row-2\">\n\t<td class=\"column-1\"><a href=\"https:\/\/www.snowtrex.pl\/wlochy\/cervinia\/teren-narciarski.html\" target=\"_blank\" rel=\"noopener noreferrer\">Breuil-Cervinia Valtournenche<\/a><\/td><td class=\"column-2\">Cervinia \/ Valtournenche<\/td><td class=\"column-3\">8,95 m<\/td>\n<\/tr>\n<tr class=\"row-3\">\n\t<td class=\"column-1\"><a href=\"https:\/\/www.snowtrex.pl\/wlochy\/la_thuile\/teren-narciarski.html\" target=\"_blank\" rel=\"noopener\">Espace San Bernardo<\/a><\/td><td class=\"column-2\">La Thuile<\/td><td class=\"column-3\">7,72 m<\/td>\n<\/tr>\n<tr class=\"row-4\">\n\t<td class=\"column-1\"><a href=\"https:\/\/www.snowtrex.pl\/wlochy\/brusson\/teren-narciarski.html\" target=\"_blank\" rel=\"noopener noreferrer\">Monterosa Ski<\/a><\/td><td class=\"column-2\">Gressoney La Trinit\u00e9 \/ Brusson \/ Alagna Valsesia \/ Champoluc<\/td><td class=\"column-3\">7,56 m<\/td>\n<\/tr>\n<tr class=\"row-5\">\n\t<td class=\"column-1\"><a href=\"https:\/\/www.snowtrex.pl\/wlochy\/naturns\/teren-narciarski.html\" target=\"_blank\" rel=\"noopener\">Schnalstaler Gletscher<\/a><\/td><td class=\"column-2\">Naturns \/ Vernagt \/ Kurzras<\/td><td class=\"column-3\">6,47 m<\/td>\n<\/tr>\n<tr class=\"row-6\">\n\t<td class=\"column-1\"><a href=\"https:\/\/www.snowtrex.pl\/wlochy\/trodena\/teren-narciarski.html\" target=\"_blank\" rel=\"noopener\">Val di Fiemme\/Obereggen<\/a><\/td><td class=\"column-2\">Truden<\/td><td class=\"column-3\">5,76 m<\/td>\n<\/tr>\n<tr class=\"row-7\">\n\t<td class=\"column-1\">Madesimo<\/td><td class=\"column-2\">Madesimo<\/td><td class=\"column-3\">5,64 m<\/td>\n<\/tr>\n<tr class=\"row-8\">\n\t<td class=\"column-1\"><a href=\"https:\/\/www.snowtrex.pl\/wlochy\/ortles\/narty.html\" target=\"_blank\" rel=\"noopener\">Arena narciarska dw\u00f3ch kraj\u00f3w<\/a><\/td><td class=\"column-2\">Mals \/ Prad am Stilfserjoch<\/td><td class=\"column-3\">5,24 m<\/td>\n<\/tr>\n<tr class=\"row-9\">\n\t<td class=\"column-1\"><a href=\"https:\/\/www.snowtrex.pl\/wlochy\/stilfs\/teren-narciarski.html\" target=\"_blank\" rel=\"noopener\">Sulden\u00a0<\/a><\/td><td class=\"column-2\">Stilfs \/ Sulden am Ortler<\/td><td class=\"column-3\">5,18 m<\/td>\n<\/tr>\n<tr class=\"row-10\">\n\t<td class=\"column-1\"><a href=\"https:\/\/www.snowtrex.pl\/wlochy\/trafoi\/teren-narciarski.html\" rel=\"noopener\">Furkel<\/a><\/td><td class=\"column-2\">Trafoi<\/td><td class=\"column-3\">5,18 m<\/td>\n<\/tr>\n<tr class=\"row-11\">\n\t<td class=\"column-1\"><a href=\"https:\/\/www.snowtrex.pl\/wlochy\/schluderns\/teren-narciarski.html\" target=\"_blank\" rel=\"noopener\">Watles - Mals<\/a><\/td><td class=\"column-2\">Schluderns<\/td><td class=\"column-3\">4,75 m<\/td>\n<\/tr>\n<\/tbody>\n<\/table>\n<!-- #tablepress-63 from cache -->\n<h2 id=\"10-najbardziej-za\u015bnie\u017conych-o\u015brodk\u00f3w-narciarskich-we-w\u0142oszech-20202021-w-skr\u00f3cie\">10 najbardziej za\u015bnie\u017conych o\u015brodk\u00f3w narciarskich we W\u0142oszech 2020\/2021 w skr\u00f3cie<\/h2>\n\n<table id=\"tablepress-64\" class=\"tablepress tablepress-id-64\">\n<thead>\n<tr class=\"row-1\">\n\t<th class=\"column-1\"><strong>Obszar narciarski\/region narciarski<\/strong><\/th><th class=\"column-2\"><strong>Miejsca<\/strong><\/th><th class=\"column-3\"><strong>Sezon g\u00f3rski ze \u015bwie\u017cym \u015bniegiem 2020\/2021<\/strong><\/th>\n<\/tr>\n<\/thead>\n<tbody class=\"row-striping row-hover\">\n<tr class=\"row-2\">\n\t<td class=\"column-1\"><a href=\"https:\/\/www.snowtrex.pl\/wlochy\/cervinia\/teren-narciarski.html\" target=\"_blank\" rel=\"noopener noreferrer\">Breuil-Cervinia Valtournenche<\/a><\/td><td class=\"column-2\">Cervinia \/ Valtournenche<\/td><td class=\"column-3\">8,25 m<\/td>\n<\/tr>\n<tr class=\"row-3\">\n\t<td class=\"column-1\">Madesimo<\/td><td class=\"column-2\">Madesimo<\/td><td class=\"column-3\">7,96 m<\/td>\n<\/tr>\n<tr class=\"row-4\">\n\t<td class=\"column-1\"><a href=\"https:\/\/www.snowtrex.pl\/wlochy\/la_thuile\/teren-narciarski.html\" target=\"_blank\" rel=\"noopener\">Espace San Bernardo<\/a><\/td><td class=\"column-2\">La Thuile<\/td><td class=\"column-3\">7,58 m<\/td>\n<\/tr>\n<tr class=\"row-5\">\n\t<td class=\"column-1\"><a href=\"https:\/\/www.snowtrex.pl\/wlochy\/misurina\/teren-narciarski.html\" target=\"_blank\" rel=\"noopener\">Cortina d\u2019Ampezzo<\/a><\/td><td class=\"column-2\">Cortina d\u2019Ampezzo \/ Misurina<\/td><td class=\"column-3\">7,57 m<\/td>\n<\/tr>\n<tr class=\"row-6\">\n\t<td class=\"column-1\"><a href=\"https:\/\/www.snowtrex.pl\/wlochy\/brusson\/teren-narciarski.html\" target=\"_blank\" rel=\"noopener noreferrer\">Monterosa Ski<\/a><\/td><td class=\"column-2\">Gressoney La Trinit\u00e9 \/ Brusson \/ Alagna Valsesia<\/td><td class=\"column-3\">7,47 m<\/td>\n<\/tr>\n<tr class=\"row-7\">\n\t<td class=\"column-1\"><a href=\"https:\/\/www.snowtrex.pl\/wlochy\/naturns\/teren-narciarski.html\" target=\"_blank\" rel=\"noopener\">Schnalstaler Gletscher<\/a><\/td><td class=\"column-2\">Naturns \/ Vernagt \/ Kurzras<\/td><td class=\"column-3\">7,20 m<\/td>\n<\/tr>\n<tr class=\"row-8\">\n\t<td class=\"column-1\"><a href=\"https:\/\/www.snowtrex.pl\/wlochy\/ortles\/narty.html\" target=\"_blank\" rel=\"noopener\">Zwei L\u00e4nder Skiarena<\/a><\/td><td class=\"column-2\">Mals \/ Prad am Stilfserjoch<\/td><td class=\"column-3\">6,97 m<\/td>\n<\/tr>\n<tr class=\"row-9\">\n\t<td class=\"column-1\"><a href=\"https:\/\/www.snowtrex.pl\/wlochy\/san_martino_di_castrozza\/teren-narciarski.html\" target=\"_blank\" rel=\"noopener\">San Martino di Castrozza\u00a0<\/a><\/td><td class=\"column-2\">San Martino di Castrozza<\/td><td class=\"column-3\">6,67 m<\/td>\n<\/tr>\n<tr class=\"row-10\">\n\t<td class=\"column-1\"><a href=\"https:\/\/www.snowtrex.pl\/wlochy\/passo_del_tonale\/teren-narciarski.html\" target=\"_blank\" rel=\"noopener\">Pontedilegno Tonale<\/a><\/td><td class=\"column-2\">Passo del Tonale<\/td><td class=\"column-3\">6,65 m<\/td>\n<\/tr>\n<tr class=\"row-11\">\n\t<td class=\"column-1\"><a href=\"https:\/\/www.snowtrex.pl\/wlochy\/sulden_am_ortler\/teren-narciarski.html\" target=\"_blank\" rel=\"noopener\">Sulden\u00a0<\/a><\/td><td class=\"column-2\">Schluderns \/ Sulden am Ortler<\/td><td class=\"column-3\">6,42 m<\/td>\n<\/tr>\n<\/tbody>\n<\/table>\n<!-- #tablepress-64 from cache -->\n<p>Gdzie sprawdzi\u0107, ile \u015bniegu jest obecnie we W\u0142oszech? SnowTrex zna aktualn\u0105 <a href=\"https:\/\/www.snowtrex.pl\/wlochy\/pogoda.html\" target=\"_blank\" rel=\"noopener noreferrer\">grubo\u015b\u0107 pokrywy \u015bnie\u017cnej<\/a> we W\u0142oszech.<\/p>\n<h2 id=\"faq-zur-schneestatistik-schweiz\" id=\"cz\u0119sto-zadawane-pytania-dotycz\u0105ce-statystyk-opad\u00f3w-\u015bniegu-we-w\u0142ochszech\">Cz\u0119sto zadawane pytania dotycz\u0105ce statystyk opad\u00f3w \u015bniegu we W\u0142ochszech<\/h2>\n<h3>Ile \u015bniegu spada we W\u0142oszech?<\/h3>\n<p>W wysokich g\u00f3rach po po\u0142udniowej stronie Alp we W\u0142oszech opady \u015bniegu zapewniaj\u0105 idealne warunki narciarskie ka\u017cdej zimy. Potwierdzi\u0142o si\u0119 to r\u00f3wnie\u017c w sezonie 2022\/23, a o\u015brodek narciarski Breuil-Cervinia &#8211; Valtournenche w cieniu Matterhornu cieszy\u0142 si\u0119 najwi\u0119ksz\u0105 ilo\u015bci\u0105 \u015bwie\u017cego \u015bniegu. Od ko\u0144ca wrze\u015bnia do pocz\u0105tku kwietnia spad\u0142o tam \u0142\u0105cznie 7,22 m bia\u0142ego puchu. Drugie miejsce na podium pod wzgl\u0119dem opad\u00f3w zaj\u0105\u0142 teren narciarski Monterosa z wynikiem 5,55 m. Z kolei teren narciarski Madesimo zdoby\u0142 br\u0105z z sum\u0105 opad\u00f3w r\u00f3wn\u0105 4,83 m \u015bwie\u017cego \u015bniegu.<\/p>\n<h3>Gdzie na \u015bwiecie pada najwi\u0119cej \u015bniegu?<\/h3>\n<p>Faktem jest, \u017ce historycznie Alpy mia\u0142y najwi\u0119cej opad\u00f3w \u015bniegu zim\u0105 na ca\u0142ym \u015bwiecie. Jednak to konkretne pasmo g\u00f3rskie nie znajduje si\u0119 w Europie, ale w Azji. Najbardziej \u015bnie\u017cny region na \u015bwiecie znajduje si\u0119 na zachodzie g\u0142\u00f3wnej japo\u0144skiej wyspy Honshu. Tutaj, w Alpach Japo\u0144skich, ka\u017cdego roku spada \u015brednio od 30 do 38 m \u015bwie\u017cego bia\u0142ego puchu!<\/p>\n<h3>Kiedy spad\u0142o najwi\u0119cej \u015bniegu we w\u0142oskich Alpach?<\/h3>\n<p>W pami\u0119ci mieszka\u0144c\u00f3w Capracotta (1,421 m n.p.m.) jeszcze d\u0142ugo b\u0119dzie twki\u0142a data 11 marca 2015 roku. Od tego czasu ma\u0142a wioska na prowincji Isernia w \u015brodkowych W\u0142oszech znajduje si\u0119 w Ksi\u0119dze Rekord\u00f3w Guinnessa. Tego dnia w ci\u0105gu zaledwie 18 godzin spad\u0142o tu 2,56 m \u015bniegu! Capracotta zast\u0105pi\u0142a tym samym dotychczasowego rekordzist\u0119 \u015bwiata pod wzgl\u0119dem ilo\u015bci opad\u00f3w, Silver Lake. W 1921 roku w mie\u015bcie w ameryka\u0144skim stanie Kolorado w G\u00f3rach Skalistych spad\u0142o 1,93 m bia\u0142ego puchu &#8211; cho\u0107 w ci\u0105gu 24 godzin.<\/p>\n","protected":false},"excerpt":{"rendered":"<p>W\u0142ochy maj\u0105 o wiele wi\u0119cej do zaoferowania poza pizz\u0105 i makaronem, zw\u0142aszcza zim\u0105 &#8211; mn\u00f3stwo puchu! Znane regiony narciarskie w Po\u0142udniowym Tyrolu s\u0105 szczeg\u00f3lnie imponuj\u0105ce dzi\u0119ki zachwycaj\u0105cym g\u00f3rskim krajobrazom, kt\u00f3re mo\u017cna podziwia\u0107 podczas idealnych warunk\u00f3w pogodowych. Pomimo s\u0142o\u0144ca \u015bwiec\u0105cego tu przez wiele godzin, jest tam mn\u00f3stwo bia\u0142ego puchu. Ale gdzie dok\u0142adnie tak jest we w\u0142oskich g\u00f3rach wysokich? SnowTrex przeanalizowa\u0142 swoje dane pogodowe i pokazuje, w kt\u00f3rych o\u015brodkach narciarskich we W\u0142oszech zim\u0105 2022\/2023 spad\u0142o \u0142\u0105cznie do 7,2 m \u015bniegu.<\/p>\n","protected":false},"author":175,"featured_media":57276,"comment_status":"closed","ping_status":"closed","sticky":false,"template":"","format":"standard","meta":{"footnotes":""},"categories":[4],"tags":[5328,5593,5359,5805,5569,5571,5635,5817,5636,5902,5831,5713,5615,5821,5473,5768,5809,5354,5904,5529,5479,5356,5530,5760,5806,5834,5477,53],"class_list":["post-38266","post","type-post","status-publish","format-standard","has-post-thumbnail","hentry","category-osrodki-narciarskie","tag-alagna_valsesia","tag-brusson","tag-cervinia","tag-cervinia-matterhorn","tag-champoluc","tag-gressoney_la_trinite","tag-la_thuile","tag-lombardia","tag-madesimo","tag-malles_venosta_niem-_mals","tag-maso_corto_niem-_kurzras","tag-mont_blanc","tag-monte_rosa","tag-monterosa","tag-naturno_niem-_naturns","tag-ortles","tag-piemont","tag-prato_allo_stelvio_niem-_prad_am_stilfserjoch","tag-sluderno_niem-_schluderns","tag-solda_niem-_sulden_am_ortler","tag-sondrio","tag-stelvio_niem-_stilfs","tag-trafoi","tag-tyrol-poludniowy","tag-val-daoste","tag-val_senales","tag-vernago_niem-_vernagt","tag-wlochy"],"yoast_head":"<!-- This site is optimized with the Yoast SEO Premium plugin v27.3 (Yoast SEO v27.3) - https:\/\/yoast.com\/product\/yoast-seo-premium-wordpress\/ -->\n<title>Statystyki \u015bniegu W\u0142ochy - Gdzie we W\u0142oszech pada najwi\u0119cej \u015bniegu?<\/title>\n<meta name=\"description\" content=\"W\u0142ochy maj\u0105 do zaoferowania mn\u00f3stwo puchu! SnowTrex podsumowa\u0142, kt\u00f3re g\u00f3ry i lodowce maj\u0105 najwi\u0119cej \u015bniegu we W\u0142oszech.\" \/>\n<meta name=\"robots\" content=\"index, follow, max-snippet:-1, max-image-preview:large, max-video-preview:-1\" \/>\n<link rel=\"canonical\" href=\"https:\/\/www.snowtrex.pl\/magazyn\/osrodki-narciarskie\/statystyki-sniegu-italia\/\" \/>\n<meta property=\"og:locale\" content=\"pl_PL\" \/>\n<meta property=\"og:type\" content=\"article\" \/>\n<meta property=\"og:title\" content=\"Statystyki opad\u00f3w: gdzie we W\u0142oszech spada najwi\u0119cej \u015bniegu?\" \/>\n<meta property=\"og:description\" content=\"W\u0142ochy maj\u0105 o wiele wi\u0119cej do zaoferowania poza pizz\u0105 i makaronem, zw\u0142aszcza zim\u0105 - mn\u00f3stwo puchu! Znane regiony narciarskie w Po\u0142udniowym Tyrolu s\u0105 szczeg\u00f3lnie imponuj\u0105ce dzi\u0119ki zachwycaj\u0105cym g\u00f3rskim krajobrazom, kt\u00f3re mo\u017cna podziwia\u0107 podczas idealnych warunk\u00f3w pogodowych. Pomimo s\u0142o\u0144ca \u015bwiec\u0105cego tu przez wiele godzin, jest tam mn\u00f3stwo bia\u0142ego puchu. Ale gdzie dok\u0142adnie tak jest we w\u0142oskich g\u00f3rach wysokich? SnowTrex przeanalizowa\u0142 swoje dane pogodowe i pokazuje, w kt\u00f3rych o\u015brodkach narciarskich we W\u0142oszech zim\u0105 2022\/2023 spad\u0142o \u0142\u0105cznie do 7,2 m \u015bniegu.\" \/>\n<meta property=\"og:url\" content=\"https:\/\/www.snowtrex.pl\/magazyn\/osrodki-narciarskie\/statystyki-sniegu-italia\/\" \/>\n<meta property=\"og:site_name\" content=\"SnowTrex magazyn narciarski\" \/>\n<meta property=\"article:publisher\" content=\"https:\/\/www.facebook.com\/SnowTrex.de\/\" \/>\n<meta property=\"article:author\" content=\"https:\/\/www.facebook.com\/snowtrex\/\" \/>\n<meta property=\"article:published_time\" content=\"2024-04-22T07:13:36+00:00\" \/>\n<meta property=\"article:modified_time\" content=\"2025-06-26T12:48:19+00:00\" \/>\n<meta property=\"og:image\" content=\"https:\/\/www.snowtrex.pl\/magazyn\/files\/2023\/04\/RS16568_shutterstock_1097881925-bearbeitet-hsc.jpg\" \/>\n\t<meta property=\"og:image:width\" content=\"1920\" \/>\n\t<meta property=\"og:image:height\" content=\"1280\" \/>\n\t<meta property=\"og:image:type\" content=\"image\/jpeg\" \/>\n<meta name=\"author\" content=\"SnowTrex\" \/>\n<meta name=\"twitter:label1\" content=\"Napisane przez\" \/>\n\t<meta name=\"twitter:data1\" content=\"SnowTrex\" \/>\n\t<meta name=\"twitter:label2\" content=\"Szacowany czas czytania\" \/>\n\t<meta name=\"twitter:data2\" content=\"3 minuty\" \/>\n<script type=\"application\/ld+json\" class=\"yoast-schema-graph\">{\"@context\":\"https:\\\/\\\/schema.org\",\"@graph\":[{\"@type\":\"Article\",\"@id\":\"http:\\\/\\\/wp-magazin.snowtrex.pl\\\/osrodki-narciarskie\\\/statystyki-sniegu-italia\\\/#article\",\"isPartOf\":{\"@id\":\"http:\\\/\\\/wp-magazin.snowtrex.pl\\\/osrodki-narciarskie\\\/statystyki-sniegu-italia\\\/\"},\"author\":{\"name\":\"SnowTrex\",\"@id\":\"http:\\\/\\\/wp-magazin.snowtrex.pl\\\/#\\\/schema\\\/person\\\/8e389f383d57ca71d928d1ce1eebb566\"},\"headline\":\"Statystyki opad\u00f3w: gdzie we W\u0142oszech spada najwi\u0119cej \u015bniegu?\",\"datePublished\":\"2024-04-22T07:13:36+00:00\",\"dateModified\":\"2025-06-26T12:48:19+00:00\",\"mainEntityOfPage\":{\"@id\":\"http:\\\/\\\/wp-magazin.snowtrex.pl\\\/osrodki-narciarskie\\\/statystyki-sniegu-italia\\\/\"},\"wordCount\":526,\"publisher\":{\"@id\":\"http:\\\/\\\/wp-magazin.snowtrex.pl\\\/#organization\"},\"image\":{\"@id\":\"http:\\\/\\\/wp-magazin.snowtrex.pl\\\/osrodki-narciarskie\\\/statystyki-sniegu-italia\\\/#primaryimage\"},\"thumbnailUrl\":\"http:\\\/\\\/wp-magazin.snowtrex.pl\\\/files\\\/2023\\\/04\\\/RS16568_shutterstock_1097881925-bearbeitet-hsc.jpg\",\"keywords\":[\"Alagna Valsesia\",\"Brusson\",\"Cervinia\",\"Cervinia (Matterhorn)\",\"Champoluc\",\"Gressoney La Trinit\u00e9\",\"La Thuile\",\"Lombardia\",\"Madesimo\",\"Malles Venosta (niem. Mals)\",\"Maso Corto (niem. Kurzras)\",\"Mont Blanc\",\"Monte Rosa\",\"Monterosa\",\"Naturno (niem. Naturns)\",\"Ortles\",\"Piemont\",\"Prato allo Stelvio (niem. Prad am Stilfserjoch)\",\"Sluderno (niem. Schluderns)\",\"Solda (niem. Sulden am Ortler)\",\"Sondrio\",\"Stelvio (niem. Stilfs)\",\"Trafoi\",\"Tyrol Po\u0142udniowy\",\"Val d'Aoste\",\"Val Senales\",\"Vernago (niem. Vernagt)\",\"W\u0142ochy\"],\"articleSection\":[\"O\u015brodki narciarskie\"],\"inLanguage\":\"pl-PL\"},{\"@type\":\"WebPage\",\"@id\":\"http:\\\/\\\/wp-magazin.snowtrex.pl\\\/osrodki-narciarskie\\\/statystyki-sniegu-italia\\\/\",\"url\":\"http:\\\/\\\/wp-magazin.snowtrex.pl\\\/osrodki-narciarskie\\\/statystyki-sniegu-italia\\\/\",\"name\":\"Statystyki \u015bniegu W\u0142ochy - Gdzie we W\u0142oszech pada najwi\u0119cej \u015bniegu?\",\"primaryImageOfPage\":{\"@id\":\"http:\\\/\\\/wp-magazin.snowtrex.pl\\\/osrodki-narciarskie\\\/statystyki-sniegu-italia\\\/#primaryimage\"},\"image\":{\"@id\":\"http:\\\/\\\/wp-magazin.snowtrex.pl\\\/osrodki-narciarskie\\\/statystyki-sniegu-italia\\\/#primaryimage\"},\"thumbnailUrl\":\"http:\\\/\\\/wp-magazin.snowtrex.pl\\\/files\\\/2023\\\/04\\\/RS16568_shutterstock_1097881925-bearbeitet-hsc.jpg\",\"datePublished\":\"2024-04-22T07:13:36+00:00\",\"dateModified\":\"2025-06-26T12:48:19+00:00\",\"description\":\"W\u0142ochy maj\u0105 do zaoferowania mn\u00f3stwo puchu! SnowTrex podsumowa\u0142, kt\u00f3re g\u00f3ry i lodowce maj\u0105 najwi\u0119cej \u015bniegu we W\u0142oszech.\",\"inLanguage\":\"pl-PL\"},{\"@type\":\"ImageObject\",\"inLanguage\":\"pl-PL\",\"@id\":\"http:\\\/\\\/wp-magazin.snowtrex.pl\\\/osrodki-narciarskie\\\/statystyki-sniegu-italia\\\/#primaryimage\",\"url\":\"http:\\\/\\\/wp-magazin.snowtrex.pl\\\/files\\\/2023\\\/04\\\/RS16568_shutterstock_1097881925-bearbeitet-hsc.jpg\",\"contentUrl\":\"http:\\\/\\\/wp-magazin.snowtrex.pl\\\/files\\\/2023\\\/04\\\/RS16568_shutterstock_1097881925-bearbeitet-hsc.jpg\",\"width\":1920,\"height\":1280,\"caption\":\"Quelle: Shutterstock (Standard Lizenz); Frei (Web, Print, SocialMedia) RED+ \u00a9\"},{\"@type\":\"WebSite\",\"@id\":\"http:\\\/\\\/wp-magazin.snowtrex.pl\\\/#website\",\"url\":\"http:\\\/\\\/wp-magazin.snowtrex.pl\\\/\",\"name\":\"SnowTrex magazyn narciarski\",\"description\":\"wszystko na temat narciarstwa, snowboardu i urlopu zimowego!\",\"publisher\":{\"@id\":\"http:\\\/\\\/wp-magazin.snowtrex.pl\\\/#organization\"},\"inLanguage\":\"pl-PL\"},{\"@type\":\"Organization\",\"@id\":\"http:\\\/\\\/wp-magazin.snowtrex.pl\\\/#organization\",\"name\":\"TravelTrex GmbH\",\"url\":\"http:\\\/\\\/wp-magazin.snowtrex.pl\\\/\",\"logo\":{\"@type\":\"ImageObject\",\"inLanguage\":\"pl-PL\",\"@id\":\"http:\\\/\\\/wp-magazin.snowtrex.pl\\\/#\\\/schema\\\/logo\\\/image\\\/\",\"url\":\"\",\"contentUrl\":\"\",\"caption\":\"TravelTrex GmbH\"},\"image\":{\"@id\":\"http:\\\/\\\/wp-magazin.snowtrex.pl\\\/#\\\/schema\\\/logo\\\/image\\\/\"},\"sameAs\":[\"https:\\\/\\\/www.facebook.com\\\/SnowTrex.de\\\/\",\"https:\\\/\\\/www.instagram.com\\\/snowtrex_ski\\\/\"],\"description\":\"Od 1999 roku SnowTrex jest wiod\u0105cym niemieckim organizatorem wyjazd\u00f3w narciarskich. Firma oferuje swoje us\u0142ugi w 13 j\u0119zykach i co roku zabiera ponad 100 000 go\u015bci do popularnych miejsc, takich jak Austria, Francja, W\u0142ochy, Szwajcaria i Niemcy.\",\"email\":\"info-pl@snowtrex.com\",\"telephone\":\"22 380 39 00\",\"legalName\":\"TravelTrex GmbH\",\"foundingDate\":\"1999-07-01\",\"vatID\":\"DE 813 076 768\",\"numberOfEmployees\":{\"@type\":\"QuantitativeValue\",\"minValue\":\"51\",\"maxValue\":\"200\"}},{\"@type\":\"Person\",\"@id\":\"http:\\\/\\\/wp-magazin.snowtrex.pl\\\/#\\\/schema\\\/person\\\/8e389f383d57ca71d928d1ce1eebb566\",\"name\":\"SnowTrex\",\"description\":\"Redakcja magazynu SnowTrex sk\u0142ada si\u0119 z do\u015bwiadczonych mi\u0142o\u015bnik\u00f3w sport\u00f3w zimowych i ekspert\u00f3w turystycznych, kt\u00f3rzy dziel\u0105 si\u0119 swoj\u0105 pasj\u0105 w merytorycznych artyku\u0142ach na temat o\u015brodk\u00f3w narciarskich, sprz\u0119tu i wskaz\u00f3wek dotycz\u0105cych podr\u00f3\u017cy. Od 1999 roku SnowTrex jest wiod\u0105cym niemieckim organizatorem wyjazd\u00f3w narciarskich. Firma oferuje swoje us\u0142ugi w 13 j\u0119zykach i co roku zabiera ponad 100 000 go\u015bci do popularnych miejsc, takich jak Austria, Francja, W\u0142ochy, Szwajcaria i Niemcy.\",\"sameAs\":[\"https:\\\/\\\/www.snowtrex.pl\\\/\",\"https:\\\/\\\/www.facebook.com\\\/snowtrex\\\/\",\"https:\\\/\\\/www.instagram.com\\\/snowtrex_ski\\\/\",\"https:\\\/\\\/www.youtube.com\\\/c\\\/SnowTrex\"]}]}<\/script>\n<!-- \/ Yoast SEO Premium plugin. -->","yoast_head_json":{"title":"Statystyki \u015bniegu W\u0142ochy - Gdzie we W\u0142oszech pada najwi\u0119cej \u015bniegu?","description":"W\u0142ochy maj\u0105 do zaoferowania mn\u00f3stwo puchu! SnowTrex podsumowa\u0142, kt\u00f3re g\u00f3ry i lodowce maj\u0105 najwi\u0119cej \u015bniegu we W\u0142oszech.","robots":{"index":"index","follow":"follow","max-snippet":"max-snippet:-1","max-image-preview":"max-image-preview:large","max-video-preview":"max-video-preview:-1"},"canonical":"https:\/\/www.snowtrex.pl\/magazyn\/osrodki-narciarskie\/statystyki-sniegu-italia\/","og_locale":"pl_PL","og_type":"article","og_title":"Statystyki opad\u00f3w: gdzie we W\u0142oszech spada najwi\u0119cej \u015bniegu?","og_description":"W\u0142ochy maj\u0105 o wiele wi\u0119cej do zaoferowania poza pizz\u0105 i makaronem, zw\u0142aszcza zim\u0105 - mn\u00f3stwo puchu! Znane regiony narciarskie w Po\u0142udniowym Tyrolu s\u0105 szczeg\u00f3lnie imponuj\u0105ce dzi\u0119ki zachwycaj\u0105cym g\u00f3rskim krajobrazom, kt\u00f3re mo\u017cna podziwia\u0107 podczas idealnych warunk\u00f3w pogodowych. Pomimo s\u0142o\u0144ca \u015bwiec\u0105cego tu przez wiele godzin, jest tam mn\u00f3stwo bia\u0142ego puchu. Ale gdzie dok\u0142adnie tak jest we w\u0142oskich g\u00f3rach wysokich? SnowTrex przeanalizowa\u0142 swoje dane pogodowe i pokazuje, w kt\u00f3rych o\u015brodkach narciarskich we W\u0142oszech zim\u0105 2022\/2023 spad\u0142o \u0142\u0105cznie do 7,2 m \u015bniegu.","og_url":"https:\/\/www.snowtrex.pl\/magazyn\/osrodki-narciarskie\/statystyki-sniegu-italia\/","og_site_name":"SnowTrex magazyn narciarski","article_publisher":"https:\/\/www.facebook.com\/SnowTrex.de\/","article_author":"https:\/\/www.facebook.com\/snowtrex\/","article_published_time":"2024-04-22T07:13:36+00:00","article_modified_time":"2025-06-26T12:48:19+00:00","og_image":[{"width":1920,"height":1280,"url":"https:\/\/www.snowtrex.pl\/magazyn\/files\/2023\/04\/RS16568_shutterstock_1097881925-bearbeitet-hsc.jpg","type":"image\/jpeg"}],"author":"SnowTrex","twitter_misc":{"Napisane przez":"SnowTrex","Szacowany czas czytania":"3 minuty"},"schema":{"@context":"https:\/\/schema.org","@graph":[{"@type":"Article","@id":"https:\/\/www.snowtrex.pl\/magazyn\/osrodki-narciarskie\/statystyki-sniegu-italia\/#article","isPartOf":{"@id":"https:\/\/www.snowtrex.pl\/magazyn\/osrodki-narciarskie\/statystyki-sniegu-italia\/"},"author":{"name":"SnowTrex","@id":"https:\/\/www.snowtrex.pl\/magazyn\/#\/schema\/person\/8e389f383d57ca71d928d1ce1eebb566"},"headline":"Statystyki opad\u00f3w: gdzie we W\u0142oszech spada najwi\u0119cej \u015bniegu?","datePublished":"2024-04-22T07:13:36+00:00","dateModified":"2025-06-26T12:48:19+00:00","mainEntityOfPage":{"@id":"https:\/\/www.snowtrex.pl\/magazyn\/osrodki-narciarskie\/statystyki-sniegu-italia\/"},"wordCount":526,"publisher":{"@id":"https:\/\/www.snowtrex.pl\/magazyn\/#organization"},"image":{"@id":"https:\/\/www.snowtrex.pl\/magazyn\/osrodki-narciarskie\/statystyki-sniegu-italia\/#primaryimage"},"thumbnailUrl":"https:\/\/www.snowtrex.pl\/magazyn\/files\/2023\/04\/RS16568_shutterstock_1097881925-bearbeitet-hsc.jpg","keywords":["Alagna Valsesia","Brusson","Cervinia","Cervinia (Matterhorn)","Champoluc","Gressoney La Trinit\u00e9","La Thuile","Lombardia","Madesimo","Malles Venosta (niem. Mals)","Maso Corto (niem. Kurzras)","Mont Blanc","Monte Rosa","Monterosa","Naturno (niem. Naturns)","Ortles","Piemont","Prato allo Stelvio (niem. Prad am Stilfserjoch)","Sluderno (niem. Schluderns)","Solda (niem. Sulden am Ortler)","Sondrio","Stelvio (niem. Stilfs)","Trafoi","Tyrol Po\u0142udniowy","Val d'Aoste","Val Senales","Vernago (niem. Vernagt)","W\u0142ochy"],"articleSection":["O\u015brodki narciarskie"],"inLanguage":"pl-PL"},{"@type":"WebPage","@id":"https:\/\/www.snowtrex.pl\/magazyn\/osrodki-narciarskie\/statystyki-sniegu-italia\/","url":"https:\/\/www.snowtrex.pl\/magazyn\/osrodki-narciarskie\/statystyki-sniegu-italia\/","name":"Statystyki \u015bniegu W\u0142ochy - Gdzie we W\u0142oszech pada najwi\u0119cej \u015bniegu?","primaryImageOfPage":{"@id":"https:\/\/www.snowtrex.pl\/magazyn\/osrodki-narciarskie\/statystyki-sniegu-italia\/#primaryimage"},"image":{"@id":"https:\/\/www.snowtrex.pl\/magazyn\/osrodki-narciarskie\/statystyki-sniegu-italia\/#primaryimage"},"thumbnailUrl":"https:\/\/www.snowtrex.pl\/magazyn\/files\/2023\/04\/RS16568_shutterstock_1097881925-bearbeitet-hsc.jpg","datePublished":"2024-04-22T07:13:36+00:00","dateModified":"2025-06-26T12:48:19+00:00","description":"W\u0142ochy maj\u0105 do zaoferowania mn\u00f3stwo puchu! SnowTrex podsumowa\u0142, kt\u00f3re g\u00f3ry i lodowce maj\u0105 najwi\u0119cej \u015bniegu we W\u0142oszech.","inLanguage":"pl-PL"},{"@type":"ImageObject","inLanguage":"pl-PL","@id":"https:\/\/www.snowtrex.pl\/magazyn\/osrodki-narciarskie\/statystyki-sniegu-italia\/#primaryimage","url":"https:\/\/www.snowtrex.pl\/magazyn\/files\/2023\/04\/RS16568_shutterstock_1097881925-bearbeitet-hsc.jpg","contentUrl":"https:\/\/www.snowtrex.pl\/magazyn\/files\/2023\/04\/RS16568_shutterstock_1097881925-bearbeitet-hsc.jpg","width":1920,"height":1280,"caption":"Quelle: Shutterstock (Standard Lizenz); Frei (Web, Print, SocialMedia) RED+ \u00a9"},{"@type":"WebSite","@id":"https:\/\/www.snowtrex.pl\/magazyn\/#website","url":"https:\/\/www.snowtrex.pl\/magazyn\/","name":"SnowTrex magazyn narciarski","description":"wszystko na temat narciarstwa, snowboardu i urlopu zimowego!","publisher":{"@id":"https:\/\/www.snowtrex.pl\/magazyn\/#organization"},"inLanguage":"pl-PL"},{"@type":"Organization","@id":"https:\/\/www.snowtrex.pl\/magazyn\/#organization","name":"TravelTrex GmbH","url":"https:\/\/www.snowtrex.pl\/magazyn\/","logo":{"@type":"ImageObject","inLanguage":"pl-PL","@id":"https:\/\/www.snowtrex.pl\/magazyn\/#\/schema\/logo\/image\/","url":"","contentUrl":"","caption":"TravelTrex GmbH"},"image":{"@id":"https:\/\/www.snowtrex.pl\/magazyn\/#\/schema\/logo\/image\/"},"sameAs":["https:\/\/www.facebook.com\/SnowTrex.de\/","https:\/\/www.instagram.com\/snowtrex_ski\/"],"description":"Od 1999 roku SnowTrex jest wiod\u0105cym niemieckim organizatorem wyjazd\u00f3w narciarskich. Firma oferuje swoje us\u0142ugi w 13 j\u0119zykach i co roku zabiera ponad 100 000 go\u015bci do popularnych miejsc, takich jak Austria, Francja, W\u0142ochy, Szwajcaria i Niemcy.","email":"info-pl@snowtrex.com","telephone":"22 380 39 00","legalName":"TravelTrex GmbH","foundingDate":"1999-07-01","vatID":"DE 813 076 768","numberOfEmployees":{"@type":"QuantitativeValue","minValue":"51","maxValue":"200"}},{"@type":"Person","@id":"https:\/\/www.snowtrex.pl\/magazyn\/#\/schema\/person\/8e389f383d57ca71d928d1ce1eebb566","name":"SnowTrex","description":"Redakcja magazynu SnowTrex sk\u0142ada si\u0119 z do\u015bwiadczonych mi\u0142o\u015bnik\u00f3w sport\u00f3w zimowych i ekspert\u00f3w turystycznych, kt\u00f3rzy dziel\u0105 si\u0119 swoj\u0105 pasj\u0105 w merytorycznych artyku\u0142ach na temat o\u015brodk\u00f3w narciarskich, sprz\u0119tu i wskaz\u00f3wek dotycz\u0105cych podr\u00f3\u017cy. Od 1999 roku SnowTrex jest wiod\u0105cym niemieckim organizatorem wyjazd\u00f3w narciarskich. Firma oferuje swoje us\u0142ugi w 13 j\u0119zykach i co roku zabiera ponad 100 000 go\u015bci do popularnych miejsc, takich jak Austria, Francja, W\u0142ochy, Szwajcaria i Niemcy.","sameAs":["https:\/\/www.snowtrex.pl\/","https:\/\/www.facebook.com\/snowtrex\/","https:\/\/www.instagram.com\/snowtrex_ski\/","https:\/\/www.youtube.com\/c\/SnowTrex"]}]}},"wp-worthy-pixel":{"ignored":false,"public":null,"server":null,"url":null},"wp-worthy-type":"normal","_links":{"self":[{"href":"https:\/\/www.snowtrex.pl\/magazyn\/wp-json\/wp\/v2\/posts\/38266","targetHints":{"allow":["GET"]}}],"collection":[{"href":"https:\/\/www.snowtrex.pl\/magazyn\/wp-json\/wp\/v2\/posts"}],"about":[{"href":"https:\/\/www.snowtrex.pl\/magazyn\/wp-json\/wp\/v2\/types\/post"}],"author":[{"embeddable":true,"href":"https:\/\/www.snowtrex.pl\/magazyn\/wp-json\/wp\/v2\/users\/175"}],"replies":[{"embeddable":true,"href":"https:\/\/www.snowtrex.pl\/magazyn\/wp-json\/wp\/v2\/comments?post=38266"}],"version-history":[{"count":16,"href":"https:\/\/www.snowtrex.pl\/magazyn\/wp-json\/wp\/v2\/posts\/38266\/revisions"}],"predecessor-version":[{"id":57671,"href":"https:\/\/www.snowtrex.pl\/magazyn\/wp-json\/wp\/v2\/posts\/38266\/revisions\/57671"}],"wp:featuredmedia":[{"embeddable":true,"href":"https:\/\/www.snowtrex.pl\/magazyn\/wp-json\/wp\/v2\/media\/57276"}],"wp:attachment":[{"href":"https:\/\/www.snowtrex.pl\/magazyn\/wp-json\/wp\/v2\/media?parent=38266"}],"wp:term":[{"taxonomy":"category","embeddable":true,"href":"https:\/\/www.snowtrex.pl\/magazyn\/wp-json\/wp\/v2\/categories?post=38266"},{"taxonomy":"post_tag","embeddable":true,"href":"https:\/\/www.snowtrex.pl\/magazyn\/wp-json\/wp\/v2\/tags?post=38266"}],"curies":[{"name":"wp","href":"https:\/\/api.w.org\/{rel}","templated":true}]}}