{"id":50535,"date":"2025-07-01T01:00:00","date_gmt":"2025-06-30T23:00:00","guid":{"rendered":"https:\/\/www.snowtrex.de\/magazin\/?p=50535"},"modified":"2026-07-20T09:50:52","modified_gmt":"2026-07-20T07:50:52","slug":"puchar-swiata-w-skokach-narciarskich","status":"publish","type":"post","link":"https:\/\/www.snowtrex.pl\/magazyn\/eventy\/puchar-swiata-w-skokach-narciarskich\/","title":{"rendered":"Puchar \u015awiata w skokach narciarskich 2026\/2027: Wszystkie konkursy w skr\u00f3cie"},"content":{"rendered":"<p><strong>Skoki narciarskie fascynuj\u0105. Dla odwa\u017cnych zawodniczek i zawodnik\u00f3w, kt\u00f3rzy co roku zmagaj\u0105 si\u0119 na najwi\u0119kszych skoczniach \u015bwiata, Puchar \u015awiata FIS w skokach narciarskich to prawdziwa Liga Mistrz\u00f3w w ich dyscyplinie. Dzi\u0119ki spektakularnym skokom i rekordom skoczni gwiazdy takie jak zwyci\u0119zcy klasyfikacji generalnej Pucharu \u015awiata z poprzedniego sezonu, Domen i Nika Prevc (oboje ze S\u0142owenii), od p\u00f3\u017anej jesieni a\u017c do wiosny zapewniaj\u0105 \u015bwietne wyniki ogl\u0105dalno\u015bci i wyprzedane trybuny na skoczniach. Podczas swojej podr\u00f3\u017cy dooko\u0142a \u015bwiata cyrk skok\u00f3w narciarskich zatrzymuje si\u0119 na kilku nowych arenach Pucharu \u015awiata oraz w wielu miejscach z bogat\u0105 tradycj\u0105, kt\u00f3re od dziesi\u0119cioleci nale\u017c\u0105 do \u201ekatedr\u201d narciarstwa klasycznego. <a href=\"https:\/\/www.snowtrex.pl\/\" target=\"_blank\" rel=\"noopener\">SnowTrex<\/a> zebra\u0142 wszystkie przystanki Pucharu \u015awiata 2026\/2027 i przedstawia najwa\u017cniejsze wydarzenia skok\u00f3w narciarskich tego roku.<\/strong><\/p>\n<div class=\"tt-post-image-wrapper tt-post-image-wrapper-full\">\n            <div class=\"tt-image-copyright-container\">\n                <a href=\"https:\/\/www.snowtrex.pl\/magazyn\/files\/2019\/05\/RS27160_shutterstock_775014859-scr.jpg\" target=\"_blank\" rel=\"noopener\"><img loading=\"lazy\" decoding=\"async\" data-wrapped=\"true\" class=\"wp-image-55374 size-Artikelbild_gro\u00df\" title=\"Na Wielkiej Skoczni Olimpijskiej (po prawej) w Garmisch-Partenkirchen co roku odbywa si\u0119 tradycyjny noworoczny konkurs skok\u00f3w w ramach Turnieju Czterech Skoczni, kt\u00f3ry stanowi r\u00f3wnie\u017c sta\u0142y element Pucharu \u015awiata w skokach narciarskich.\" src=\"https:\/\/www.snowtrex.pl\/magazyn\/files\/2019\/05\/RS27160_shutterstock_775014859-scr-729x486.jpg\" alt=\"Na Wielkiej Skoczni Olimpijskiej (po prawej) w Garmisch-Partenkirchen co roku odbywa si\u0119 tradycyjny noworoczny konkurs skok\u00f3w w ramach Turnieju Czterech Skoczni, kt\u00f3ry stanowi r\u00f3wnie\u017c sta\u0142y element Pucharu \u015awiata w skokach narciarskich.\" width=\"729\" height=\"486\" srcset=\"https:\/\/www.snowtrex.pl\/magazyn\/files\/2019\/05\/RS27160_shutterstock_775014859-scr-729x486.jpg 729w, https:\/\/www.snowtrex.pl\/magazyn\/files\/2019\/05\/RS27160_shutterstock_775014859-scr-300x200.jpg 300w, https:\/\/www.snowtrex.pl\/magazyn\/files\/2019\/05\/RS27160_shutterstock_775014859-scr-1024x683.jpg 1024w, https:\/\/www.snowtrex.pl\/magazyn\/files\/2019\/05\/RS27160_shutterstock_775014859-scr-600x400.jpg 600w, https:\/\/www.snowtrex.pl\/magazyn\/files\/2019\/05\/RS27160_shutterstock_775014859-scr-468x312.jpg 468w, https:\/\/www.snowtrex.pl\/magazyn\/files\/2019\/05\/RS27160_shutterstock_775014859-scr-999x666.jpg 999w, https:\/\/www.snowtrex.pl\/magazyn\/files\/2019\/05\/RS27160_shutterstock_775014859-scr-645x430.jpg 645w, https:\/\/www.snowtrex.pl\/magazyn\/files\/2019\/05\/RS27160_shutterstock_775014859-scr-552x368.jpg 552w, https:\/\/www.snowtrex.pl\/magazyn\/files\/2019\/05\/RS27160_shutterstock_775014859-scr-405x270.jpg 405w, https:\/\/www.snowtrex.pl\/magazyn\/files\/2019\/05\/RS27160_shutterstock_775014859-scr-336x224.jpg 336w, https:\/\/www.snowtrex.pl\/magazyn\/files\/2019\/05\/RS27160_shutterstock_775014859-scr-276x184.jpg 276w, https:\/\/www.snowtrex.pl\/magazyn\/files\/2019\/05\/RS27160_shutterstock_775014859-scr-234x156.jpg 234w, https:\/\/www.snowtrex.pl\/magazyn\/files\/2019\/05\/RS27160_shutterstock_775014859-scr-192x128.jpg 192w, https:\/\/www.snowtrex.pl\/magazyn\/files\/2019\/05\/RS27160_shutterstock_775014859-scr-120x80.jpg 120w, https:\/\/www.snowtrex.pl\/magazyn\/files\/2019\/05\/RS27160_shutterstock_775014859-scr-30x20.jpg 30w, https:\/\/www.snowtrex.pl\/magazyn\/files\/2019\/05\/RS27160_shutterstock_775014859-scr.jpg 1440w\" sizes=\"(min-width: 1009px) 729px, (min-width: 819px) 594px, (min-width: 569px) 729px, (min-width: 449px) 468px, 348px\" \/><\/a><div class=\"tt-image-copyright\" data-image-id=\"55374\">\u00a9 Milan1983\/shutterstock.de<\/div>\n            <\/div>\n            <div class=\"tt-post-caption\">Na Wielkiej Skoczni Olimpijskiej (po prawej) w Garmisch-Partenkirchen co roku odbywa si\u0119 tradycyjny noworoczny konkurs skok\u00f3w w ramach Turnieju Czterech Skoczni, kt\u00f3ry jest te\u017c sta\u0142ym elementem Pucharu \u015awiata w skokach narciarskich.<\/div>\n         <\/div > \n<div class=\"tt-table-of-content\">\n                <span class=\"tt-icon-circle-up tt-table-of-content-button\"><\/span><\/p>\n<div class=\"tt-table-of-content-caption\">\n                    Spis tre\u015bci\n                <\/div>\n<div class=\"tt-table-of-content-body\">\n                    <a href=\"#to-jest-puchar-\u015awiata-w-skokach-narciarskich\"><span class=\"layer-0\">To jest Puchar \u015awiata w skokach narciarskich<\/span><\/a><a href=\"#przegl\u0105d-zawod\u00f3w-pucharu-\u015awiata-w-skokach-narciarskich-kobiet-w-sezonie-20262027\"><span class=\"layer-0\">Przegl\u0105d zawod\u00f3w Pucharu \u015awiata w skokach narciarskich kobiet w sezonie 2026\/2027<\/span><\/a><a href=\"#przegl\u0105d-zawod\u00f3w-pucharu-\u015awiata-w-skokach-narciarskich-20262027-m\u0119\u017cczyzn\"><span class=\"layer-0\">Przegl\u0105d zawod\u00f3w Pucharu \u015awiata w skokach narciarskich 2026\/2027 m\u0119\u017cczyzn<\/span><\/a><a href=\"#najwa\u017cniejsze-wydarzenia-sezonu-pucharu-\u015awiata-20262027\"><span class=\"layer-0\">Najwa\u017cniejsze wydarzenia sezonu Pucharu \u015awiata 2026\/2027<\/span><\/a><a href=\"#najcz\u0119\u015bciej-zadawane-pytania-dotycz\u0105ce-pucharu-\u015awiata-w-skokach-narciarskich\"><span class=\"layer-0\">Najcz\u0119\u015bciej zadawane pytania dotycz\u0105ce Pucharu \u015awiata w skokach narciarskich<\/span><\/a>\n                 <\/div>\n<\/p><\/div>\n<hr>\n<h2 id=\"to-jest-puchar-\u015awiata-w-skokach-narciarskich\">To jest Puchar \u015awiata w skokach narciarskich<\/h2>\n<ul>\n<li><strong>Pocz\u0105tek sezonu Pucharu \u015awiata w skokach narciarskich 2026\/2027:<\/strong> Puchar \u015awiata rusza mi\u0119dzy 20 a 22 listopada 2026 roku w norweskim Lillehammer, mie\u015bcie, kt\u00f3re by\u0142o gospodarzem Zimowych Igrzysk Olimpijskich w 1994 roku.<\/li>\n<li><strong>Pierwsze skoki z normalnej skoczni w sezonie 2026\/2027:<\/strong> Podczas drugiego etapu Pucharu \u015awiata w Hinzenbach (Austria) kobiety po raz pierwszy w tym sezonie Pucharu \u015awiata skacz\u0105 z normalnej skoczni 28 i 29 listopada 2026 roku.<\/li>\n<li><strong>Terminy skok\u00f3w narciarskich z lotni\u0105 w sezonie 2027:<\/strong> Dwa konkursy skok\u00f3w narciarskich z lotni\u0105 w sezonie Pucharu \u015awiata 2026\/2027 dla m\u0119\u017cczyzn i kobiet odb\u0119d\u0105 si\u0119 w Vikersund (Norwegia) i Planicy (S\u0142owenia).<\/li>\n<li><strong>Fina\u0142y Pucharu \u015awiata w skokach narciarskich 2027:<\/strong> Sezon zawod\u00f3w 2026\/2027 zako\u0144czy si\u0119 mi\u0119dzy 18 a 21 marca 2027 r. konkursami lot\u00f3w narciarskich w Planicy (S\u0142owenia).<\/li>\n<li><strong>Tradycyjne miejsca otwarcia Pucharu \u015awiata w skokach narciarskich:<\/strong> W latach 2016\u20132022 otwarcie odbywa\u0142o si\u0119 zazwyczaj w Wi\u015ble, a od 2024 roku gospodarzem jest Lillehammer (Norwegia).<\/li>\n<li><strong>Historia Pucharu \u015awiata w skokach narciarskich:<\/strong> W 1979 roku odby\u0142y si\u0119 pierwsze zawody w Cortinie d\u2019Ampezzo, a Puchar \u015awiata kobiet ruszy\u0142 w sezonie 2011\/2012.<\/li>\n<li><strong>Transmisje telewizyjne i nagrody pieni\u0119\u017cne w Pucharze \u015awiata w skokach narciarskich:<\/strong> Zawody s\u0105 transmitowane w ca\u0142ej Europie przez Eurosport. Za zwyci\u0119stwo w Pucharze \u015awiata m\u0119\u017cczy\u017ani dostaj\u0105 15 000 euro, a kobiety 5 000 euro.<\/li>\n<\/ul>\n<h2 id=\"przegl\u0105d-zawod\u00f3w-pucharu-\u015awiata-w-skokach-narciarskich-kobiet-w-sezonie-20262027\">Przegl\u0105d zawod\u00f3w Pucharu \u015awiata w skokach narciarskich kobiet w sezonie 2026\/2027<\/h2>\n\n<table id=\"tablepress-132\" class=\"tablepress tablepress-id-132\">\n<thead>\n<tr class=\"row-1\">\n\t<th class=\"column-1\"><strong>Data<\/strong><\/th><th class=\"column-2\"><strong>O\u015brodek narciarski<\/strong><\/th><th class=\"column-3\"><strong>Kraj<\/strong><\/th><th class=\"column-4\"><strong>Dyscypliny<\/strong><\/th>\n<\/tr>\n<\/thead>\n<tbody class=\"row-striping row-hover\">\n<tr class=\"row-2\">\n\t<td class=\"column-1\">20.-22.11.26<\/td><td class=\"column-2\">Lillehammer<\/td><td class=\"column-3\">Norwegia<\/td><td class=\"column-4\">Du\u017ca skocznia i skoki dru\u017cynowe mieszane na du\u017cej skoczni<\/td>\n<\/tr>\n<tr class=\"row-3\">\n\t<td class=\"column-1\">28. -29.11.26<\/td><td class=\"column-2\">Hinzenbach<\/td><td class=\"column-3\"><a href=\"https:\/\/www.snowtrex.pl\/austria\/narty.html\" target=\"_blank\" rel=\"noopener noreferrer\">Austria<\/a><\/td><td class=\"column-4\">Skocznia normalna<\/td>\n<\/tr>\n<tr class=\"row-4\">\n\t<td class=\"column-1\">05. i 06.12.26<\/td><td class=\"column-2\">Wisla<\/td><td class=\"column-3\"><a href=\"https:\/\/www.snowtrex.pl\/niemcy\/narty.html\" target=\"_blank\" rel=\"noopener noreferrer\">Polska<\/a><\/td><td class=\"column-4\">Du\u017ca skocznia<\/td>\n<\/tr>\n<tr class=\"row-5\">\n\t<td class=\"column-1\">11.-13.12.26<\/td><td class=\"column-2\"><a href=\"https:\/\/www.snowtrex.pl\/niemcy\/titisee-neustadt\/narty.html\" target=\"_blank\" rel=\"noopener noreferrer\">Titisee-Neustadt<\/a><\/td><td class=\"column-3\"><a href=\"https:\/\/www.snowtrex.pl\/niemcy\/narty.html\" target=\"_blank\" rel=\"noopener noreferrer\">Niemcy<\/a><\/td><td class=\"column-4\">Du\u017ca skocznia<\/td>\n<\/tr>\n<tr class=\"row-6\">\n\t<td class=\"column-1\">19. i 20.12.26<\/td><td class=\"column-2\"><a href=\"https:\/\/www.snowtrex.pl\/szwajcaria\/engelberg\/narty.html\" target=\"_blank\" rel=\"noopener noreferrer\">Engelberg<\/a><\/td><td class=\"column-3\"><a href=\"https:\/\/www.snowtrex.pl\/szwajcaria\/narty.html\" target=\"_blank\" rel=\"noopener noreferrer\">Szwajcaria<\/a><\/td><td class=\"column-4\">Du\u017ca skocznia<\/td>\n<\/tr>\n<tr class=\"row-7\">\n\t<td class=\"column-1\">28 i 29 grudnia 2026 r. (Turniej Czterech Skoczni)<\/td><td class=\"column-2\"><a href=\"https:\/\/www.snowtrex.pl\/niemcy\/oberstdorf\/narty.html\" target=\"_blank\" rel=\"noopener noreferrer\">Oberstdorf<\/a><\/td><td class=\"column-3\"><a href=\"https:\/\/www.snowtrex.pl\/niemcy\/narty.html\" target=\"_blank\" rel=\"noopener noreferrer\">Niemcy<\/a><\/td><td class=\"column-4\">Du\u017ca skocznia<\/td>\n<\/tr>\n<tr class=\"row-8\">\n\t<td class=\"column-1\">31 grudnia 2026 r. i 1 stycznia 2027 r. (Turniej Czterech Skoczni)<\/td><td class=\"column-2\"><a href=\"https:\/\/www.snowtrex.pl\/niemcy\/garmisch-partenkirchen\/narty.html\" target=\"_blank\" rel=\"noopener noreferrer\">Garmisch-Partenkirchen<\/a><\/td><td class=\"column-3\"><a href=\"https:\/\/www.snowtrex.pl\/niemcy\/narty.html\" target=\"_blank\" rel=\"noopener noreferrer\">Niemcy<\/a><\/td><td class=\"column-4\">Du\u017ca skocznia<\/td>\n<\/tr>\n<tr class=\"row-9\">\n\t<td class=\"column-1\">2 i 3 stycznia 27 r. (Turniej Czterech Skoczni)<\/td><td class=\"column-2\"><a href=\"https:\/\/www.snowtrex.pl\/austria\/innsbruck\/narty.html\" target=\"_blank\" rel=\"noopener noreferrer\">Innsbruck<\/a><\/td><td class=\"column-3\"><a href=\"https:\/\/www.snowtrex.pl\/austria\/narty.html\" target=\"_blank\" rel=\"noopener noreferrer\">Austria<\/a><\/td><td class=\"column-4\">Du\u017ca skocznia<\/td>\n<\/tr>\n<tr class=\"row-10\">\n\t<td class=\"column-1\">5 i 6 stycznia 27 r. (Turniej Czterech Skoczni)<\/td><td class=\"column-2\"><a href=\"https:\/\/www.snowtrex.pl\/austria\/bischofshofen\/narty.html\" target=\"_blank\" rel=\"noopener noreferrer\">Bischofshofen<\/a><\/td><td class=\"column-3\"><a href=\"https:\/\/www.snowtrex.pl\/austria\/narty.html\" target=\"_blank\" rel=\"noopener noreferrer\">Austria<\/a><\/td><td class=\"column-4\">Du\u017ca skocznia<\/td>\n<\/tr>\n<tr class=\"row-11\">\n\t<td class=\"column-1\">09. i 10.01.27<\/td><td class=\"column-2\">Ljubno<\/td><td class=\"column-3\"><a href=\"https:\/\/www.snowtrex.pl\/slowenia\/narty.html\" target=\"_blank\" rel=\"noopener noreferrer\">S\u0142owenia<\/a><\/td><td class=\"column-4\">Skocznia normalna<\/td>\n<\/tr>\n<tr class=\"row-12\">\n\t<td class=\"column-1\">15. i 16.01.27<\/td><td class=\"column-2\">Zhangjiakou<\/td><td class=\"column-3\">Chiny<\/td><td class=\"column-4\">Du\u017ca skocznia<\/td>\n<\/tr>\n<tr class=\"row-13\">\n\t<td class=\"column-1\">19. i 20.01.27<\/td><td class=\"column-2\">Zao<\/td><td class=\"column-3\">Japonia<\/td><td class=\"column-4\">Skocznia normalna<\/td>\n<\/tr>\n<tr class=\"row-14\">\n\t<td class=\"column-1\">22.-24.01.27<\/td><td class=\"column-2\">Sapporo<\/td><td class=\"column-3\">Japonia<\/td><td class=\"column-4\">Du\u017ca skocznia i skoki dru\u017cynowe mieszane na du\u017cej skoczni<\/td>\n<\/tr>\n<tr class=\"row-15\">\n\t<td class=\"column-1\">29. -31.01.27<\/td><td class=\"column-2\"><a href=\"https:\/\/www.snowtrex.pl\/niemcy\/willingen\/narty.html\" target=\"_blank\" rel=\"noopener noreferrer\">Willingen<\/a><\/td><td class=\"column-3\"><a href=\"https:\/\/www.snowtrex.pl\/niemcy\/narty.html\" target=\"_blank\" rel=\"noopener noreferrer\">Niemcy<\/a><\/td><td class=\"column-4\">Du\u017ca skocznia i skoki dru\u017cynowe mieszane na du\u017cej skoczni<\/td>\n<\/tr>\n<tr class=\"row-16\">\n\t<td class=\"column-1\">06. i 07.02.27<\/td><td class=\"column-2\">Lake Placid<\/td><td class=\"column-3\">USA<\/td><td class=\"column-4\">Du\u017ca skocznia<\/td>\n<\/tr>\n<tr class=\"row-17\">\n\t<td class=\"column-1\">11. - 14.02.27<\/td><td class=\"column-2\">Lahti<\/td><td class=\"column-3\">Finlandia<\/td><td class=\"column-4\">Du\u017ca skocznia<\/td>\n<\/tr>\n<tr class=\"row-18\">\n\t<td class=\"column-1\">18.- 21.02.27<\/td><td class=\"column-2\">Vikersund<\/td><td class=\"column-3\">Norwegia<\/td><td class=\"column-4\">Skoki narciarskie<\/td>\n<\/tr>\n<tr class=\"row-19\">\n\t<td class=\"column-1\">20. i 21.02.27<\/td><td class=\"column-2\">Villach<\/td><td class=\"column-3\"><a href=\"https:\/\/www.snowtrex.pl\/austria\/narty.html\" target=\"_blank\" rel=\"noopener noreferrer\">Austria<\/a><\/td><td class=\"column-4\">Skocznia normalna<\/td>\n<\/tr>\n<tr class=\"row-20\">\n\t<td class=\"column-1\">24.02- 07.03.27 (Mistrzostwa \u015awiata w narciarstwie klasycznym)<\/td><td class=\"column-2\">Falun<\/td><td class=\"column-3\">Szwecja<\/td><td class=\"column-4\">Du\u017ca skocznia, skoki dru\u017cynowe mieszane na skoczni normalnej,   skocznia normalna  i skoki dru\u017cynowe na skoczni normalnej<\/td>\n<\/tr>\n<tr class=\"row-21\">\n\t<td class=\"column-1\">13. i 14.03.27<\/td><td class=\"column-2\">Oslo<\/td><td class=\"column-3\">Norwegia<\/td><td class=\"column-4\">Du\u017ca skocznia<\/td>\n<\/tr>\n<tr class=\"row-22\">\n\t<td class=\"column-1\">18.-21.03.27<\/td><td class=\"column-2\">Planica<\/td><td class=\"column-3\"><a href=\"https:\/\/www.snowtrex.pl\/slowenia\/narty.html\" target=\"_blank\" rel=\"noopener noreferrer\">S\u0142owenia<\/a><\/td><td class=\"column-4\">Skoki narciarskie<\/td>\n<\/tr>\n<\/tbody>\n<\/table>\n<!-- #tablepress-132 from cache -->\n<h2 id=\"przegl\u0105d-zawod\u00f3w-pucharu-\u015awiata-w-skokach-narciarskich-20262027-m\u0119\u017cczyzn\">Przegl\u0105d zawod\u00f3w Pucharu \u015awiata w skokach narciarskich 2026\/2027 m\u0119\u017cczyzn<\/h2>\n\n<table id=\"tablepress-134\" class=\"tablepress tablepress-id-134\">\n<thead>\n<tr class=\"row-1\">\n\t<th class=\"column-1\"><strong>Data<\/strong><\/th><th class=\"column-2\"><strong>O\u015brodek narciarski<\/strong><\/th><th class=\"column-3\"><strong>Kraj<\/strong><\/th><th class=\"column-4\"><strong>Dyscypliny<\/strong><\/th>\n<\/tr>\n<\/thead>\n<tbody class=\"row-striping row-hover\">\n<tr class=\"row-2\">\n\t<td class=\"column-1\">20.- 22.11.26<\/td><td class=\"column-2\">Lillehammer<\/td><td class=\"column-3\">Norwegia<\/td><td class=\"column-4\">Gro\u00dfschanze &amp; Mixed-Teamspringen Gro\u00dfschanze<\/td>\n<\/tr>\n<tr class=\"row-3\">\n\t<td class=\"column-1\">28. i 29.11.26<\/td><td class=\"column-2\">Ruka<\/td><td class=\"column-3\">Finlandia<\/td><td class=\"column-4\">Du\u017ca skocznia<\/td>\n<\/tr>\n<tr class=\"row-4\">\n\t<td class=\"column-1\">05. i 06.12.26<\/td><td class=\"column-2\">Wisla<\/td><td class=\"column-3\"><a href=\"https:\/\/www.snowtrex.pl\/polska\/narty.html\" target=\"_blank\" rel=\"noopener noreferrer\">Polska<\/a><\/td><td class=\"column-4\">Du\u017ca skocznia<\/td>\n<\/tr>\n<tr class=\"row-5\">\n\t<td class=\"column-1\">11.- 13.12.26<\/td><td class=\"column-2\"><a href=\"https:\/\/www.snowtrex.pl\/niemcy\/titisee-neustadt\/narty.html\" target=\"_blank\" rel=\"noopener noreferrer\">Titisee-Neustadt<\/a><\/td><td class=\"column-3\"><a href=\"https:\/\/www.snowtrex.pl\/niemcy\/narty.html\" target=\"_blank\" rel=\"noopener noreferrer\">Niemcy<\/a><\/td><td class=\"column-4\">Du\u017ca skocznia i skoki dru\u017cynowe na du\u017cej skoczni<\/td>\n<\/tr>\n<tr class=\"row-6\">\n\t<td class=\"column-1\">19. i 20.12.26<\/td><td class=\"column-2\"><a href=\"https:\/\/www.snowtrex.pl\/szwajcaria\/engelberg\/narty.html\" target=\"_blank\" rel=\"noopener noreferrer\">Engelberg<\/a><\/td><td class=\"column-3\"><a href=\"https:\/\/www.snowtrex.pl\/szwajcaria\/narty.html\" target=\"_blank\" rel=\"noopener noreferrer\">Szwajcaria<\/a><\/td><td class=\"column-4\">Du\u017ca skocznia<\/td>\n<\/tr>\n<tr class=\"row-7\">\n\t<td class=\"column-1\">28. i 29.12.26 (Cykl Czterech Skoczni)<\/td><td class=\"column-2\"><a href=\"https:\/\/www.snowtrex.pl\/niemcy\/oberstdorf\/narty.html\" target=\"_blank\" rel=\"noopener noreferrer\">Oberstdorf<\/a><\/td><td class=\"column-3\"><a href=\"https:\/\/www.snowtrex.pl\/niemcy\/narty.html\" target=\"_blank\" rel=\"noopener noreferrer\">Niemcy<\/a><\/td><td class=\"column-4\">Du\u017ca skocznia<\/td>\n<\/tr>\n<tr class=\"row-8\">\n\t<td class=\"column-1\">31.12.26 i 01.01.27 (Cykl Czterech Skoczni)<\/td><td class=\"column-2\"><a href=\"https:\/\/www.snowtrex.pl\/niemcy\/garmisch-partenkirchen\/narty.html\" target=\"_blank\" rel=\"noopener noreferrer\">Garmisch-Partenkirchen<\/a><\/td><td class=\"column-3\"><a href=\"https:\/\/www.snowtrex.pl\/niemcy\/narty.html\" target=\"_blank\" rel=\"noopener noreferrer\">Niemcy<\/a><\/td><td class=\"column-4\">Du\u017ca skocznia<\/td>\n<\/tr>\n<tr class=\"row-9\">\n\t<td class=\"column-1\">02. i 03.01.27 (Cykl Czterech Skoczni)<\/td><td class=\"column-2\"><a href=\"https:\/\/www.snowtrex.pl\/austria\/innsbruck\/narty.html\" target=\"_blank\" rel=\"noopener noreferrer\">Innsbruck<\/a><\/td><td class=\"column-3\"><a href=\"https:\/\/www.snowtrex.pl\/austria\/narty.html\" target=\"_blank\" rel=\"noopener noreferrer\">Austria<\/a><\/td><td class=\"column-4\">Du\u017ca skocznia<\/td>\n<\/tr>\n<tr class=\"row-10\">\n\t<td class=\"column-1\">05. i 06.01.27 (Cykl Czterech Skoczni)<\/td><td class=\"column-2\"><a href=\"https:\/\/www.snowtrex.pl\/austria\/bischofshofen\/narty.html\" target=\"_blank\" rel=\"noopener noreferrer\">Bischofshofen<\/a><\/td><td class=\"column-3\"><a href=\"https:\/\/www.snowtrex.pl\/austria\/narty.html\" target=\"_blank\" rel=\"noopener noreferrer\">Austria<\/a><\/td><td class=\"column-4\">Du\u017ca skocznia<\/td>\n<\/tr>\n<tr class=\"row-11\">\n\t<td class=\"column-1\">16. i 17.01.27<\/td><td class=\"column-2\"><a href=\"https:\/\/www.snowtrex.pl\/polska\/zakopane\/narty.html\" target=\"_blank\" rel=\"noopener noreferrer\">Zakopane<\/a><\/td><td class=\"column-3\"><a href=\"https:\/\/www.snowtrex.pl\/polska\/narty.html\" target=\"_blank\" rel=\"noopener noreferrer\">Polska<\/a><\/td><td class=\"column-4\">Du\u017ca skocznia i skoki dru\u017cynowe na du\u017cej skoczni<\/td>\n<\/tr>\n<tr class=\"row-12\">\n\t<td class=\"column-1\">22. -24.01.27<\/td><td class=\"column-2\">Sapporo<\/td><td class=\"column-3\">Japonia<\/td><td class=\"column-4\">Du\u017ca skocznia i skoki dru\u017cynowe mieszane na du\u017cej skoczni<\/td>\n<\/tr>\n<tr class=\"row-13\">\n\t<td class=\"column-1\">29.- 31.01.27<\/td><td class=\"column-2\"><a href=\"https:\/\/www.snowtrex.pl\/niemcy\/willingen\/narty.html\" target=\"_blank\" rel=\"noopener noreferrer\">Willingen<\/a><\/td><td class=\"column-3\"><a href=\"https:\/\/www.snowtrex.pl\/niemcy\/narty.html\" target=\"_blank\" rel=\"noopener noreferrer\">Niemcy<\/a><\/td><td class=\"column-4\">Du\u017ca skocznia i skoki dru\u017cynowe mieszane na du\u017cej skoczni<\/td>\n<\/tr>\n<tr class=\"row-14\">\n\t<td class=\"column-1\">06. i 07.02.27<\/td><td class=\"column-2\">Lake Placid<\/td><td class=\"column-3\">USA<\/td><td class=\"column-4\">Du\u017ca skocznia<\/td>\n<\/tr>\n<tr class=\"row-15\">\n\t<td class=\"column-1\">11. -14.02.27<\/td><td class=\"column-2\">Lahti<\/td><td class=\"column-3\">Finlandia<\/td><td class=\"column-4\">Du\u017ca skocznia i skoki dru\u017cynowe na du\u017cej skoczni<\/td>\n<\/tr>\n<tr class=\"row-16\">\n\t<td class=\"column-1\">18.-21.02.27<\/td><td class=\"column-2\">Vikersund<\/td><td class=\"column-3\">Norwegia<\/td><td class=\"column-4\">Skoki narciarskie<\/td>\n<\/tr>\n<tr class=\"row-17\">\n\t<td class=\"column-1\">24.02.-07.03.27 (Mistrzostwa \u015awiata w narciarstwie klasycznym)<\/td><td class=\"column-2\">Falun<\/td><td class=\"column-3\">Szwecja<\/td><td class=\"column-4\">Du\u017ca skocznia, skoki dru\u017cynowe mieszane na skoczni normalnej, skocznia normalna i skoki dru\u017cynowe na du\u017cej skoczni<\/td>\n<\/tr>\n<tr class=\"row-18\">\n\t<td class=\"column-1\">13. i 14.03.27<\/td><td class=\"column-2\">Oslo<\/td><td class=\"column-3\">Norwegia<\/td><td class=\"column-4\">Du\u017ca skocznia<\/td>\n<\/tr>\n<tr class=\"row-19\">\n\t<td class=\"column-1\">18.-21.03.27<\/td><td class=\"column-2\">Planica<\/td><td class=\"column-3\"><a href=\"https:\/\/www.snowtrex.pl\/slowenia\/narty.html\" target=\"_blank\" rel=\"noopener noreferrer\">S\u0142owenia<\/a><\/td><td class=\"column-4\">Skoki narciarskie i skoki narciarskie dru\u017cynowe<\/td>\n<\/tr>\n<\/tbody>\n<\/table>\n<!-- #tablepress-134 from cache -->\n<h2 id=\"najwa\u017cniejsze-wydarzenia-sezonu-pucharu-\u015awiata-20262027\">Najwa\u017cniejsze wydarzenia sezonu Pucharu \u015awiata 2026\/2027<\/h2>\n<div class=\"tt-post-image-wrapper tt-post-image-wrapper-full\">\n            <div class=\"tt-image-copyright-container\">\n                <a href=\"https:\/\/www.snowtrex.pl\/magazyn\/files\/2022\/09\/RS26434_shutterstock_1322896094-hsc.jpg\" target=\"_blank\" rel=\"noopener\"><img loading=\"lazy\" decoding=\"async\" data-wrapped=\"true\" class=\"wp-image-51804 size-Artikelbild_gro\u00df\" title=\"Niedaleko ko\u0142a podbiegunowego, wok\u00f3\u0142 skoczni Gro\u00dfschanze w fi\u0144skim o\u015brodku narciarskim Ruka, po\u0142o\u017conym w pobli\u017cu Kuusamo, skoczkowie narciarscy co roku znajduj\u0105 prawdziw\u0105 zimow\u0105 krain\u0119 czar\u00f3w.\" src=\"https:\/\/www.snowtrex.pl\/magazyn\/files\/2022\/09\/RS26434_shutterstock_1322896094-hsc-729x486.jpg\" alt=\"Niedaleko ko\u0142a podbiegunowego, wok\u00f3\u0142 skoczni Gro\u00dfschanze w fi\u0144skim o\u015brodku narciarskim Ruka, po\u0142o\u017conym w pobli\u017cu Kuusamo, skoczkowie narciarscy co roku znajduj\u0105 prawdziw\u0105 zimow\u0105 krain\u0119 czar\u00f3w.\" width=\"729\" height=\"486\" srcset=\"https:\/\/www.snowtrex.pl\/magazyn\/files\/2022\/09\/RS26434_shutterstock_1322896094-hsc-729x486.jpg 729w, https:\/\/www.snowtrex.pl\/magazyn\/files\/2022\/09\/RS26434_shutterstock_1322896094-hsc-300x200.jpg 300w, https:\/\/www.snowtrex.pl\/magazyn\/files\/2022\/09\/RS26434_shutterstock_1322896094-hsc-1024x683.jpg 1024w, https:\/\/www.snowtrex.pl\/magazyn\/files\/2022\/09\/RS26434_shutterstock_1322896094-hsc-600x400.jpg 600w, https:\/\/www.snowtrex.pl\/magazyn\/files\/2022\/09\/RS26434_shutterstock_1322896094-hsc-1536x1024.jpg 1536w, https:\/\/www.snowtrex.pl\/magazyn\/files\/2022\/09\/RS26434_shutterstock_1322896094-hsc-468x312.jpg 468w, https:\/\/www.snowtrex.pl\/magazyn\/files\/2022\/09\/RS26434_shutterstock_1322896094-hsc-999x666.jpg 999w, https:\/\/www.snowtrex.pl\/magazyn\/files\/2022\/09\/RS26434_shutterstock_1322896094-hsc-645x430.jpg 645w, https:\/\/www.snowtrex.pl\/magazyn\/files\/2022\/09\/RS26434_shutterstock_1322896094-hsc-552x368.jpg 552w, https:\/\/www.snowtrex.pl\/magazyn\/files\/2022\/09\/RS26434_shutterstock_1322896094-hsc-405x270.jpg 405w, https:\/\/www.snowtrex.pl\/magazyn\/files\/2022\/09\/RS26434_shutterstock_1322896094-hsc-336x224.jpg 336w, https:\/\/www.snowtrex.pl\/magazyn\/files\/2022\/09\/RS26434_shutterstock_1322896094-hsc-276x184.jpg 276w, https:\/\/www.snowtrex.pl\/magazyn\/files\/2022\/09\/RS26434_shutterstock_1322896094-hsc-234x156.jpg 234w, https:\/\/www.snowtrex.pl\/magazyn\/files\/2022\/09\/RS26434_shutterstock_1322896094-hsc-192x128.jpg 192w, https:\/\/www.snowtrex.pl\/magazyn\/files\/2022\/09\/RS26434_shutterstock_1322896094-hsc-120x80.jpg 120w, https:\/\/www.snowtrex.pl\/magazyn\/files\/2022\/09\/RS26434_shutterstock_1322896094-hsc-30x20.jpg 30w, https:\/\/www.snowtrex.pl\/magazyn\/files\/2022\/09\/RS26434_shutterstock_1322896094-hsc.jpg 1920w\" sizes=\"(min-width: 1009px) 729px, (min-width: 819px) 594px, (min-width: 569px) 729px, (min-width: 449px) 468px, 348px\" \/><\/a><div class=\"tt-image-copyright\" data-image-id=\"51804\">\u00a9 torstengrieger\/Shutterstock<\/div>\n            <\/div>\n            <div class=\"tt-post-caption\">Niedaleko ko\u0142a podbiegunowego, wok\u00f3\u0142 skoczni Gro\u00dfschanze w fi\u0144skim o\u015brodku narciarskim Ruka, po\u0142o\u017conym w pobli\u017cu Kuusamo, skoczkowie narciarscy co roku odkrywaj\u0105 prawdziw\u0105 zimow\u0105 krain\u0119 czar\u00f3w.<\/div>\n         <\/div > \n<h3>28 i 29 listopada: Ruka (Finlandia)<\/h3>\n<p>Drugi przystanek Pucharu \u015awiata w skokach narciarskich m\u0119\u017cczyzn w sezonie 2026\/2027 odb\u0119dzie si\u0119 tydzie\u0144 po inauguracji w Lillehammer (Norwegia), nieca\u0142e 50 km na po\u0142udnie od ko\u0142a podbiegunowego. W fi\u0144skim o\u015brodku narciarskim Ruka, opr\u00f3cz zawod\u00f3w w biegach narciarskich i kombinacji norweskiej, odb\u0119d\u0105 si\u0119 te\u017c dwa konkursy Pucharu \u015awiata w skokach narciarskich. Na skoczni Rukatunturi w weekend rozegrane zostan\u0105 dwa konkursy przy sztucznym o\u015bwietleniu. Nawiasem m\u00f3wi\u0105c, dzi\u0119ki d\u0142ugo\u015bci skoczni (hillsize) wynosz\u0105cej 142 m \u2013 czyli odleg\u0142o\u015bci mi\u0119dzy sto\u0142em skoczni a ko\u0144cem strefy l\u0105dowania \u2013 obiekt ten by\u0142 do 2003 roku najwi\u0119ksz\u0105 skoczni\u0105 narciarsk\u0105 na \u015bwiecie.<\/p>\n<h3>19 i 20 grudnia: Engelberg (Szwajcaria)<\/h3>\n<p>W <a href=\"https:\/\/www.snowtrex.pl\/szwajcaria\/narty.html\" target=\"_blank\" rel=\"noopener\">Szwajcarii<\/a> cyrk skok\u00f3w narciarskich zatrzyma si\u0119 w nowym sezonie zimowym tylko raz \u2013 w <a href=\"https:\/\/www.snowtrex.pl\/szwajcaria\/engelberg\/narty.html\" target=\"_blank\" rel=\"noopener\">Engelbergu<\/a>. W tej miejscowo\u015bci klasztornej w kantonie Obwalden odb\u0119d\u0105 si\u0119 po dwa konkursy indywidualne na skoczni Gross-Titlis \u2013 zar\u00f3wno dla m\u0119\u017cczyzn, jak i dla kobiet. Poniewa\u017c Puchar \u015awiata w tym roku ju\u017c nie wr\u00f3ci do Szwajcarii, w Engelbergu zgromadz\u0105 si\u0119 dziesi\u0105tki tysi\u0119cy widz\u00f3w. <span id=\"Bau_der_ersten_Hochfirstschanze\" class=\"mw-headline\">Skoki<\/span> odb\u0119d\u0105 si\u0119 cztery dni przed Wigili\u0105 na skoczni <span id=\"Bau_der_ersten_Hochfirstschanze\" class=\"mw-headline\">Gro\u00dfschanze, kt\u00f3ra ma d\u0142ugo\u015b\u0107 140 m i zosta\u0142a ostatnio przebudowana w 2016 roku.<\/span><\/p>\n<p><em>\u2192 Sprawd\u017a teraz <a href=\"https:\/\/www.snowtrex.pl\/szukanie_rezerwacja.html?destinationId=6812&amp;destinationUuId=4028815c95bbe8f3019662e5d3dc52d2&amp;destination=Engelberg\" target=\"_blank\" rel=\"noopener\">oferty z Engelbergu<\/a> na SnowTrex<\/em><\/p>\n<h3>28 i 29 grudnia: Oberstdorf (Niemcy)<\/h3>\n<p>W regionie Allg\u00e4u, cztery dni przed ko\u0144cem roku, tradycyjnie rozpoczyna si\u0119 s\u0142ynna na ca\u0142ym \u015bwiecie <a href=\"https:\/\/www.snowtrex.pl\/magazyn\/eventy\/turniej-czterech-skoczni\/\" target=\"_blank\" rel=\"noopener\">Trasa Czterech Skoczni<\/a>, a w 2026 roku po raz pierwszy wezm\u0105 w niej udzia\u0142 r\u00f3wnie\u017c kobiety! Dzi\u0119ki temu kobiety i m\u0119\u017cczy\u017ani po raz pierwszy b\u0119d\u0105 naprawd\u0119 na r\u00f3wni, je\u015bli chodzi o t\u0119 tras\u0119. Miejscem inauguracyjnego skoku w <a href=\"https:\/\/www.snowtrex.pl\/niemcy\/narty.html\" target=\"_blank\" rel=\"noopener\">Niemczech<\/a> od 1953 roku zawsze by\u0142 i jest <a href=\"https:\/\/www.snowtrex.pl\/niemcy\/oberstdorf\/narty.html\" target=\"_blank\" rel=\"noopener\">Oberstdorf<\/a>. Kwalifikacje 50 najlepszych skoczk\u00f3w odbywaj\u0105 si\u0119 zawsze dzie\u0144 wcze\u015bniej, a pierwsza runda 29 grudnia, jak to zwykle bywa w tych zawodach, rozgrywana jest systemem pucharowym. Zreszt\u0105 nie tylko widzowie na trybunach, ale te\u017c narciarze i snowboardzi\u015bci maj\u0105 \u015bwietny widok na skoki na skoczni Schattenbergschanze, kt\u00f3ra by\u0142a jednym z miejsc rozgrywania Mistrzostw \u015awiata w Narciarstwie Klasycznym w 2021 roku. Gondole kolejki Nebelhornbahn, kursuj\u0105ce wysoko nad wzg\u00f3rzem l\u0105dowania, prowadz\u0105 bowiem prosto do lokalnego o\u015brodka narciarskiego w Oberstdorfie.<\/p>\n<div class=\"tt-post-image-wrapper tt-post-image-wrapper-full\">\n            <div class=\"tt-image-copyright-container\">\n                <a href=\"https:\/\/www.snowtrex.pl\/magazyn\/files\/2023\/01\/RS26433_shutterstock_1016188330-scr-1.jpg\" target=\"_blank\" rel=\"noopener\"><img loading=\"lazy\" decoding=\"async\" data-wrapped=\"true\" class=\"wp-image-53585 size-Artikelbild_gro\u00df\" title=\"Polak Kamil Stoch jest jednym z zaledwie trzech skoczk\u00f3w narciarskich, kt\u00f3rym uda\u0142o si\u0119 zdoby\u0107 Wielkiego Szlema w Turnieju Czterech Skoczni.\" src=\"https:\/\/www.snowtrex.pl\/magazyn\/files\/2023\/01\/RS26433_shutterstock_1016188330-scr-1-729x486.jpg\" alt=\"Polak Kamil Stoch jest jednym z zaledwie trzech skoczk\u00f3w narciarskich, kt\u00f3rym uda\u0142o si\u0119 zdoby\u0107 Wielkiego Szlema w Turnieju Czterech Skoczni.\" width=\"729\" height=\"486\" srcset=\"https:\/\/www.snowtrex.pl\/magazyn\/files\/2023\/01\/RS26433_shutterstock_1016188330-scr-1-729x486.jpg 729w, https:\/\/www.snowtrex.pl\/magazyn\/files\/2023\/01\/RS26433_shutterstock_1016188330-scr-1-300x200.jpg 300w, https:\/\/www.snowtrex.pl\/magazyn\/files\/2023\/01\/RS26433_shutterstock_1016188330-scr-1-1024x683.jpg 1024w, https:\/\/www.snowtrex.pl\/magazyn\/files\/2023\/01\/RS26433_shutterstock_1016188330-scr-1-600x400.jpg 600w, https:\/\/www.snowtrex.pl\/magazyn\/files\/2023\/01\/RS26433_shutterstock_1016188330-scr-1-468x312.jpg 468w, https:\/\/www.snowtrex.pl\/magazyn\/files\/2023\/01\/RS26433_shutterstock_1016188330-scr-1-999x666.jpg 999w, https:\/\/www.snowtrex.pl\/magazyn\/files\/2023\/01\/RS26433_shutterstock_1016188330-scr-1-645x430.jpg 645w, https:\/\/www.snowtrex.pl\/magazyn\/files\/2023\/01\/RS26433_shutterstock_1016188330-scr-1-552x368.jpg 552w, https:\/\/www.snowtrex.pl\/magazyn\/files\/2023\/01\/RS26433_shutterstock_1016188330-scr-1-405x270.jpg 405w, https:\/\/www.snowtrex.pl\/magazyn\/files\/2023\/01\/RS26433_shutterstock_1016188330-scr-1-336x224.jpg 336w, https:\/\/www.snowtrex.pl\/magazyn\/files\/2023\/01\/RS26433_shutterstock_1016188330-scr-1-276x184.jpg 276w, https:\/\/www.snowtrex.pl\/magazyn\/files\/2023\/01\/RS26433_shutterstock_1016188330-scr-1-234x156.jpg 234w, https:\/\/www.snowtrex.pl\/magazyn\/files\/2023\/01\/RS26433_shutterstock_1016188330-scr-1-192x128.jpg 192w, https:\/\/www.snowtrex.pl\/magazyn\/files\/2023\/01\/RS26433_shutterstock_1016188330-scr-1-120x80.jpg 120w, https:\/\/www.snowtrex.pl\/magazyn\/files\/2023\/01\/RS26433_shutterstock_1016188330-scr-1-30x20.jpg 30w, https:\/\/www.snowtrex.pl\/magazyn\/files\/2023\/01\/RS26433_shutterstock_1016188330-scr-1.jpg 1440w\" sizes=\"(min-width: 1009px) 729px, (min-width: 819px) 594px, (min-width: 569px) 729px, (min-width: 449px) 468px, 348px\" \/><\/a><div class=\"tt-image-copyright\" data-image-id=\"53585\">\u00a9 Marcin Kadziolka\/Shutterstock<\/div>\n            <\/div>\n            <div class=\"tt-post-caption\">Polak Kamil Stoch jest jednym z zaledwie trzech skoczk\u00f3w narciarskich, kt\u00f3rym uda\u0142o si\u0119 zdoby\u0107 Wielkiego Szlema w Turnieju Czterech Skoczni.<\/div>\n         <\/div > \n<h3>31 grudnia i 1 stycznia: Garmisch-Partenkirchen (Niemcy)<\/h3>\n<p>Najbardziej presti\u017cowymi indywidualnymi skokami i jednym z najwa\u017cniejszych wydarze\u0144 w Pucharze \u015awiata w skokach narciarskich s\u0105 bez w\u0105tpienia noworoczne skoki w <a href=\"https:\/\/www.snowtrex.pl\/niemcy\/garmisch-partenkirchen\/narty.html\" target=\"_blank\" rel=\"noopener\">Garmisch-Partenkirchen<\/a>. Dzi\u0119ki temu ta miejscowo\u015b\u0107 u podn\u00f3\u017ca Zugspitze jest jedyn\u0105 w Niemczech, kt\u00f3ra w sezonie 2026\/27 b\u0119dzie go\u015bci\u0107 nie tylko Puchar \u015awiata w skokach narciarskich, ale te\u017c <a href=\"https:\/\/www.snowtrex.pl\/magazyn\/eventy\/puchar-swiata-w-narciarstwie-alpejskim\/\" target=\"_blank\" rel=\"noopener\">Puchar \u015awiata w narciarstwie alpejskim<\/a>. Od czasu pierwszej edycji Turnieju Czterech Skoczni w 1952 roku aren\u0105 zmaga\u0144 \u015bwiatowej elity skoczk\u00f3w narciarskich jest \u201eGro\u00dfe Olympiaschanze\u201d. Z kolei pierwszy skok na Gudibergu odby\u0142 si\u0119 ju\u017c w 1922 roku. Oznacza to, \u017ce ta skocznia, kt\u00f3ra ostatnio zosta\u0142a rozbudowana w 2007 roku do d\u0142ugo\u015bci 142 m, jest najstarsz\u0105 z czterech skoczni bior\u0105cych udzia\u0142 w Turnieju Czterech Skoczni. Ostatnim niemieckim zawodnikiem, kt\u00f3ry wygra\u0142 skoki noworoczne, by\u0142 Sven Hannawald \u2013 25 lat temu.<\/p>\n<p><em>\u2192 Sprawd\u017a teraz <a href=\"https:\/\/www.snowtrex.pl\/magazyn\/eventy\/puchar-swiata-w-narciarstwie-alpejskim\/\" target=\"_blank\" rel=\"noopener\">oferty na Garmisch-Partenkirchen <\/a>na SnowTrex<\/em><\/p>\n<h3>2 i 3 stycznia: Innsbruck (Austria)<\/h3>\n<p>Skoki na Bergisel to czysta tradycja. Skocznia na lokalnej g\u00f3rze stolicy Tyrolu, o d\u0142ugo\u015bci 128 m, jest najmniejsz\u0105 z czterech skoczni Pucharu \u015awiata, ale dzi\u0119ki po\u0142o\u017ceniu na zboczu oferuje spektakularny widok na centrum <a href=\"https:\/\/www.snowtrex.pl\/austria\/innsbruck\/narty.html\" target=\"_blank\" rel=\"noopener\">Innsbrucka<\/a>. Pod wzgl\u0119dem technicznym skocznia olimpijska z 1964 roku jest uwa\u017cana przez skoczk\u00f3w Pucharu \u015awiata za szczeg\u00f3lnie wymagaj\u0105c\u0105. To w\u0142a\u015bnie warunki pogodowe sprawiaj\u0105, \u017ce zawody na Bergisel w <a href=\"https:\/\/www.snowtrex.pl\/austria\/narty.html\" target=\"_blank\" rel=\"noopener\">Austrii<\/a> cz\u0119sto staj\u0105 si\u0119 dla sportowc\u00f3w prawdziwym wyzwaniem. W 2022 roku planowane zawody trzeba by\u0142o prawie ca\u0142kowicie odwo\u0142a\u0107 z powodu zbyt silnego wiatru i rozegra\u0107 je dzie\u0144 p\u00f3\u017aniej w Bischofshofen.<\/p>\n<p><em>\u2192 Sprawd\u017a teraz<a href=\"https:\/\/www.snowtrex.pl\/szukanie_rezerwacja.html?destinationId=584&amp;destinationUuId=4028815c95bbe8f30196102ef8e2543c&amp;destination=Region Narciarski Innsbruck\" target=\"_blank\" rel=\"noopener\">oferty z Innsbrucka<\/a> na SnowTrex<\/em><\/p>\n<h3>5 i 6 stycznia: Bischofshofen (Austria)<\/h3>\n<p>Kto jest kr\u00f3lem przestworzy? Odpowied\u017a na to pytanie poznajemy co roku w <a href=\"https:\/\/www.snowtrex.pl\/austria\/bischofshofen\/narty.html\" target=\"_blank\" rel=\"noopener\">Bischofshofen<\/a>. Czwarty i ostatni konkurs w ramach Tournee na skoczni im. Paula Au\u00dferleitnera cz\u0119sto zamienia si\u0119 w sportowy thriller dzi\u0119ki emocjonuj\u0105cym pojedynkom o zwyci\u0119stwo w klasyfikacji generalnej. Skocznia to naturalna skocznia o d\u0142ugo\u015bci 142 m. Stadion narciarski, nazwany na cze\u015b\u0107 pierwszego zwyci\u0119zcy Tournee, Seppa Bradla, mo\u017ce pomie\u015bci\u0107 25 000 widz\u00f3w i jest jednym z najwi\u0119kszych obiekt\u00f3w sportowych w Austrii. Niezwyk\u0142a atmosfera podczas skok\u00f3w w \u015awi\u0119to Trzech Kr\u00f3li sprawia, \u017ce ta impreza zamykaj\u0105ca sezon jest niezwykle popularna zar\u00f3wno w\u015br\u00f3d zawodnik\u00f3w, jak i widz\u00f3w.<\/p>\n<div class=\"tt-post-image-wrapper tt-post-image-wrapper-full\">\n            <div class=\"tt-image-copyright-container\">\n                <a href=\"https:\/\/www.snowtrex.pl\/magazyn\/files\/2022\/09\/RS26439_shutterstock_393653947-lpr.jpg\" target=\"_blank\" rel=\"noopener\"><img loading=\"lazy\" decoding=\"async\" data-wrapped=\"true\" class=\"wp-image-51269 size-Artikelbild_gro\u00df\" title=\"Podczas Pucharu \u015awiata w skokach narciarskich najlepsi zawodnicy tej dyscypliny rok po roku szybuj\u0105 w powietrzu na ca\u0142ym \u015bwiecie.\" src=\"https:\/\/www.snowtrex.pl\/magazyn\/files\/2022\/09\/RS26439_shutterstock_393653947-lpr-729x486.jpg\" alt=\"Podczas Pucharu \u015awiata w skokach narciarskich najlepsi zawodnicy tej dyscypliny rok po roku szybuj\u0105 w powietrzu na ca\u0142ym \u015bwiecie.\" width=\"729\" height=\"486\" srcset=\"https:\/\/www.snowtrex.pl\/magazyn\/files\/2022\/09\/RS26439_shutterstock_393653947-lpr-729x486.jpg 729w, https:\/\/www.snowtrex.pl\/magazyn\/files\/2022\/09\/RS26439_shutterstock_393653947-lpr-300x200.jpg 300w, https:\/\/www.snowtrex.pl\/magazyn\/files\/2022\/09\/RS26439_shutterstock_393653947-lpr-1024x683.jpg 1024w, https:\/\/www.snowtrex.pl\/magazyn\/files\/2022\/09\/RS26439_shutterstock_393653947-lpr-600x400.jpg 600w, https:\/\/www.snowtrex.pl\/magazyn\/files\/2022\/09\/RS26439_shutterstock_393653947-lpr-1536x1024.jpg 1536w, https:\/\/www.snowtrex.pl\/magazyn\/files\/2022\/09\/RS26439_shutterstock_393653947-lpr-2048x1366.jpg 2048w, https:\/\/www.snowtrex.pl\/magazyn\/files\/2022\/09\/RS26439_shutterstock_393653947-lpr-468x312.jpg 468w, https:\/\/www.snowtrex.pl\/magazyn\/files\/2022\/09\/RS26439_shutterstock_393653947-lpr-999x666.jpg 999w, https:\/\/www.snowtrex.pl\/magazyn\/files\/2022\/09\/RS26439_shutterstock_393653947-lpr-645x430.jpg 645w, https:\/\/www.snowtrex.pl\/magazyn\/files\/2022\/09\/RS26439_shutterstock_393653947-lpr-552x368.jpg 552w, https:\/\/www.snowtrex.pl\/magazyn\/files\/2022\/09\/RS26439_shutterstock_393653947-lpr-405x270.jpg 405w, https:\/\/www.snowtrex.pl\/magazyn\/files\/2022\/09\/RS26439_shutterstock_393653947-lpr-336x224.jpg 336w, https:\/\/www.snowtrex.pl\/magazyn\/files\/2022\/09\/RS26439_shutterstock_393653947-lpr-276x184.jpg 276w, https:\/\/www.snowtrex.pl\/magazyn\/files\/2022\/09\/RS26439_shutterstock_393653947-lpr-234x156.jpg 234w, https:\/\/www.snowtrex.pl\/magazyn\/files\/2022\/09\/RS26439_shutterstock_393653947-lpr-192x128.jpg 192w, https:\/\/www.snowtrex.pl\/magazyn\/files\/2022\/09\/RS26439_shutterstock_393653947-lpr-120x80.jpg 120w, https:\/\/www.snowtrex.pl\/magazyn\/files\/2022\/09\/RS26439_shutterstock_393653947-lpr-30x20.jpg 30w\" sizes=\"(min-width: 1009px) 729px, (min-width: 819px) 594px, (min-width: 569px) 729px, (min-width: 449px) 468px, 348px\" \/><\/a><div class=\"tt-image-copyright\" data-image-id=\"51269\">\u00a9 krumcek\/Shutterstock<\/div>\n            <\/div>\n            <div class=\"tt-post-caption\">Podczas Pucharu \u015awiata w skokach narciarskich najlepsi zawodnicy tej dyscypliny rok po roku szybuj\u0105 w powietrzu na ca\u0142ym \u015bwiecie.<\/div>\n         <\/div > \n<p><em>\u2192 Zaplanuj wypoczynek w Alpach i sprawd\u017a <a style=\"--tw-scale-x: 1;--tw-scale-y: 1;--tw-scroll-snap-strictness: proximity;--tw-ring-offset-width: 0px;--tw-ring-offset-color: #fff;--tw-ring-color: #3b82f680;--tw-ring-offset-shadow: 0 0 #0000;--tw-ring-shadow: 0 0 #0000;--tw-shadow: 0 0 #0000;--tw-shadow-colored: 0 0 #0000\" href=\"https:\/\/www.snowtrex.pl\/austria\/bischofshofen\/narty.html\" target=\"_blank\" rel=\"noopener\">oferty z Bischofshofen<\/a> na SnowTrex<\/em><\/p>\n<h3>16 i 17 stycznia: Zakopane (Polska)<\/h3>\n<p>Na \u017cadnym innym etapie Pucharu \u015awiata skoczkowie nie s\u0105 tak gor\u0105co dopingowani jak w <a href=\"https:\/\/www.snowtrex.pl\/polska\/zakopane\/narty.html\" target=\"_blank\" rel=\"noopener\">Zakopanem<\/a>. Zw\u0142aszcza podczas skok\u00f3w lokalnych zawodnik\u00f3w kibice na naturalnej skoczni Wielka Krokiew ledwo s\u0142ysz\u0105 w\u0142asne s\u0142owa. Opr\u00f3cz konkursu indywidualnego, na drugim etapie Pucharu \u015awiata w <a href=\"https:\/\/www.snowtrex.pl\/polska\/narty.html\" target=\"_blank\" rel=\"noopener\">Polsce<\/a> \u2013 po konkursie dru\u017cynowym w <a href=\"https:\/\/www.snowtrex.pl\/niemcy\/titisee-neustadt\/narty.html\" target=\"_blank\" rel=\"noopener\">Titisee-Neustadt<\/a> (Niemcy) w po\u0142owie grudnia 2026 roku \u2013 odb\u0119dzie si\u0119 drugi tradycyjny konkurs dru\u017cynowy sezonu zimowego 2026\/2027. Faworytami s\u0105 tu, opr\u00f3cz skoczk\u00f3w z kraju gospodarza, dru\u017cyny z Niemiec, Norwegii, Austrii i S\u0142owenii.<\/p>\n<p><em>\u2192 Sprawd\u017a teraz <a href=\"https:\/\/www.snowtrex.pl\/szukanie_rezerwacja.html?destinationId=15238&amp;destinationUuId=&amp;destination=Zakopane\" target=\"_blank\" rel=\"noopener\">oferty z Zakopanego<\/a> na SnowTrex<\/em><\/p>\n<h3>22\u201324 stycznia: Sapporo (Japonia)<\/h3>\n<p>Najd\u0142u\u017csza podr\u00f3\u017c w tym roku zaprowadzi skoczk\u00f3w najpierw pod koniec stycznia do Japonii. A konkretnie do Sapporo, gdzie w 1972 roku odby\u0142y si\u0119 Zimowe Igrzyska Olimpijskie: kobiety maj\u0105 w programie dwa skoki indywidualne ze skoczni \u014ckurayama (137 m Hillsize), a m\u0119\u017cczy\u017ani te\u017c skacz\u0105 tu dwa razy z du\u017cej skoczni.<\/p>\n<h3>29\u201331 stycznia: Willingen (Niemcy)<\/h3>\n<p>Impreza skok\u00f3w narciarskich w Hochsauerlandzie! W przyjacielskiej rywalizacji z Zakopanem impreza w <a href=\"https:\/\/www.snowtrex.pl\/niemcy\/willingen\/narty.html\" target=\"_blank\" rel=\"noopener\">Willingen<\/a> co roku walczy o tytu\u0142 najg\u0142o\u015bniejszego miejsca Pucharu \u015awiata. Na skoczni M\u00fchlenkopfschanze kibice dopinguj\u0105 skoki, kt\u00f3rych skoczkowie zazwyczaj osi\u0105gaj\u0105 tylko na skoczniach lotniczych. Dzi\u0119ki d\u0142ugo\u015bci 147 m skocznia w Hochsauerlandzie jest obecnie najwi\u0119ksz\u0105 skoczni\u0105 narciarsk\u0105 na \u015bwiecie.<\/p>\n<div class=\"lyte-wrapper\" title=\"VIESSMANN FIS Weltcup Skispringen Willingen 2026 &ndash; Event Teaser\" style=\"width:853px;max-width:100%;margin:5px auto;\"><div class=\"lyMe\" id=\"WYL_ELwlo7z3M-U\" itemprop=\"video\" itemscope itemtype=\"https:\/\/schema.org\/VideoObject\"><div><meta itemprop=\"thumbnailUrl\" content=\"https:\/\/www.snowtrex.pl\/magazyn\/wp-content\/plugins\/wp-youtube-lyte\/lyteCache.php?origThumbUrl=https%3A%2F%2Fi.ytimg.com%2Fvi%2FELwlo7z3M-U%2Fhqdefault.jpg\" \/><meta itemprop=\"embedURL\" content=\"https:\/\/www.youtube.com\/embed\/ELwlo7z3M-U\" \/><meta itemprop=\"duration\" content=\"PT21S\" \/><meta itemprop=\"uploadDate\" content=\"2025-11-07T12:27:39Z\" \/><\/div><div id=\"lyte_ELwlo7z3M-U\" data-src=\"https:\/\/www.snowtrex.pl\/magazyn\/wp-content\/plugins\/wp-youtube-lyte\/lyteCache.php?origThumbUrl=https%3A%2F%2Fi.ytimg.com%2Fvi%2FELwlo7z3M-U%2Fhqdefault.jpg\" class=\"pL\"><div class=\"tC\"><div class=\"tT\" itemprop=\"name\">VIESSMANN FIS Weltcup Skispringen Willingen 2026 \u2013 Event Teaser<\/div><\/div><button tabindex=\"0\" class=\"play\"><\/button><div class=\"ctrl\"><div class=\"Lctrl\"><\/div><div class=\"Rctrl\"><\/div><\/div><\/div><noscript><a href=\"http:\/\/youtu.be\/ELwlo7z3M-U\" rel=\"nofollow\"><img loading=\"lazy\" decoding=\"async\" src=\"https:\/\/www.snowtrex.pl\/magazyn\/wp-content\/plugins\/wp-youtube-lyte\/lyteCache.php?origThumbUrl=http%3A%2F%2Fi.ytimg.com%2Fvi%2FELwlo7z3M-U%2F0.jpg\" alt=\"VIESSMANN FIS Weltcup Skispringen Willingen 2026 &ndash; Event Teaser\" width=\"853\" height=\"460\" \/><br \/>Watch this video on YouTube<\/a><\/noscript><meta itemprop=\"description\" content=\"Die besten Skispringer der Welt von 30.01 - 01.02.2026 auf der M\u00fchlenkopfschanze in Willingen erleben. Jetzt Tickets f\u00fcr den Kult-Weltcup sichern! Offizieller Ticketshop: https:\/\/tickets.weltcup-willingen.de\/ Mehr Infos: https:\/\/www.weltcup-willingen.de\"><\/div><\/div><div class=\"lL\" style=\"max-width:100%;width:853px;margin:5px auto;\"><br\/><span class=\"lyte_disclaimer\">Please also note that by using our services and integrating the YouTube API Services, the <a href=\"https:\/\/www.youtube.com\/t\/terms\">YouTube Terms of Service<\/a> and the <a href=\"https:\/\/developers.google.com\/youtube\/terms\/api-services-terms-of-service-emea\">YouTube API Services Terms<\/a> apply and your use of our website is deemed to be acceptance of these terms.<\/span><\/div><\/p>\n<p><em>\u2192 Odkryj teraz <a href=\"https:\/\/www.snowtrex.pl\/szukanie_rezerwacja.html?destinationId=12572&amp;destinationUuId=4028815c90fd150501916a53384d72b1&amp;destination=Willingen\" target=\"_blank\" rel=\"noopener\">oferty z Willingen<\/a> na SnowTrex<\/em><\/p>\n<h3>18 i 21 marca: Vikersund (Norwegia)<\/h3>\n<p>Na Vikersundbakken, najwi\u0119kszej skoczni lot\u00f3w narciarskich na \u015bwiecie (240 m d\u0142ugo\u015bci \u2013 ex aequo z Planic\u0105), odb\u0119dzie si\u0119 pierwszy konkurs lot\u00f3w narciarskich w sezonie Pucharu \u015awiata 2026\/2027. Na tej skoczni, kt\u00f3r\u0105 miejscowi z szacunkiem nazywaj\u0105 \u201eMonsterbakken\u201d, kobiety wykonaj\u0105 po jednym skoku indywidualnym, a m\u0119\u017cczy\u017ani \u2013 po dwa.<\/p>\n<h3>24 lutego \u2013 7 marca: Falun (Szwecja)<\/h3>\n<p>W szwedzkim Falun w 2027 roku odb\u0119dzie si\u0119 najwa\u017cniejsze wydarzenie roku dla skoczk\u00f3w i skoczek narciarskich. W szwedzkiej prowincji Dalarnas l\u00e4n, od 24 lutego do 7 marca, odb\u0119d\u0105 si\u0119 bowiem zawody w skokach narciarskich w ramach 56. Mistrzostw \u015awiata w Narciarstwie P\u00f3\u0142nocnym! Po raz pierwszy program zawod\u00f3w w Szwecji przewiduje tak\u0105 sam\u0105 liczb\u0119 konkurencji dla kobiet i m\u0119\u017cczyzn: po dwa skoki indywidualne, jeden skok dru\u017cynowy i jeden skok mieszany.<\/p>\n<h3>13 i 14 marca: Oslo (Norwegia)<\/h3>\n<p>Dla narciarzy klasycznych Holmenkollen w Oslo to swego rodzaju \u015bwi\u0119te miejsce. \u017badne inne zawody, w \u017cadnym z wymienionych wcze\u015bniej miejsc Pucharu \u015awiata w skokach narciarskich, nie s\u0105 tak owiane legend\u0105 jak impreza w stolicy Norwegii. St\u0105d te\u017c ogromny szacunek i niecierpliwo\u015b\u0107 w\u015br\u00f3d skoczk\u00f3w i skoczki\u0144, kt\u00f3rzy w sezonie 2026\/2027 maj\u0105 w planie po jednym konkursie indywidualnym na du\u017cej skoczni (134 m Hillsize). Nagroda za zwyci\u0119stwo w Oslo jest przy tym naprawd\u0119 wyj\u0105tkowa. Opr\u00f3cz nagrody pieni\u0119\u017cnej zawodnicy, kt\u00f3rzy zajm\u0105 pierwsze miejsca, po ceremonii wr\u0119czenia nagr\u00f3d mog\u0105 uda\u0107 si\u0119 do kr\u00f3lewskiej lo\u017cy na spotkanie z kr\u00f3lem Norwegii, Haraldem V., kt\u00f3ry sam uchodzi za wielkiego fana sportu.<\/p>\n<div class=\"tt-post-image-wrapper tt-post-image-wrapper-full\">\n            <div class=\"tt-image-copyright-container\">\n                <a href=\"https:\/\/www.snowtrex.pl\/magazyn\/files\/2022\/09\/RS26440_shutterstock_71076553-lpr.jpg\" target=\"_blank\" rel=\"noopener\"><img loading=\"lazy\" decoding=\"async\" data-wrapped=\"true\" class=\"wp-image-51268 size-Artikelbild_gro\u00df\" src=\"https:\/\/www.snowtrex.pl\/magazyn\/files\/2022\/09\/RS26440_shutterstock_71076553-lpr-729x486.jpg\" width=\"729\" height=\"486\" srcset=\"https:\/\/www.snowtrex.pl\/magazyn\/files\/2022\/09\/RS26440_shutterstock_71076553-lpr-729x486.jpg 729w, https:\/\/www.snowtrex.pl\/magazyn\/files\/2022\/09\/RS26440_shutterstock_71076553-lpr-300x200.jpg 300w, https:\/\/www.snowtrex.pl\/magazyn\/files\/2022\/09\/RS26440_shutterstock_71076553-lpr-1024x683.jpg 1024w, https:\/\/www.snowtrex.pl\/magazyn\/files\/2022\/09\/RS26440_shutterstock_71076553-lpr-600x400.jpg 600w, https:\/\/www.snowtrex.pl\/magazyn\/files\/2022\/09\/RS26440_shutterstock_71076553-lpr-1536x1024.jpg 1536w, https:\/\/www.snowtrex.pl\/magazyn\/files\/2022\/09\/RS26440_shutterstock_71076553-lpr-2048x1365.jpg 2048w, https:\/\/www.snowtrex.pl\/magazyn\/files\/2022\/09\/RS26440_shutterstock_71076553-lpr-468x312.jpg 468w, https:\/\/www.snowtrex.pl\/magazyn\/files\/2022\/09\/RS26440_shutterstock_71076553-lpr-999x666.jpg 999w, https:\/\/www.snowtrex.pl\/magazyn\/files\/2022\/09\/RS26440_shutterstock_71076553-lpr-645x430.jpg 645w, https:\/\/www.snowtrex.pl\/magazyn\/files\/2022\/09\/RS26440_shutterstock_71076553-lpr-552x368.jpg 552w, https:\/\/www.snowtrex.pl\/magazyn\/files\/2022\/09\/RS26440_shutterstock_71076553-lpr-405x270.jpg 405w, https:\/\/www.snowtrex.pl\/magazyn\/files\/2022\/09\/RS26440_shutterstock_71076553-lpr-336x224.jpg 336w, https:\/\/www.snowtrex.pl\/magazyn\/files\/2022\/09\/RS26440_shutterstock_71076553-lpr-276x184.jpg 276w, https:\/\/www.snowtrex.pl\/magazyn\/files\/2022\/09\/RS26440_shutterstock_71076553-lpr-234x156.jpg 234w, https:\/\/www.snowtrex.pl\/magazyn\/files\/2022\/09\/RS26440_shutterstock_71076553-lpr-192x128.jpg 192w, https:\/\/www.snowtrex.pl\/magazyn\/files\/2022\/09\/RS26440_shutterstock_71076553-lpr-120x80.jpg 120w, https:\/\/www.snowtrex.pl\/magazyn\/files\/2022\/09\/RS26440_shutterstock_71076553-lpr-30x20.jpg 30w\" sizes=\"(min-width: 1009px) 729px, (min-width: 819px) 594px, (min-width: 569px) 729px, (min-width: 449px) 468px, 348px\" \/><\/a><div class=\"tt-image-copyright\" data-image-id=\"51268\">\u00a9 Morten Normann Almeland\/Shutterstock<\/div>\n            <\/div>\n            <div class=\"tt-post-caption\">Holmenkollen w Oslo to jedna z \u201ekatedr\u201d narciarstwa klasycznego. Skoki na du\u017cej skoczni w stolicy Norwegii ciesz\u0105 si\u0119 wi\u0119c ogromnym presti\u017cem.<\/div>\n         <\/div > \n<h3>18\u201321 marca: Planica (S\u0142owenia)<\/h3>\n<p>Na zako\u0144czenie sezonu 2026\/2027 zawodnicy zn\u00f3w wybieraj\u0105 si\u0119 do Planicy. I podobnie jak w Vikersundzie, ju\u017c po raz drugi w bie\u017c\u0105cym sezonie Pucharu \u015awiata nie chodzi tu o skoki narciarskie, bo w Alpach Julijskich tradycj\u0119 maj\u0105 te\u017c loty narciarskie. Na \u201eLetalnica bratov Gori\u0161ek\u201d, skoczni do lot\u00f3w narciarskich braci Gori\u0161ek, obecnie rodze\u0144stwo Domen i Nika Prevc \u2013 oboje zwyci\u0119zcy klasyfikacji generalnej Pucharu \u015awiata \u2013 z wynikami odpowiednio 254,5 m i 242,5 m trzymaj\u0105 nie tylko rekordy skoczni, ale tak\u017ce \u015bwiatowe rekordy w lotach narciarskich w\u015br\u00f3d m\u0119\u017cczyzn i kobiet! Najp\u00f3\u017aniej w Planicy, w ramach dw\u00f3ch konkurs\u00f3w indywidualnych, rozstrzygnie si\u0119 zreszt\u0105 walka o klasyfikacj\u0119 generaln\u0105 Pucharu \u015awiata, co ostatecznie ustali wyniki Pucharu \u015awiata w skokach narciarskich w sezonie 2026\/2027.<\/p>\n<h2 id=\"najcz\u0119\u015bciej-zadawane-pytania-dotycz\u0105ce-pucharu-\u015awiata-w-skokach-narciarskich\">Najcz\u0119\u015bciej zadawane pytania dotycz\u0105ce Pucharu \u015awiata w skokach narciarskich<\/h2>\n<h3>Kiedy zaczyna si\u0119 Puchar \u015awiata w skokach narciarskich 2026\/2027?<\/h3>\n<p>W weekend od 20 do 22 listopada odb\u0119dzie si\u0119 inauguracja sezonu Pucharu \u015awiata w skokach narciarskich 2026\/2027 w norweskim Lillehammer. Najlepsi skoczkowie narciarscy z ca\u0142ego \u015bwiata spotkaj\u0105 si\u0119 wi\u0119c, by rozpocz\u0105\u0107 now\u0105 seri\u0119 zawod\u00f3w w mie\u015bcie, kt\u00f3re by\u0142o gospodarzem Zimowych Igrzysk Olimpijskich w 1994 roku.<\/p>\n<h3>Kiedy odb\u0119dzie si\u0119 pierwszy skok na skoczni normalnej w sezonie 2026\/2027?<\/h3>\n<p>Pierwsze skoki na skoczni normalnej w sezonie 2026\/2027 odb\u0119d\u0105 si\u0119 29 listopada w austriackim Hinzenbachu dla kobiet, a pierwszy i jedyny konkurs na ma\u0142ej skoczni dla m\u0119\u017cczyzn odb\u0119dzie si\u0119 pod koniec lutego 2027 roku w szwedzkim Falun. A stawk\u0105 b\u0119d\u0105 z\u0142ote medale na Mistrzostwach \u015awiata w narciarstwie klasycznym!<\/p>\n<h3>Kiedy odb\u0119dzie si\u0119 pierwszy konkurs lot\u00f3w narciarskich w sezonie 2026\/2027?<\/h3>\n<p>Pierwsze zawody w lotach narciarskich sezonu 2026\/2027 odb\u0119d\u0105 si\u0119 na \u201eMonsterbakken\u201d w Vikersund (Norwegia). M\u0119\u017cczy\u017ani zmierz\u0105 si\u0119 tam na jednej z najwi\u0119kszych skoczni do lot\u00f3w narciarskich na \u015bwiecie (240 m d\u0142ugo\u015bci) w dw\u00f3ch skokach indywidualnych. R\u00f3wnie\u017c dla kobiet w tym sezonie Pucharu \u015awiata zaplanowano dwa konkursy lot\u00f3w narciarskich \u2013 w\u0142a\u015bnie ten na \u201eMonsterbakken\u201d oraz jeden w dniach 18\u201321 marca w s\u0142owe\u0144skiej Planicy.<\/p>\n<h3>Gdzie zako\u0144czy si\u0119 Puchar \u015awiata w skokach narciarskich 2026\/2027?<\/h3>\n<p>Aby godnie zako\u0144czy\u0107 Puchar \u015awiata FIS w skokach narciarskich, skoczkowie i skoczkinie spotkaj\u0105 si\u0119 jeszcze raz w dniach 18\u201321 marca w s\u0142owe\u0144skiej Planicy na zawodach w skokach narciarskich.<\/p>\n<h3>Gdzie tradycyjnie odbywa si\u0119 otwarcie sezonu Pucharu \u015awiata w narciarstwie?<\/h3>\n<p>W latach 2016\u20132022 pierwsze zawody Pucharu \u015awiata FIS w skokach narciarskich przez sze\u015b\u0107 lat odbywa\u0142y si\u0119 w polskiej Wi\u015ble. W 2023 roku otwarcie sezonu powr\u00f3ci\u0142o do tradycyjnego Nordic Opening w Ruka (Finlandia). Natomiast po latach 2024 i 2025 sezon rozpocznie si\u0119 r\u00f3wnie\u017c w 2026 roku w Lillehammer (Norwegia), mie\u015bcie, kt\u00f3re by\u0142o gospodarzem igrzysk olimpijskich w 1994 roku.<\/p>\n<h3>Od kiedy istnieje Puchar \u015awiata w skokach narciarskich?<\/h3>\n<p>Pierwszy oficjalny sezon Pucharu \u015awiata w skokach narciarskich rozpocz\u0105\u0142 si\u0119 w 1979 roku. Zupe\u0142nie pierwszy konkurs odby\u0142 si\u0119 wtedy 27 grudnia w Cortina d\u2019Ampezzo, a wygra\u0142 go Austriak Toni Innauer. Kobiety mog\u0142y natomiast wystartowa\u0107 w swoich pierwszych oficjalnych zawodach Pucharu \u015awiata dopiero w sezonie 2011\/2012. 3 grudnia Amerykanka Sarah Hendrickson zwyci\u0119\u017cy\u0142a w konkursie indywidualnym na skoczni normalnej w Lillehammer.<\/p>\n<h3>Gdzie widzowie mog\u0105 ogl\u0105da\u0107 Puchar \u015awiata w skokach narciarskich w telewizji?<\/h3>\n<p>Transmisje na \u017cywo z Pucharu \u015awiata w skokach narciarskich mo\u017cna ogl\u0105da\u0107 w Europie na kanale Eurosport.<\/p>\n<h3>Ile zarabiaj\u0105 zwyci\u0119zcy Pucharu \u015awiata w skokach narciarskich?<\/h3>\n<p>Za pierwsze miejsce w klasyfikacji generalnej Pucharu \u015awiata w skokach narciarskich ani zwyci\u0119\u017cczyni, ani zwyci\u0119zca nie dostaj\u0105 nagrody pieni\u0119\u017cnej. Zamiast tego zwyci\u0119stwo w skoku m\u0119\u017cczyzn w ramach Pucharu \u015awiata jest nagrodzone kwot\u0105 15 000 euro. W\u015br\u00f3d kobiet zwyci\u0119\u017cczyni jednego z konkurs\u00f3w dostaje 5 000 euro. W sportach zimowych tradycj\u0105 jest te\u017c, \u017ce puchary za klasyfikacj\u0119 generaln\u0105 Pucharu \u015awiata s\u0105 wykonane z najszlachetniejszego kryszta\u0142u. Dlatego te\u017c najlepsza skoczkini i najlepszy skoczek s\u0105 honorowani przez Mi\u0119dzynarodow\u0105 Federacj\u0119 Narciarsk\u0105 (FIS) dwoma wielkimi \u201ekryszta\u0142owymi kulami\u201d. Jednak najwi\u0119ksze dochody skoczkowie czerpi\u0105 nie z nagr\u00f3d pieni\u0119\u017cnych, ale z um\u00f3w sponsorskich, kt\u00f3re bywaj\u0105 naprawd\u0119 \u015bwietnie op\u0142acane.<\/p>\n","protected":false},"excerpt":{"rendered":"<p>Skoki narciarskie s\u0105 fascynuj\u0105ce. Dla odwa\u017cnych zawodnik\u00f3w, kt\u00f3rzy rok po roku wychodz\u0105 na najwi\u0119ksze skocznie narciarskie \u015bwiata, Puchar \u015awiata w skokach narciarskich jest Lig\u0105 Mistrz\u00f3w w ich dyscyplinie. Dzi\u0119ki spektakularnym skokom i rekordom skoczni, gwiazdy takie jak zwyci\u0119zcy klasyfikacji generalnej Pucharu \u015awiata z ubieg\u0142ego sezonu Stefan Kraft (Austria) i Nika Prevc (S\u0142owenia) zapewniaj\u0105 najwy\u017csze oceny i wyprzedane stadiony skok\u00f3w narciarskich od p\u00f3\u017anej jesieni do wiosny. W drodze dooko\u0142a \u015bwiata, cyrk skok\u00f3w narciarskich zatrzymuje si\u0119 na kilku nowych arenach Pucharu \u015awiata i wielu tradycyjnych obiektach, kt\u00f3re od dziesi\u0119cioleci s\u0105 katedrami narciarstwa klasycznego. SnowTrex zebra\u0142 wszystkie obiekty na Puchar \u015awiata 2024\/2025 i przedstawia najwa\u017cniejsze wydarzenia w skokach narciarskich w tym roku.<\/p>\n","protected":false},"author":175,"featured_media":55374,"comment_status":"closed","ping_status":"closed","sticky":false,"template":"","format":"standard","meta":{"footnotes":"","_members_access_role":[],"_members_access_error":""},"categories":[188],"tags":[5743,52,6090,5438,5682,5816,5765,5331,99,5725,64,5794,44,255,5758,1855,5859,5499,5861,5727,28,5773,5795,5730,5746,5856,5820,5551,53,348,5759,6065],"class_list":["post-50535","post","type-post","status-publish","format-standard","has-post-thumbnail","hentry","category-eventy","tag-alpy-bawarskie","tag-austria","tag-bad_mitterndorf","tag-bischofshofen","tag-cadore","tag-cortina_dampezzo","tag-dolina-engelberg","tag-engelberg","tag-garmisch-partenkirchen","tag-hochsauerland","tag-innsbruck","tag-karpaty","tag-niemcy","tag-oberstdorf","tag-oberstdorf_oberallgau","tag-polska","tag-pongau","tag-predazzo","tag-region_narciarski_innsbruck","tag-sauerland","tag-szwajcaria","tag-szwajcaria-centralna","tag-tatry","tag-trentino","tag-tyrol","tag-val_di_fiemme","tag-wenecja","tag-willingen","tag-wlochy","tag-zakopane","tag-ziemia-salzburska","tag-zugspitz"],"yoast_head":"<!-- This site is optimized with the Yoast SEO Premium plugin v28.3 (Yoast SEO v28.3) - https:\/\/yoast.com\/product\/yoast-seo-premium-wordpress\/ -->\n<title>Puchar \u015awiata w skokach narciarskich: wszystkie terminy w sezonie 2026\/2027<\/title>\n<meta name=\"description\" content=\"Puchar \u015awiata w skokach narciarskich 2026\/2027 \u2013 SnowTrex przedstawia wszystkie terminy zawod\u00f3w Pucharu \u015awiata FIS w skokach narciarskich w sezonie 2026\/2027\" \/>\n<meta name=\"robots\" content=\"index, follow, max-snippet:-1, max-image-preview:large, max-video-preview:-1\" \/>\n<link rel=\"canonical\" href=\"https:\/\/www.snowtrex.pl\/magazyn\/eventy\/puchar-swiata-w-skokach-narciarskich\/\" \/>\n<meta property=\"og:locale\" content=\"pl_PL\" \/>\n<meta property=\"og:type\" content=\"article\" \/>\n<meta property=\"og:title\" content=\"Puchar \u015awiata w skokach narciarskich 2026\/2027: Wszystkie konkursy w skr\u00f3cie\" \/>\n<meta property=\"og:description\" content=\"Skoki narciarskie s\u0105 fascynuj\u0105ce. Dla odwa\u017cnych zawodnik\u00f3w, kt\u00f3rzy rok po roku wychodz\u0105 na najwi\u0119ksze skocznie narciarskie \u015bwiata, Puchar \u015awiata w skokach narciarskich jest Lig\u0105 Mistrz\u00f3w w ich dyscyplinie. Dzi\u0119ki spektakularnym skokom i rekordom skoczni, gwiazdy takie jak zwyci\u0119zcy klasyfikacji generalnej Pucharu \u015awiata z ubieg\u0142ego sezonu Stefan Kraft (Austria) i Nika Prevc (S\u0142owenia) zapewniaj\u0105 najwy\u017csze oceny i wyprzedane stadiony skok\u00f3w narciarskich od p\u00f3\u017anej jesieni do wiosny. W drodze dooko\u0142a \u015bwiata, cyrk skok\u00f3w narciarskich zatrzymuje si\u0119 na kilku nowych arenach Pucharu \u015awiata i wielu tradycyjnych obiektach, kt\u00f3re od dziesi\u0119cioleci s\u0105 katedrami narciarstwa klasycznego. SnowTrex zebra\u0142 wszystkie obiekty na Puchar \u015awiata 2024\/2025 i przedstawia najwa\u017cniejsze wydarzenia w skokach narciarskich w tym roku.\" \/>\n<meta property=\"og:url\" content=\"https:\/\/www.snowtrex.pl\/magazyn\/eventy\/puchar-swiata-w-skokach-narciarskich\/\" \/>\n<meta property=\"og:site_name\" content=\"SnowTrex magazyn narciarski\" \/>\n<meta property=\"article:publisher\" content=\"https:\/\/www.facebook.com\/SnowTrex.de\/\" \/>\n<meta property=\"article:author\" content=\"https:\/\/www.facebook.com\/snowtrex\/\" \/>\n<meta property=\"article:published_time\" content=\"2025-06-30T23:00:00+00:00\" \/>\n<meta property=\"article:modified_time\" content=\"2026-07-20T07:50:52+00:00\" \/>\n<meta name=\"author\" content=\"SnowTrex\" \/>\n<meta name=\"twitter:label1\" content=\"Napisane przez\" \/>\n\t<meta name=\"twitter:data1\" content=\"SnowTrex\" \/>\n\t<meta name=\"twitter:label2\" content=\"Szacowany czas czytania\" \/>\n\t<meta name=\"twitter:data2\" content=\"15 minut\" \/>\n<script type=\"application\/ld+json\" class=\"yoast-schema-graph\">{\"@context\":\"https:\\\/\\\/schema.org\",\"@graph\":[{\"@type\":\"Article\",\"@id\":\"http:\\\/\\\/wp-magazin.snowtrex.pl\\\/eventy\\\/puchar-swiata-w-skokach-narciarskich\\\/#article\",\"isPartOf\":{\"@id\":\"http:\\\/\\\/wp-magazin.snowtrex.pl\\\/eventy\\\/puchar-swiata-w-skokach-narciarskich\\\/\"},\"author\":{\"name\":\"SnowTrex\",\"@id\":\"http:\\\/\\\/wp-magazin.snowtrex.pl\\\/#\\\/schema\\\/person\\\/8e389f383d57ca71d928d1ce1eebb566\"},\"headline\":\"Puchar \u015awiata w skokach narciarskich 2026\\\/2027: Wszystkie konkursy w skr\u00f3cie\",\"datePublished\":\"2025-06-30T23:00:00+00:00\",\"dateModified\":\"2026-07-20T07:50:52+00:00\",\"mainEntityOfPage\":{\"@id\":\"http:\\\/\\\/wp-magazin.snowtrex.pl\\\/eventy\\\/puchar-swiata-w-skokach-narciarskich\\\/\"},\"wordCount\":2488,\"publisher\":{\"@id\":\"http:\\\/\\\/wp-magazin.snowtrex.pl\\\/#organization\"},\"image\":{\"@id\":\"http:\\\/\\\/wp-magazin.snowtrex.pl\\\/eventy\\\/puchar-swiata-w-skokach-narciarskich\\\/#primaryimage\"},\"thumbnailUrl\":\"http:\\\/\\\/wp-magazin.snowtrex.pl\\\/files\\\/2019\\\/05\\\/RS27160_shutterstock_775014859-scr.jpg\",\"keywords\":[\"Alpy Bawarskie\",\"Austria\",\"Bad Mitterndorf\",\"Bischofshofen\",\"Cadore\",\"Cortina d'Ampezzo\",\"Dolina Engelberg\",\"Engelberg\",\"Garmisch-Partenkirchen\",\"Hochsauerland\",\"Innsbruck\",\"Karpaty\",\"Niemcy\",\"Oberstdorf\",\"Oberstdorf (Oberallg\u00e4u)\",\"Polska\",\"Pongau\",\"Predazzo\",\"Region Narciarski Innsbruck\",\"Sauerland\",\"Szwajcaria\",\"Szwajcaria Centralna\",\"Tatry\",\"Trentino\",\"Tyrol\",\"Val di Fiemme\",\"Wenecja\",\"Willingen\",\"W\u0142ochy\",\"Zakopane\",\"Ziemia Salzburska\",\"Zugspitz\"],\"articleSection\":[\"Eventy\"],\"inLanguage\":\"pl-PL\"},{\"@type\":\"WebPage\",\"@id\":\"http:\\\/\\\/wp-magazin.snowtrex.pl\\\/eventy\\\/puchar-swiata-w-skokach-narciarskich\\\/\",\"url\":\"http:\\\/\\\/wp-magazin.snowtrex.pl\\\/eventy\\\/puchar-swiata-w-skokach-narciarskich\\\/\",\"name\":\"Puchar \u015awiata w skokach narciarskich: wszystkie terminy w sezonie 2026\\\/2027\",\"primaryImageOfPage\":{\"@id\":\"http:\\\/\\\/wp-magazin.snowtrex.pl\\\/eventy\\\/puchar-swiata-w-skokach-narciarskich\\\/#primaryimage\"},\"image\":{\"@id\":\"http:\\\/\\\/wp-magazin.snowtrex.pl\\\/eventy\\\/puchar-swiata-w-skokach-narciarskich\\\/#primaryimage\"},\"thumbnailUrl\":\"http:\\\/\\\/wp-magazin.snowtrex.pl\\\/files\\\/2019\\\/05\\\/RS27160_shutterstock_775014859-scr.jpg\",\"datePublished\":\"2025-06-30T23:00:00+00:00\",\"dateModified\":\"2026-07-20T07:50:52+00:00\",\"description\":\"Puchar \u015awiata w skokach narciarskich 2026\\\/2027 \u2013 SnowTrex przedstawia wszystkie terminy zawod\u00f3w Pucharu \u015awiata FIS w skokach narciarskich w sezonie 2026\\\/2027\",\"inLanguage\":\"pl-PL\"},{\"@type\":\"ImageObject\",\"inLanguage\":\"pl-PL\",\"@id\":\"http:\\\/\\\/wp-magazin.snowtrex.pl\\\/eventy\\\/puchar-swiata-w-skokach-narciarskich\\\/#primaryimage\",\"url\":\"http:\\\/\\\/wp-magazin.snowtrex.pl\\\/files\\\/2019\\\/05\\\/RS27160_shutterstock_775014859-scr.jpg\",\"contentUrl\":\"http:\\\/\\\/wp-magazin.snowtrex.pl\\\/files\\\/2019\\\/05\\\/RS27160_shutterstock_775014859-scr.jpg\",\"width\":1440,\"height\":960},{\"@type\":\"WebSite\",\"@id\":\"http:\\\/\\\/wp-magazin.snowtrex.pl\\\/#website\",\"url\":\"http:\\\/\\\/wp-magazin.snowtrex.pl\\\/\",\"name\":\"SnowTrex magazyn narciarski\",\"description\":\"wszystko na temat narciarstwa, snowboardu i urlopu zimowego!\",\"publisher\":{\"@id\":\"http:\\\/\\\/wp-magazin.snowtrex.pl\\\/#organization\"},\"inLanguage\":\"pl-PL\"},{\"@type\":\"Organization\",\"@id\":\"http:\\\/\\\/wp-magazin.snowtrex.pl\\\/#organization\",\"name\":\"TravelTrex GmbH\",\"url\":\"http:\\\/\\\/wp-magazin.snowtrex.pl\\\/\",\"logo\":{\"@type\":\"ImageObject\",\"inLanguage\":\"pl-PL\",\"@id\":\"http:\\\/\\\/wp-magazin.snowtrex.pl\\\/#\\\/schema\\\/logo\\\/image\\\/\",\"url\":\"\",\"contentUrl\":\"\",\"caption\":\"TravelTrex GmbH\"},\"image\":{\"@id\":\"http:\\\/\\\/wp-magazin.snowtrex.pl\\\/#\\\/schema\\\/logo\\\/image\\\/\"},\"sameAs\":[\"https:\\\/\\\/www.facebook.com\\\/SnowTrex.de\\\/\",\"https:\\\/\\\/www.instagram.com\\\/snowtrex_ski\\\/\"],\"description\":\"Od 1999 roku SnowTrex jest wiod\u0105cym niemieckim organizatorem wyjazd\u00f3w narciarskich. Firma oferuje swoje us\u0142ugi w 13 j\u0119zykach i co roku zabiera ponad 100 000 go\u015bci do popularnych miejsc, takich jak Austria, Francja, W\u0142ochy, Szwajcaria i Niemcy.\",\"email\":\"info-pl@snowtrex.com\",\"telephone\":\"22 380 39 00\",\"legalName\":\"TravelTrex GmbH\",\"foundingDate\":\"1999-07-01\",\"vatID\":\"DE 813 076 768\",\"numberOfEmployees\":{\"@type\":\"QuantitativeValue\",\"minValue\":\"51\",\"maxValue\":\"200\"}},{\"@type\":\"Person\",\"@id\":\"http:\\\/\\\/wp-magazin.snowtrex.pl\\\/#\\\/schema\\\/person\\\/8e389f383d57ca71d928d1ce1eebb566\",\"name\":\"SnowTrex\",\"description\":\"Redakcja magazynu SnowTrex sk\u0142ada si\u0119 z do\u015bwiadczonych mi\u0142o\u015bnik\u00f3w sport\u00f3w zimowych i ekspert\u00f3w turystycznych, kt\u00f3rzy dziel\u0105 si\u0119 swoj\u0105 pasj\u0105 w merytorycznych artyku\u0142ach na temat o\u015brodk\u00f3w narciarskich, sprz\u0119tu i wskaz\u00f3wek dotycz\u0105cych podr\u00f3\u017cy. Od 1999 roku SnowTrex jest wiod\u0105cym niemieckim organizatorem wyjazd\u00f3w narciarskich. Firma oferuje swoje us\u0142ugi w 13 j\u0119zykach i co roku zabiera ponad 100 000 go\u015bci do popularnych miejsc, takich jak Austria, Francja, W\u0142ochy, Szwajcaria i Niemcy.\",\"sameAs\":[\"https:\\\/\\\/www.snowtrex.pl\\\/\",\"https:\\\/\\\/www.facebook.com\\\/snowtrex\\\/\",\"https:\\\/\\\/www.instagram.com\\\/snowtrex_ski\\\/\",\"https:\\\/\\\/www.youtube.com\\\/c\\\/SnowTrex\"]}]}<\/script>\n<!-- \/ Yoast SEO Premium plugin. -->","yoast_head_json":{"title":"Puchar \u015awiata w skokach narciarskich: wszystkie terminy w sezonie 2026\/2027","description":"Puchar \u015awiata w skokach narciarskich 2026\/2027 \u2013 SnowTrex przedstawia wszystkie terminy zawod\u00f3w Pucharu \u015awiata FIS w skokach narciarskich w sezonie 2026\/2027","robots":{"index":"index","follow":"follow","max-snippet":"max-snippet:-1","max-image-preview":"max-image-preview:large","max-video-preview":"max-video-preview:-1"},"canonical":"https:\/\/www.snowtrex.pl\/magazyn\/eventy\/puchar-swiata-w-skokach-narciarskich\/","og_locale":"pl_PL","og_type":"article","og_title":"Puchar \u015awiata w skokach narciarskich 2026\/2027: Wszystkie konkursy w skr\u00f3cie","og_description":"Skoki narciarskie s\u0105 fascynuj\u0105ce. Dla odwa\u017cnych zawodnik\u00f3w, kt\u00f3rzy rok po roku wychodz\u0105 na najwi\u0119ksze skocznie narciarskie \u015bwiata, Puchar \u015awiata w skokach narciarskich jest Lig\u0105 Mistrz\u00f3w w ich dyscyplinie. Dzi\u0119ki spektakularnym skokom i rekordom skoczni, gwiazdy takie jak zwyci\u0119zcy klasyfikacji generalnej Pucharu \u015awiata z ubieg\u0142ego sezonu Stefan Kraft (Austria) i Nika Prevc (S\u0142owenia) zapewniaj\u0105 najwy\u017csze oceny i wyprzedane stadiony skok\u00f3w narciarskich od p\u00f3\u017anej jesieni do wiosny. W drodze dooko\u0142a \u015bwiata, cyrk skok\u00f3w narciarskich zatrzymuje si\u0119 na kilku nowych arenach Pucharu \u015awiata i wielu tradycyjnych obiektach, kt\u00f3re od dziesi\u0119cioleci s\u0105 katedrami narciarstwa klasycznego. SnowTrex zebra\u0142 wszystkie obiekty na Puchar \u015awiata 2024\/2025 i przedstawia najwa\u017cniejsze wydarzenia w skokach narciarskich w tym roku.","og_url":"https:\/\/www.snowtrex.pl\/magazyn\/eventy\/puchar-swiata-w-skokach-narciarskich\/","og_site_name":"SnowTrex magazyn narciarski","article_publisher":"https:\/\/www.facebook.com\/SnowTrex.de\/","article_author":"https:\/\/www.facebook.com\/snowtrex\/","article_published_time":"2025-06-30T23:00:00+00:00","article_modified_time":"2026-07-20T07:50:52+00:00","author":"SnowTrex","twitter_misc":{"Napisane przez":"SnowTrex","Szacowany czas czytania":"15 minut"},"schema":{"@context":"https:\/\/schema.org","@graph":[{"@type":"Article","@id":"https:\/\/www.snowtrex.pl\/magazyn\/eventy\/puchar-swiata-w-skokach-narciarskich\/#article","isPartOf":{"@id":"https:\/\/www.snowtrex.pl\/magazyn\/eventy\/puchar-swiata-w-skokach-narciarskich\/"},"author":{"name":"SnowTrex","@id":"https:\/\/www.snowtrex.pl\/magazyn\/#\/schema\/person\/8e389f383d57ca71d928d1ce1eebb566"},"headline":"Puchar \u015awiata w skokach narciarskich 2026\/2027: Wszystkie konkursy w skr\u00f3cie","datePublished":"2025-06-30T23:00:00+00:00","dateModified":"2026-07-20T07:50:52+00:00","mainEntityOfPage":{"@id":"https:\/\/www.snowtrex.pl\/magazyn\/eventy\/puchar-swiata-w-skokach-narciarskich\/"},"wordCount":2488,"publisher":{"@id":"https:\/\/www.snowtrex.pl\/magazyn\/#organization"},"image":{"@id":"https:\/\/www.snowtrex.pl\/magazyn\/eventy\/puchar-swiata-w-skokach-narciarskich\/#primaryimage"},"thumbnailUrl":"https:\/\/www.snowtrex.pl\/magazyn\/files\/2019\/05\/RS27160_shutterstock_775014859-scr.jpg","keywords":["Alpy Bawarskie","Austria","Bad Mitterndorf","Bischofshofen","Cadore","Cortina d'Ampezzo","Dolina Engelberg","Engelberg","Garmisch-Partenkirchen","Hochsauerland","Innsbruck","Karpaty","Niemcy","Oberstdorf","Oberstdorf (Oberallg\u00e4u)","Polska","Pongau","Predazzo","Region Narciarski Innsbruck","Sauerland","Szwajcaria","Szwajcaria Centralna","Tatry","Trentino","Tyrol","Val di Fiemme","Wenecja","Willingen","W\u0142ochy","Zakopane","Ziemia Salzburska","Zugspitz"],"articleSection":["Eventy"],"inLanguage":"pl-PL"},{"@type":"WebPage","@id":"https:\/\/www.snowtrex.pl\/magazyn\/eventy\/puchar-swiata-w-skokach-narciarskich\/","url":"https:\/\/www.snowtrex.pl\/magazyn\/eventy\/puchar-swiata-w-skokach-narciarskich\/","name":"Puchar \u015awiata w skokach narciarskich: wszystkie terminy w sezonie 2026\/2027","primaryImageOfPage":{"@id":"https:\/\/www.snowtrex.pl\/magazyn\/eventy\/puchar-swiata-w-skokach-narciarskich\/#primaryimage"},"image":{"@id":"https:\/\/www.snowtrex.pl\/magazyn\/eventy\/puchar-swiata-w-skokach-narciarskich\/#primaryimage"},"thumbnailUrl":"https:\/\/www.snowtrex.pl\/magazyn\/files\/2019\/05\/RS27160_shutterstock_775014859-scr.jpg","datePublished":"2025-06-30T23:00:00+00:00","dateModified":"2026-07-20T07:50:52+00:00","description":"Puchar \u015awiata w skokach narciarskich 2026\/2027 \u2013 SnowTrex przedstawia wszystkie terminy zawod\u00f3w Pucharu \u015awiata FIS w skokach narciarskich w sezonie 2026\/2027","inLanguage":"pl-PL"},{"@type":"ImageObject","inLanguage":"pl-PL","@id":"https:\/\/www.snowtrex.pl\/magazyn\/eventy\/puchar-swiata-w-skokach-narciarskich\/#primaryimage","url":"https:\/\/www.snowtrex.pl\/magazyn\/files\/2019\/05\/RS27160_shutterstock_775014859-scr.jpg","contentUrl":"https:\/\/www.snowtrex.pl\/magazyn\/files\/2019\/05\/RS27160_shutterstock_775014859-scr.jpg","width":1440,"height":960},{"@type":"WebSite","@id":"https:\/\/www.snowtrex.pl\/magazyn\/#website","url":"https:\/\/www.snowtrex.pl\/magazyn\/","name":"SnowTrex magazyn narciarski","description":"wszystko na temat narciarstwa, snowboardu i urlopu zimowego!","publisher":{"@id":"https:\/\/www.snowtrex.pl\/magazyn\/#organization"},"inLanguage":"pl-PL"},{"@type":"Organization","@id":"https:\/\/www.snowtrex.pl\/magazyn\/#organization","name":"TravelTrex GmbH","url":"https:\/\/www.snowtrex.pl\/magazyn\/","logo":{"@type":"ImageObject","inLanguage":"pl-PL","@id":"https:\/\/www.snowtrex.pl\/magazyn\/#\/schema\/logo\/image\/","url":"","contentUrl":"","caption":"TravelTrex GmbH"},"image":{"@id":"https:\/\/www.snowtrex.pl\/magazyn\/#\/schema\/logo\/image\/"},"sameAs":["https:\/\/www.facebook.com\/SnowTrex.de\/","https:\/\/www.instagram.com\/snowtrex_ski\/"],"description":"Od 1999 roku SnowTrex jest wiod\u0105cym niemieckim organizatorem wyjazd\u00f3w narciarskich. Firma oferuje swoje us\u0142ugi w 13 j\u0119zykach i co roku zabiera ponad 100 000 go\u015bci do popularnych miejsc, takich jak Austria, Francja, W\u0142ochy, Szwajcaria i Niemcy.","email":"info-pl@snowtrex.com","telephone":"22 380 39 00","legalName":"TravelTrex GmbH","foundingDate":"1999-07-01","vatID":"DE 813 076 768","numberOfEmployees":{"@type":"QuantitativeValue","minValue":"51","maxValue":"200"}},{"@type":"Person","@id":"https:\/\/www.snowtrex.pl\/magazyn\/#\/schema\/person\/8e389f383d57ca71d928d1ce1eebb566","name":"SnowTrex","description":"Redakcja magazynu SnowTrex sk\u0142ada si\u0119 z do\u015bwiadczonych mi\u0142o\u015bnik\u00f3w sport\u00f3w zimowych i ekspert\u00f3w turystycznych, kt\u00f3rzy dziel\u0105 si\u0119 swoj\u0105 pasj\u0105 w merytorycznych artyku\u0142ach na temat o\u015brodk\u00f3w narciarskich, sprz\u0119tu i wskaz\u00f3wek dotycz\u0105cych podr\u00f3\u017cy. Od 1999 roku SnowTrex jest wiod\u0105cym niemieckim organizatorem wyjazd\u00f3w narciarskich. Firma oferuje swoje us\u0142ugi w 13 j\u0119zykach i co roku zabiera ponad 100 000 go\u015bci do popularnych miejsc, takich jak Austria, Francja, W\u0142ochy, Szwajcaria i Niemcy.","sameAs":["https:\/\/www.snowtrex.pl\/","https:\/\/www.facebook.com\/snowtrex\/","https:\/\/www.instagram.com\/snowtrex_ski\/","https:\/\/www.youtube.com\/c\/SnowTrex"]}]}},"wp-worthy-pixel":{"ignored":false,"public":null,"server":null,"url":null},"wp-worthy-type":"normal","_links":{"self":[{"href":"https:\/\/www.snowtrex.pl\/magazyn\/wp-json\/wp\/v2\/posts\/50535","targetHints":{"allow":["GET"]}}],"collection":[{"href":"https:\/\/www.snowtrex.pl\/magazyn\/wp-json\/wp\/v2\/posts"}],"about":[{"href":"https:\/\/www.snowtrex.pl\/magazyn\/wp-json\/wp\/v2\/types\/post"}],"author":[{"embeddable":true,"href":"https:\/\/www.snowtrex.pl\/magazyn\/wp-json\/wp\/v2\/users\/175"}],"replies":[{"embeddable":true,"href":"https:\/\/www.snowtrex.pl\/magazyn\/wp-json\/wp\/v2\/comments?post=50535"}],"version-history":[{"count":23,"href":"https:\/\/www.snowtrex.pl\/magazyn\/wp-json\/wp\/v2\/posts\/50535\/revisions"}],"predecessor-version":[{"id":64900,"href":"https:\/\/www.snowtrex.pl\/magazyn\/wp-json\/wp\/v2\/posts\/50535\/revisions\/64900"}],"wp:featuredmedia":[{"embeddable":true,"href":"https:\/\/www.snowtrex.pl\/magazyn\/wp-json\/wp\/v2\/media\/55374"}],"wp:attachment":[{"href":"https:\/\/www.snowtrex.pl\/magazyn\/wp-json\/wp\/v2\/media?parent=50535"}],"wp:term":[{"taxonomy":"category","embeddable":true,"href":"https:\/\/www.snowtrex.pl\/magazyn\/wp-json\/wp\/v2\/categories?post=50535"},{"taxonomy":"post_tag","embeddable":true,"href":"https:\/\/www.snowtrex.pl\/magazyn\/wp-json\/wp\/v2\/tags?post=50535"}],"curies":[{"name":"wp","href":"https:\/\/api.w.org\/{rel}","templated":true}]}}